{"id":21477,"date":"2022-10-01T09:40:59","date_gmt":"2022-10-01T12:40:59","guid":{"rendered":"https:\/\/grandepremio.com\/es\/2022\/10\/01\/red-bull-rivales-criticas-techo-gastos\/"},"modified":"2022-10-01T09:58:59","modified_gmt":"2022-10-01T12:58:59","slug":"red-bull-rivales-criticas-techo-gastos","status":"publish","type":"post","link":"https:\/\/grandepremio.com\/es\/f1\/red-bull-rivales-criticas-techo-gastos\/","title":{"rendered":"Red Bull sube el tono contra rivales tras cr\u00edticas por techo de gastos: &#8220;Difaman a la F1&#8221;"},"content":{"rendered":"\n<p class=\"wp-block-paragraph\">El jefe del equipo Red Bull, <strong>Christian Horner<\/strong>, se ha mostrado molesto por las recientes declaraciones de <strong>Toto Wolff<\/strong>, de Mercedes, y <strong>Mattia Binotto<\/strong>, de Ferrari, sobre la posible violaci\u00f3n del techo de gastos por parte del equipo taurino, que se convirti\u00f3 en tema el pasado viernes antes de los entrenamientos libres del <a href=\"https:\/\/grandepremio.com\/es\/\/categoria\/f1\/\" target=\"_blank\" rel=\"noreferrer noopener\">GP de Singapur<\/a>.<\/p>\n\n\n\n<p class=\"wp-block-paragraph\">Seg\u00fan informaci\u00f3n de la revista alemana <em>Auto Motor und Sport<\/em>, la <strong>FIA<\/strong> investiga la posibilidad de que <strong>Red Bull<\/strong> y <strong>Aston Martin<\/strong> hayan superado el l\u00edmite de US$ 145 millones durante la temporada 2021, que marc\u00f3 el t\u00edtulo de <strong>Max Verstappen<\/strong>. Mientras <strong>Mattia Binotto<\/strong> ped\u00eda la pena m\u00e1xima, <strong>Toto Wolff<\/strong> insinuaba que el equipo de Milton Keynes hab\u00eda superado con creces el l\u00edmite.<\/p>\n\n\n\n<p class=\"wp-block-paragraph\">\u201cA menos que retiren estas declaraciones, nos lo tomaremos en serio y veremos qu\u00e9 opciones tenemos disponibles. Es absolutamente inaceptable hacer comentarios como los que hicieron ayer que son totalmente difamatorios para el equipo, para las marcas e incluso para la <strong>F\u00f3rmula 1<\/strong>\u201d, coment\u00f3 <strong>Horner<\/strong> en una entrevista con varios periodistas este s\u00e1bado por la ma\u00f1ana, lamentando las acusaciones.<\/p>\n\n\n\n<p class=\"wp-block-paragraph\"><strong><strong>\u00a1Conoce el canal de Grande Pr\u00eamio en Espa\u00f1ol en\u00a0<a href=\"https:\/\/www.youtube.com\/channel\/UCDxWojGVUi9gWYhrY0pGbIQ\" target=\"_blank\" rel=\"noreferrer noopener\">YouTube<\/a>!<br>\u00a1Sigue a\u00a0Grande Pr\u00eamio en Espa\u00f1ol\u00a0en\u00a0<a href=\"https:\/\/twitter.com\/grandepremioES\" target=\"_blank\" rel=\"noreferrer noopener\">Twitter\u00a0<\/a>y en\u00a0<a href=\"https:\/\/www.instagram.com\/grandepremioes\/\" target=\"_blank\" rel=\"noreferrer noopener\">Instagram<\/a>!<\/strong><\/strong><\/p>\n\n\n\n<figure class=\"wp-block-image size-large\"><img decoding=\"async\" src=\"https:\/\/www.grandepremio.com\/br\/wp-content\/uploads\/2022\/09\/redbull-maxverstappen-03-11-1024x576.jpg\" alt=\"\" class=\"wp-image-618992\"\/><figcaption>Red Bull est\u00e1 en el centro de la pol\u00e9mica del techo (Foto: Red Bull Content Pool)<\/figcaption><\/figure>\n\n\n\n<p class=\"wp-block-paragraph\">El l\u00edmite presupuestario se introdujo en la <strong>F1<\/strong> el a\u00f1o pasado y se fij\u00f3 inicialmente en 145 millones de d\u00f3lares. Para 2022, la entidad opt\u00f3 por reducirlo en US$ 5 millones, pero permiti\u00f3 un aumento de 3,1% con el campeonato en marcha por correcci\u00f3n inflacionaria. Aun as\u00ed, los equipos de la parrilla, especialmente los punteros (<strong>Red Bull<\/strong>, <strong>Mercedes<\/strong> y <strong>Ferrari<\/strong>), ya han realizado varias denuncias p\u00fablicas sobre c\u00f3mo el l\u00edmite de gasto compromete el trabajo de desarrollo del coche.<\/p>\n\n\n\n<p class=\"wp-block-paragraph\">\u201cEs un intercambio privado entre el equipo y la <strong>FIA<\/strong>. Entonces, \u00bfc\u00f3mo diablos alg\u00fan equipo sabr\u00eda los detalles? \u00bfC\u00f3mo diablos sabe un equipo si el otro viol\u00f3 algo o no? Ni siquiera sabemos si lo violamos. No lo sabremos hasta la pr\u00f3xima semana hasta que se complete el proceso&#8221;, sigui\u00f3.<\/p>\n\n\n\n<p class=\"wp-block-paragraph\"><strong>Christian<\/strong> tambi\u00e9n insinu\u00f3 que las declaraciones de los rivales est\u00e1n destinadas a distraer la atenci\u00f3n de <strong>Max Verstappen<\/strong>. El holand\u00e9s podr\u00eda lograr el t\u00edtulo mundial de 2022 con cinco carreras para el final en el <strong>GP de Singapur<\/strong>. El presidente tambi\u00e9n habl\u00f3 del \u201ctecho de cristal\u201d de los rivales por acusarle del l\u00edmite presupuestario.<\/p>\n\n\n\n<p class=\"wp-block-paragraph\">\u201cTal vez cuando se hagan las acusaciones, la gente con techos de cristal no deber\u00eda tirar piedras. Y nos tomamos en serio las declaraciones que se han hecho. Es una coincidencia que <strong>Max<\/strong> tenga su primera oportunidad por el t\u00edtulo mundial, y aqu\u00ed estamos hablando de un l\u00edmite de gastos en lugar del desempe\u00f1o fenomenal que ha tenido este a\u00f1o&#8221;, afirm\u00f3.<\/p>\n\n\n\n<p class=\"wp-block-paragraph\">La <strong>FIA<\/strong> se expres\u00f3 sobre el tema ya el pasado viernes. La entidad calific\u00f3 las especulaciones de \u201cinfundadas\u201d. El resultado de la investigaci\u00f3n debe hacerse p\u00fablico el pr\u00f3ximo mi\u00e9rcoles.<\/p>\n\n\n\n<p class=\"wp-block-paragraph\">\u201cLa <strong>FIA<\/strong> actualmente est\u00e1 finalizando la evaluaci\u00f3n de los datos financieros de 2021 presentados por todos los equipos de <strong>F\u00f3rmula 1.<\/strong> Las supuestas violaciones del Reglamento Financiero, si las hubiere, se tratar\u00e1n de acuerdo con el proceso formal establecido en el reglamento. La <strong>FIA<\/strong> toma nota de las especulaciones y conjeturas significativas y sin fundamento en relaci\u00f3n con este asunto y reitera que la evaluaci\u00f3n est\u00e1 en curso y se seguir\u00e1 el debido proceso sin tener en cuenta ninguna discusi\u00f3n externa\u201d, divulg\u00f3 la entidad. <\/p>\n","protected":false},"excerpt":{"rendered":"<p>Christian Horner subi\u00f3 el tono y respondi\u00f3 a los jefes de Ferrari y Mercedes tras los comentarios sobre la violaci\u00f3n del l\u00edmite de gastos. El representante de Red Bull dice que las declaraciones son difamatorias y cree que la controversia intenta minimizar las opciones de t\u00edtulo de Max Verstappen<\/p>\n","protected":false},"author":0,"featured_media":1010087245,"comment_status":"closed","ping_status":"closed","sticky":false,"template":"","format":"standard","meta":{"42wp_featured_image_caption":"","42wp_featured_image_credits":"","42wp_featured_video":"","42wp_featured_image_hidden":false,"42wp_authors_list":[],"footnotes":""},"categories":[5],"tags":[1336,181,1495,185,179,493,2236,3438,2237,2128,439,197,206,491,1524,2092,569],"42wp_author":[14233],"class_list":["post-21477","post","type-post","status-publish","format-standard","has-post-thumbnail","hentry","category-f1","tag-christian-horner","tag-f1","tag-f1-2022","tag-ferrari","tag-formula-1","tag-gp-de-singapur","tag-grande-premio-2","tag-grande-premio-en-espanol","tag-grandepremio","tag-marina-bay","tag-mattia-binotto","tag-mercedes","tag-red-bull","tag-singapur","tag-techo-de-gastos","tag-techo-presupuestario","tag-toto-wolff","42wp_author-eric-calduch"],"_links":{"self":[{"href":"https:\/\/grandepremio.com\/es\/wp-json\/wp\/v2\/posts\/21477","targetHints":{"allow":["GET"]}}],"collection":[{"href":"https:\/\/grandepremio.com\/es\/wp-json\/wp\/v2\/posts"}],"about":[{"href":"https:\/\/grandepremio.com\/es\/wp-json\/wp\/v2\/types\/post"}],"replies":[{"embeddable":true,"href":"https:\/\/grandepremio.com\/es\/wp-json\/wp\/v2\/comments?post=21477"}],"version-history":[{"count":0,"href":"https:\/\/grandepremio.com\/es\/wp-json\/wp\/v2\/posts\/21477\/revisions"}],"wp:featuredmedia":[{"embeddable":true,"href":"https:\/\/grandepremio.com\/es\/wp-json\/wp\/v2\/media\/1010087245"}],"wp:attachment":[{"href":"https:\/\/grandepremio.com\/es\/wp-json\/wp\/v2\/media?parent=21477"}],"wp:term":[{"taxonomy":"category","embeddable":true,"href":"https:\/\/grandepremio.com\/es\/wp-json\/wp\/v2\/categories?post=21477"},{"taxonomy":"post_tag","embeddable":true,"href":"https:\/\/grandepremio.com\/es\/wp-json\/wp\/v2\/tags?post=21477"},{"taxonomy":"42wp_author","embeddable":true,"href":"https:\/\/grandepremio.com\/es\/wp-json\/wp\/v2\/42wp_author?post=21477"}],"curies":[{"name":"wp","href":"https:\/\/api.w.org\/{rel}","templated":true}]}}