{"id":21490,"date":"2022-09-30T13:30:58","date_gmt":"2022-09-30T16:30:58","guid":{"rendered":"https:\/\/grandepremio.com\/es\/2022\/09\/30\/serio-perez-cambios-puesta-a-punto-malos-fp2\/"},"modified":"2022-09-30T13:31:00","modified_gmt":"2022-09-30T16:31:00","slug":"serio-perez-cambios-puesta-a-punto-malos-fp2","status":"publish","type":"post","link":"https:\/\/grandepremio.com\/es\/f1\/serio-perez-cambios-puesta-a-punto-malos-fp2\/","title":{"rendered":"P\u00e9rez culpa a los &#8220;cambios de puesta a punto&#8221; de los malos FP2: &#8220;Perd\u00ed tiempo de pista&#8221;"},"content":{"rendered":"\n<p class=\"wp-block-paragraph\">Al igual que su compa\u00f1ero de equipo <strong>Max Verstappen<\/strong>, <strong>Sergio P\u00e9rez<\/strong> disfrut\u00f3 m\u00e1s del rendimiento de <strong>Red Bull<\/strong> en los <a href=\"https:\/\/grandepremio.com\/es\/\/f1\/lewis-hamilton-primer-entrenamiento-singapur-formula-1\/\">libres 1<\/a> que en los <a href=\"https:\/\/grandepremio.com\/es\/\/f1\/carlos-sainz-segundo-entrenamiento-singapur-formula-1\/\">FP2<\/a> en <strong>Singapur<\/strong> tras los cambios en el coche. Este viernes, el mexicano termin\u00f3 la primera sesi\u00f3n en el cuarto lugar, mientras que termin\u00f3 las actividades del d\u00eda s\u00f3lo en el noveno.<\/p>\n\n\n\n<p class=\"wp-block-paragraph\"><strong><strong><strong>\u00a1Conoce el canal de Grande Pr\u00eamio en Espa\u00f1ol en\u00a0<a href=\"https:\/\/www.youtube.com\/channel\/UCDxWojGVUi9gWYhrY0pGbIQ\" target=\"_blank\" rel=\"noreferrer noopener\">YouTube<\/a>!<br>\u00a1Sigue a\u00a0Grande Pr\u00eamio en Espa\u00f1ol\u00a0en\u00a0<a href=\"https:\/\/twitter.com\/grandepremioES\" target=\"_blank\" rel=\"noreferrer noopener\">Twitter\u00a0<\/a>y en\u00a0<a href=\"https:\/\/www.instagram.com\/grandepremioes\/\" target=\"_blank\" rel=\"noreferrer noopener\">Instagram<\/a>!<\/strong><\/strong><\/strong><\/p>\n\n\n\n<p class=\"wp-block-paragraph\">Con s\u00f3lo 12 vueltas completadas en los segundos entrenamientos, &#8216;Checo&#8217; dijo que se sinti\u00f3 &#8220;m\u00e1s c\u00f3modo&#8221; con el <strong>RB18<\/strong> por la tarde en <strong>Marina Bay<\/strong>, lo que consecuentemente hizo que el piloto mexicano tuviera un mejor rendimiento.<\/p>\n\n\n\n<p class=\"wp-block-paragraph\">&#8220;En primer lugar, he perdido un poco de tiempo en pista en los FP2. Tuvimos algunos problemas con el motor y la conducci\u00f3n. As\u00ed que hicimos muchos cambios de configuraci\u00f3n. Tenemos que analizar mucha informaci\u00f3n esta noche, recoger las mejores piezas para ma\u00f1ana y ajustar, intentar hacerlo lo mejor posible con lo que tenemos&#8221;, justific\u00f3 P\u00e9rez.<\/p>\n\n\n\n<figure class=\"wp-block-image size-large\"><img decoding=\"async\" src=\"https:\/\/www.grandepremio.com\/br\/wp-content\/uploads\/2022\/09\/redbull-sergioperez-02-9-1024x683.jpg\" alt=\"\" class=\"wp-image-618754\"\/><figcaption>Sergio P\u00e9rez habl\u00f3 de los cambios en el RB18 y reconoci\u00f3 el buen rendimiento de Ferrari y Mercedes (Foto: Red Bull Content Pool)<\/figcaption><\/figure>\n\n\n\n<p class=\"wp-block-paragraph\">En una pista que requiere m\u00e1s carga aerodin\u00e1mica, Red Bull est\u00e1 en cierta desventaja en comparaci\u00f3n con <strong>Ferrari<\/strong> y <strong>Mercedes<\/strong>. Mientras que el RB18 es fuerte en velocidad en l\u00ednea recta, el <strong>F1-75<\/strong> y el <strong>W13<\/strong> se comportan bien en el medio del trazado.<\/p>\n\n\n\n<p class=\"wp-block-paragraph\">Tras los FP2, P\u00e9rez reconoci\u00f3 tal contexto y admiti\u00f3 que, internamente, el equipo de de los energ\u00e9ticos ya esperaba dificultades en este sentido en Singapur. &#8220;Sab\u00edamos que ser\u00edan fuertes, especialmente Ferrari. Vamos a ver qu\u00e9 podemos hacer para ma\u00f1ana&#8221;, finaliz\u00f3 &#8216;Checo&#8217;.<\/p>\n\n\n\n<p class=\"wp-block-paragraph\">GRANDE PR\u00caMIO sigue todas las actividades del GP de Singapur de F\u00f3rmula 1. El s\u00e1bado, los Libres 3 est\u00e1n programados para las 18:00 horas [local, GMT+8], mientras que la clasificaci\u00f3n comienza a las 21:00 horas.<\/p>\n","protected":false},"excerpt":{"rendered":"<p>Sergio P\u00e9rez dijo que demasiados cambios en la puesta a punto del RB18 entre una sesi\u00f3n y otra hab\u00edan perjudicado su rendimiento el viernes en Marina Bay.<\/p>\n","protected":false},"author":0,"featured_media":1010087168,"comment_status":"closed","ping_status":"closed","sticky":false,"template":"","format":"standard","meta":{"42wp_featured_image_caption":"","42wp_featured_image_credits":"","42wp_featured_video":"","42wp_featured_image_hidden":false,"42wp_authors_list":[],"footnotes":""},"categories":[5],"tags":[181,1495,179,2369,493,1488,2237,2128,249,206,294],"42wp_author":[14234],"class_list":["post-21490","post","type-post","status-publish","format-standard","has-post-thumbnail","hentry","category-f1","tag-f1","tag-f1-2022","tag-formula-1","tag-formula-1-hoy","tag-gp-de-singapur","tag-grande-premio","tag-grandepremio","tag-marina-bay","tag-max-verstappen","tag-red-bull","tag-sergio-perez","42wp_author-douglas-rocha"],"_links":{"self":[{"href":"https:\/\/grandepremio.com\/es\/wp-json\/wp\/v2\/posts\/21490","targetHints":{"allow":["GET"]}}],"collection":[{"href":"https:\/\/grandepremio.com\/es\/wp-json\/wp\/v2\/posts"}],"about":[{"href":"https:\/\/grandepremio.com\/es\/wp-json\/wp\/v2\/types\/post"}],"replies":[{"embeddable":true,"href":"https:\/\/grandepremio.com\/es\/wp-json\/wp\/v2\/comments?post=21490"}],"version-history":[{"count":0,"href":"https:\/\/grandepremio.com\/es\/wp-json\/wp\/v2\/posts\/21490\/revisions"}],"wp:featuredmedia":[{"embeddable":true,"href":"https:\/\/grandepremio.com\/es\/wp-json\/wp\/v2\/media\/1010087168"}],"wp:attachment":[{"href":"https:\/\/grandepremio.com\/es\/wp-json\/wp\/v2\/media?parent=21490"}],"wp:term":[{"taxonomy":"category","embeddable":true,"href":"https:\/\/grandepremio.com\/es\/wp-json\/wp\/v2\/categories?post=21490"},{"taxonomy":"post_tag","embeddable":true,"href":"https:\/\/grandepremio.com\/es\/wp-json\/wp\/v2\/tags?post=21490"},{"taxonomy":"42wp_author","embeddable":true,"href":"https:\/\/grandepremio.com\/es\/wp-json\/wp\/v2\/42wp_author?post=21490"}],"curies":[{"name":"wp","href":"https:\/\/api.w.org\/{rel}","templated":true}]}}