{"id":21507,"date":"2022-09-29T11:28:11","date_gmt":"2022-09-29T14:28:11","guid":{"rendered":"https:\/\/grandepremio.com\/es\/2022\/09\/29\/pierre-gasly-futuro-f1-dos-tres-semanas\/"},"modified":"2022-09-29T11:34:33","modified_gmt":"2022-09-29T14:34:33","slug":"pierre-gasly-futuro-f1-dos-tres-semanas","status":"publish","type":"post","link":"https:\/\/grandepremio.com\/es\/f1\/pierre-gasly-futuro-f1-dos-tres-semanas\/","title":{"rendered":"Gasly confirma &#8220;conversaciones&#8221; y dice que su futuro se definir\u00e1 &#8220;en dos o tres semanas&#8221;"},"content":{"rendered":"\n<p class=\"wp-block-paragraph\"><strong>Pierre Gasly<\/strong> es actualmente el caso m\u00e1s peculiar de la F\u00f3rmula 1 en cuanto al futuro, ya que el piloto tiene un contrato garantizado con <strong>AlphaTauri<\/strong> por una temporada m\u00e1s, pero es el favorito para ocupar el lugar de <strong>Fernando Alonso<\/strong> en <strong>Alpine<\/strong>. Y esta incertidumbre fue cuestionada por la prensa durante la conferencia de prensa de este jueves, en <strong>Singapur<\/strong>, pero el franc\u00e9s dijo que s\u00f3lo deber\u00eda tener una respuesta sobre d\u00f3nde correr\u00e1 a mediados de octubre.<\/p>\n\n\n\n<p class=\"wp-block-paragraph\">Hace tiempo que se especula con la posibilidad de que Gasly sea el compa\u00f1ero de <strong>Esteban Ocon<\/strong>, pero el asesor de <strong>Red Bull<\/strong>, <strong>Helmut Marko<\/strong>, descart\u00f3 la posibilidad en un primer momento, asegurando que el contrato del franc\u00e9s no conten\u00eda una cl\u00e1usula de liberaci\u00f3n al final de este a\u00f1o. Sin embargo, el equipo de Faenza empez\u00f3 a considerar la posibilidad de encontrar un sustituto adecuado.<\/p>\n\n\n\n<p class=\"wp-block-paragraph\"><strong><strong><strong>\u00a1Conoce el canal de Grande Pr\u00eamio en Espa\u00f1ol en\u00a0<a href=\"https:\/\/www.youtube.com\/channel\/UCDxWojGVUi9gWYhrY0pGbIQ\" target=\"_blank\" rel=\"noreferrer noopener\">YouTube<\/a>!<br>\u00a1Sigue a\u00a0Grande Pr\u00eamio en Espa\u00f1ol\u00a0en\u00a0<a href=\"https:\/\/twitter.com\/grandepremioES\" target=\"_blank\" rel=\"noreferrer noopener\">Twitter\u00a0<\/a>y en\u00a0<a href=\"https:\/\/www.instagram.com\/grandepremioes\/\" target=\"_blank\" rel=\"noreferrer noopener\">Instagram<\/a>!<\/strong><\/strong><\/strong><\/p>\n\n\n\n<figure class=\"wp-block-image size-large\"><img decoding=\"async\" src=\"https:\/\/www.grandepremio.com\/br\/wp-content\/uploads\/2022\/06\/alphatauri-pierregasly-01-5-1024x683.jpg\" alt=\"\" class=\"wp-image-585778\"\/><figcaption>Pierre Gasly podr\u00eda sustituir a Alonso en Alpine, pero su futuro a\u00fan no est\u00e1 decidido (Foto: AlphaTauri)<\/figcaption><\/figure>\n\n\n\n<p class=\"wp-block-paragraph\">El primer nombre en la lista de <strong>AlphaTauri<\/strong> era <strong>Colton Herta<\/strong>, pero el piloto estadounidense de la <strong>IndyCar<\/strong> vio denegada su solicitud de superlicencia por la <strong>FIA<\/strong> (Federaci\u00f3n Internacional del Autom\u00f3vil), lo que dej\u00f3 m\u00e1s lejana la salida de Gasly para Alpine. Sin embargo, se baraja otro piloto para ocupar el lugar del franc\u00e9s: <strong>Nyck de Vries<\/strong>. Sin embargo, AlphaTauri a\u00fan no ha decidido si dar\u00e1 una oportunidad al holand\u00e9s y renunciar\u00e1 a Pierre.<\/p>\n\n\n\n<p class=\"wp-block-paragraph\">&#8220;Como todo el mundo sabe, hay conversaciones y discusiones en curso&#8221;, dijo Gasly en Singapur. &#8220;Pero por mi parte, espero tener una respuesta clara sobre mi futuro en las pr\u00f3ximas dos o tres semanas. Hasta ahora no ha cambiado nada, y cuando haya alguna confirmaci\u00f3n sobre mi futuro, estoy seguro de que lo sabr\u00e9is&#8221;, a\u00f1adi\u00f3.<\/p>\n\n\n\n<p class=\"wp-block-paragraph\">En la 11\u00aa posici\u00f3n del <strong>Mundial de Pilotos<\/strong>, con 22 puntos, Gasly ha luchado mucho para ayudar a AlphaTauri a terminar el a\u00f1o por delante de sus rivales directos, <strong>Haas<\/strong> y <strong>Alfa Romeo<\/strong>, aunque este \u00faltimo le lleva 19 puntos de ventaja. No obstante, subray\u00f3 la importancia de obtener al menos el s\u00e9ptimo puesto.<\/p>\n\n\n\n<p class=\"wp-block-paragraph\"><strong>VER TAMBI\u00c9N<br><a href=\"https:\/\/grandepremio.com\/es\/\/f1\/ocon-hamilton-mejor-companero-alonso\/\">Ocon se ve solo atr\u00e1s de Hamilton como mejor compa\u00f1ero de Alonso en F1<\/a><br><a href=\"https:\/\/grandepremio.com\/es\/\/f1\/verstappen-niega-prisa-ganar-f1-2022\/\">Verstappen niega tener prisa por ganar F1 2022 y pide un \u00abfin de semana positivo\u00bb<\/a><\/strong><\/p>\n\n\n\n<p class=\"wp-block-paragraph\">&#8220;Creo que es importante mantenerse positivo y seguir siendo constructivo hasta el final del a\u00f1o. Obviamente, para algunos es insignificante luchar por el s\u00e9ptimo puesto en el Mundial de Constructores, pero significa mucho dinero para el a\u00f1o que viene&#8221;, subray\u00f3.<\/p>\n\n\n\n<p class=\"wp-block-paragraph\">&#8220;Ese es claramente el objetivo, alcanzar a Haas y a Alfa [Romeo]: 19 puntos. Teniendo en cuenta que s\u00f3lo hemos marcado 33 en 16 carreras, es pedir mucho, pero nada es imposible, como vimos el a\u00f1o pasado. S\u00f3lo necesitamos un resultado muy fuerte, y entonces ser\u00e1 posible. Definitivamente tenemos que alcanzar a Haas, y luego veremos en Abu Dhabi por qu\u00e9 estamos luchando&#8221;, concluy\u00f3 Gasly.<\/p>\n","protected":false},"excerpt":{"rendered":"<p>Pierre Gasly est\u00e1 en el punto de mira de Alpine para 2023, pero depende de la liberaci\u00f3n de AlphaTauri para que su futuro est\u00e9 ligado al equipo franc\u00e9s. Cree que tendr\u00e1 una definici\u00f3n a mediados de octubre.<\/p>\n","protected":false},"author":0,"featured_media":1010086929,"comment_status":"closed","ping_status":"closed","sticky":false,"template":"","format":"standard","meta":{"42wp_featured_image_caption":"","42wp_featured_image_credits":"","42wp_featured_video":"","42wp_featured_image_hidden":false,"42wp_authors_list":[],"footnotes":""},"categories":[5],"tags":[508,736,362,181,1495,179,493,1488,2237,2128,427,368],"42wp_author":[14234],"class_list":["post-21507","post","type-post","status-publish","format-standard","has-post-thumbnail","hentry","category-f1","tag-alphatauri","tag-colton-herta","tag-esteban-ocon","tag-f1","tag-f1-2022","tag-formula-1","tag-gp-de-singapur","tag-grande-premio","tag-grandepremio","tag-marina-bay","tag-pierre-gasly","tag-yuki-tsunoda","42wp_author-douglas-rocha"],"_links":{"self":[{"href":"https:\/\/grandepremio.com\/es\/wp-json\/wp\/v2\/posts\/21507","targetHints":{"allow":["GET"]}}],"collection":[{"href":"https:\/\/grandepremio.com\/es\/wp-json\/wp\/v2\/posts"}],"about":[{"href":"https:\/\/grandepremio.com\/es\/wp-json\/wp\/v2\/types\/post"}],"replies":[{"embeddable":true,"href":"https:\/\/grandepremio.com\/es\/wp-json\/wp\/v2\/comments?post=21507"}],"version-history":[{"count":0,"href":"https:\/\/grandepremio.com\/es\/wp-json\/wp\/v2\/posts\/21507\/revisions"}],"wp:featuredmedia":[{"embeddable":true,"href":"https:\/\/grandepremio.com\/es\/wp-json\/wp\/v2\/media\/1010086929"}],"wp:attachment":[{"href":"https:\/\/grandepremio.com\/es\/wp-json\/wp\/v2\/media?parent=21507"}],"wp:term":[{"taxonomy":"category","embeddable":true,"href":"https:\/\/grandepremio.com\/es\/wp-json\/wp\/v2\/categories?post=21507"},{"taxonomy":"post_tag","embeddable":true,"href":"https:\/\/grandepremio.com\/es\/wp-json\/wp\/v2\/tags?post=21507"},{"taxonomy":"42wp_author","embeddable":true,"href":"https:\/\/grandepremio.com\/es\/wp-json\/wp\/v2\/42wp_author?post=21507"}],"curies":[{"name":"wp","href":"https:\/\/api.w.org\/{rel}","templated":true}]}}