{"id":21545,"date":"2022-09-25T04:00:00","date_gmt":"2022-09-25T07:00:00","guid":{"rendered":"https:\/\/grandepremio.com\/es\/2022\/09\/25\/lewis-hamilton-dificultades-mercedes-2022-animan\/"},"modified":"2022-09-25T12:17:05","modified_gmt":"2022-09-25T15:17:05","slug":"lewis-hamilton-dificultades-mercedes-2022-animan","status":"publish","type":"post","link":"https:\/\/grandepremio.com\/es\/f1\/lewis-hamilton-dificultades-mercedes-2022-animan\/","title":{"rendered":"Hamilton revela que dificultades de Mercedes en 2022 le &#8220;animan&#8221; a seguir en la F\u00f3rmula 1"},"content":{"rendered":"\n<p class=\"wp-block-paragraph\">Los aficionados a la F\u00f3rmula 1 pueden estar tranquilos: Lewis Hamilton no tiene intenci\u00f3n de retirarse tan pronto, ni siquiera con las dificultades a las que se enfrenta Mercedes este a\u00f1o. A sus 37 a\u00f1os, el brit\u00e1nico atraviesa uno de los a\u00f1os m\u00e1s complicados de su carrera, el primero sin una victoria, y s\u00f3lo ocupa la sexta posici\u00f3n en el Mundial de Pilotos. Sin embargo, el heptacampe\u00f3n revel\u00f3 que los retos a los que se enfrent\u00f3 el equipo alem\u00e1n en 2022 no hicieron sino motivarle a\u00fan m\u00e1s. De esa manera, no ve motivos para dejar la categor\u00eda en un futuro pr\u00f3ximo.<\/p>\n\n\n\n<p class=\"wp-block-paragraph\">&#8220;Definitivamente, porque llevar\u00e1 m\u00e1s de un a\u00f1o&#8221;, explic\u00f3 Hamilton en una entrevista con la revista americana Racer. &#8220;Creo que si hubi\u00e9ramos ganado el a\u00f1o pasado y de nuevo este a\u00f1o, definitivamente la vida ser\u00eda diferente y estar\u00eda en un curso diferente. Me encanta que haya pasado por una \u00e9poca a\u00fan m\u00e1s dura y que hayamos tenido que superar un trabajo pesado y llegar al punto en el que ahora somos un poco m\u00e1s ligeros. As\u00ed que s\u00ed, dir\u00eda que eso me anima a quedarme m\u00e1s tiempo&#8221;, revel\u00f3 el brit\u00e1nico.<\/p>\n\n\n\n<p class=\"wp-block-paragraph\">&#8220;Adem\u00e1s, me siento en forma, encuentro maneras de sentirme mejor f\u00edsicamente. El desaf\u00edo mental es algo constante y siempre ser\u00e1 as\u00ed, porque as\u00ed es para nosotros los atletas, ya que estamos al l\u00edmite. Pero ahora, donde estoy en la vida, estoy muy agradecido por la oportunidad que tengo aqu\u00ed. Me gusta pensar que todav\u00eda merezco un lugar aqu\u00ed y que hay mucho trabajo por hacer&#8221;, subray\u00f3 Lewis.<\/p>\n\n\n\n<p class=\"wp-block-paragraph\"><strong><strong><strong>\u00a1Conoce el canal de Grande Pr\u00eamio en Espa\u00f1ol en\u00a0<a href=\"https:\/\/www.youtube.com\/channel\/UCDxWojGVUi9gWYhrY0pGbIQ\" target=\"_blank\" rel=\"noreferrer noopener\">YouTube<\/a>!<br>\u00a1Sigue a\u00a0Grande Pr\u00eamio en Espa\u00f1ol\u00a0en\u00a0<a href=\"https:\/\/twitter.com\/grandepremioES\" target=\"_blank\" rel=\"noreferrer noopener\">Twitter\u00a0<\/a>y en\u00a0<a href=\"https:\/\/www.instagram.com\/grandepremioes\/\" target=\"_blank\" rel=\"noreferrer noopener\">Instagram<\/a>!<\/strong><\/strong><\/strong><\/p>\n\n\n\n<figure class=\"wp-block-image size-full\"><img decoding=\"async\" src=\"https:\/\/www.grandepremio.com\/br\/wp-content\/uploads\/2019\/11\/20191151045538_EIi7Y6cWsAAB2Tl_DMa.jpg\" alt=\"\" class=\"wp-image-185811\"\/><figcaption>Lewis Hamilton se inspira en Tom Brady (Foto: Reproducci\u00f3n)<\/figcaption><\/figure>\n\n\n\n<p class=\"wp-block-paragraph\">Con <a href=\"https:\/\/grandepremio.com\/es\/\/f1\/vettel-dejar-formula-1-retirada-2022-1\/\">la retirada de Sebastian Vettel a finales de 2022<\/a>, Hamilton se convertir\u00e1 en el segundo piloto m\u00e1s veterano de la F\u00f3rmula 1, por detr\u00e1s de Fernando Alonso. El siete veces campe\u00f3n revel\u00f3 que se inspira en otros grandes deportistas que han seguido brillando sin sentir el peso del tiempo, como el quarterback Tom Brady y los tenistas Serena Williams y Roger Federer.<\/p>\n\n\n\n<p class=\"wp-block-paragraph\">&#8220;La gente como Tom. Estuve en la Super Bowl y le vi con la cabeza entre las manos mientras perd\u00edan, y luego recuper\u00e1ndose con una fuerza mental incre\u00edble. Adem\u00e1s, es un atleta veterano y est\u00e1 dando guerra ahora. Sigo pensando: &#8216;\u00a1Quiero lo que te llevas!&#8217;. As\u00ed que hay mucho que aprender de todos&#8221;, afirm\u00f3 el brit\u00e1nico.<\/p>\n\n\n\n<p class=\"wp-block-paragraph\">&#8220;Lo mismo que Serena (Williams), (Roger) Federer, incluso Lebron (James): hay muchos atletas incre\u00edbles que est\u00e1n haciendo grandes cosas. Y para poder formar parte de ese grupo, siempre tuve la esperanza de que alg\u00fan d\u00eda pudi\u00e9ramos relacionarnos, as\u00ed que es muy surrealista sentarse con Tom y que nos hablemos en una situaci\u00f3n similar. Es muy, muy, muy surrealista, muy guay&#8221;, termin\u00f3 el piloto de Mercedes.<\/p>\n\n\n\n<p class=\"wp-block-paragraph\">Hamilton vuelve a la pista el 2 de octubre en el GP de Singapur. La F\u00f3rmula 1 regresar\u00e1 para su 17\u00aa prueba de la temporada 2022.<\/p>\n","protected":false},"excerpt":{"rendered":"<p>A sus 37 a\u00f1os, Lewis Hamilton asegur\u00f3 que no piensa en retirarse pronto, ni siquiera con las dificultades actuales, ya que quiere volver a luchar por los t\u00edtulos y dijo que se inspira en otros grandes deportistas como Serena Williams, Tom Brady y Roger Federer.<\/p>\n","protected":false},"author":0,"featured_media":1010085638,"comment_status":"closed","ping_status":"closed","sticky":false,"template":"","format":"standard","meta":{"42wp_featured_image_caption":"","42wp_featured_image_credits":"","42wp_featured_video":"","42wp_featured_image_hidden":false,"42wp_authors_list":[],"footnotes":""},"categories":[5],"tags":[181,1495,179,493,2236,2237,3417,199,197,3415,208,3416,2666],"42wp_author":[14234],"class_list":["post-21545","post","type-post","status-publish","format-standard","has-post-thumbnail","hentry","category-f1","tag-f1","tag-f1-2022","tag-formula-1","tag-gp-de-singapur","tag-grande-premio-2","tag-grandepremio","tag-lebron-james","tag-lewis-hamilton","tag-mercedes","tag-roger-federer","tag-sebastian-vettel","tag-serena-williams","tag-tom-brady","42wp_author-douglas-rocha"],"_links":{"self":[{"href":"https:\/\/grandepremio.com\/es\/wp-json\/wp\/v2\/posts\/21545","targetHints":{"allow":["GET"]}}],"collection":[{"href":"https:\/\/grandepremio.com\/es\/wp-json\/wp\/v2\/posts"}],"about":[{"href":"https:\/\/grandepremio.com\/es\/wp-json\/wp\/v2\/types\/post"}],"replies":[{"embeddable":true,"href":"https:\/\/grandepremio.com\/es\/wp-json\/wp\/v2\/comments?post=21545"}],"version-history":[{"count":0,"href":"https:\/\/grandepremio.com\/es\/wp-json\/wp\/v2\/posts\/21545\/revisions"}],"wp:featuredmedia":[{"embeddable":true,"href":"https:\/\/grandepremio.com\/es\/wp-json\/wp\/v2\/media\/1010085638"}],"wp:attachment":[{"href":"https:\/\/grandepremio.com\/es\/wp-json\/wp\/v2\/media?parent=21545"}],"wp:term":[{"taxonomy":"category","embeddable":true,"href":"https:\/\/grandepremio.com\/es\/wp-json\/wp\/v2\/categories?post=21545"},{"taxonomy":"post_tag","embeddable":true,"href":"https:\/\/grandepremio.com\/es\/wp-json\/wp\/v2\/tags?post=21545"},{"taxonomy":"42wp_author","embeddable":true,"href":"https:\/\/grandepremio.com\/es\/wp-json\/wp\/v2\/42wp_author?post=21545"}],"curies":[{"name":"wp","href":"https:\/\/api.w.org\/{rel}","templated":true}]}}