{"id":21553,"date":"2022-09-24T09:23:06","date_gmt":"2022-09-24T12:23:06","guid":{"rendered":"https:\/\/grandepremio.com\/es\/2022\/09\/24\/marc-marquez-honda-pole-lluvia-japon\/"},"modified":"2022-09-25T08:55:34","modified_gmt":"2022-09-25T11:55:34","slug":"marc-marquez-honda-pole-lluvia-japon","status":"publish","type":"post","link":"https:\/\/grandepremio.com\/es\/motogp\/marc-marquez-honda-pole-lluvia-japon\/","title":{"rendered":"M\u00e1rquez pone fin a sequ\u00eda y mete a Honda en la pole bajo la lluvia en Jap\u00f3n; Quartararo, 9\u00ba"},"content":{"rendered":"\n<p class=\"wp-block-paragraph\">La lucha por la pole position del GP de Jap\u00f3n de MotoGP fue una batalla particular entre Johann Zarco y Marc M\u00e1rquez, que se impuso y se hizo con la pole position y cerr\u00f3 una sequ\u00eda de 1.071 d\u00edas. Tras el caos provocado por la intensa lluvia y varios intercambios de posiciones entre ambos pilotos, el de Cervera ha completado una vuelta r\u00e1pida en 1min55s214 y ha dejado al franc\u00e9s de Pramac a 0s208. Es la primera pole del a\u00f1o de M\u00e1rquez -la 91\u00aa de su carrera- y llega tras su largo alejamiento de la categor\u00eda reina.<\/p>\n\n\n\n<p class=\"wp-block-paragraph\">Con Johann segundo, Brad Binder tuvo buen ritmo al final para cerrar la primera fila para la carrera del domingo. Maverick Vi\u00f1ales y Jorge Mart\u00edn vienen por detr\u00e1s para completar los cinco primeros puestos.<\/p>\n\n\n\n<figure class=\"wp-block-image size-large\"><img decoding=\"async\" src=\"https:\/\/www.grandepremio.com\/br\/wp-content\/uploads\/2022\/09\/https-__repsolmedia.com_repsolmedia_wp-content_uploads_2022_09_JRB5557-scaled-1-1024x682.jpg\" alt=\"\" class=\"wp-image-617040\"\/><figcaption>Marc M\u00e1rquez es poleman en Jap\u00f3n (Foto: Repsol)<\/figcaption><\/figure>\n\n\n\n<p class=\"wp-block-paragraph\"><strong><strong><strong>\u00a1Conoce el canal de Grande Pr\u00eamio en Espa\u00f1ol en&nbsp;<a href=\"https:\/\/www.youtube.com\/channel\/UCDxWojGVUi9gWYhrY0pGbIQ\" target=\"_blank\" rel=\"noreferrer noopener\">YouTube<\/a>!<br>\u00a1Sigue a&nbsp;Grande Pr\u00eamio en Espa\u00f1ol&nbsp;en&nbsp;<a href=\"https:\/\/twitter.com\/grandepremioES\" target=\"_blank\" rel=\"noreferrer noopener\">Twitter&nbsp;<\/a>y en&nbsp;<a href=\"https:\/\/www.instagram.com\/grandepremioes\/\" target=\"_blank\" rel=\"noreferrer noopener\">Instagram<\/a>!<\/strong><\/strong><\/strong><\/p>\n\n\n\n<p class=\"wp-block-paragraph\">Aleix Espargar\u00f3, Jack Miller, Miguel Oliveira, Fabio Quartararo y Luca Marini completaron las diez primeras posiciones. Francesco Bagnaia tuvo problemas durante la sesi\u00f3n de clasificaci\u00f3n y, en consecuencia, termin\u00f3 12\u00ba.<\/p>\n\n\n\n<p class=\"wp-block-paragraph\">El inicio del GP de Jap\u00f3n de MotoGP en Motegi est\u00e1 previsto para este domingo a las 15:00 horas (local, GMT+9). <strong>GRANDE PR\u00caMIO<\/strong> sigue todas las actividades del Mundial de Motociclismo 2022.<\/p>\n\n\n\n<h3 class=\"wp-block-heading\" id=\"h-q1-zarco-lidera-1-2-da-pramac-rumo-ao-q2-em-motegi\">Q1: Zarco lidera el Pramac 1-2 de cara a la Q2 en Motegi<\/h3>\n\n\n\n<p class=\"wp-block-paragraph\">La clasificaci\u00f3n de MotoGP comenz\u00f3 muy tarde en Motegi. La sesi\u00f3n de parrilla de salida del GP de Jap\u00f3n, programada para las 15.05 (hora local), se ha retrasado repetidamente debido a la fuerte tormenta que ha ca\u00eddo en la isla de Honsh\u00fc durante las \u00faltimas fases de la clasificaci\u00f3n de Moto2.<\/p>\n\n\n\n<p class=\"wp-block-paragraph\">La Q2 de la clase intermedia se interrumpi\u00f3 durante m\u00e1s de una hora y media, no s\u00f3lo por el volumen de agua, sino tambi\u00e9n por los rayos y truenos, que acabaron por anular los terceros libres de la clase reina. Cuando el MotoGP deb\u00eda salir a la pista, otro aplazamiento, pero corto.<\/p>\n\n\n\n<figure class=\"wp-block-video\"><video class=\"video-js vjs-big-play-centered\" data-gp-vjs=\"1\" controls src=\"https:\/\/www.grandepremio.com\/br\/wp-content\/uploads\/2022\/09\/motogp-2022-gp-do-japao-q1-.mp4\"><\/video><figcaption>Inicio de la Q1 en MotoGP (Video: MotoGP)<\/figcaption><\/figure>\n\n\n\n<p class=\"wp-block-paragraph\">A las 16.10 horas, la pista estaba despejada, con una fina lluvia que segu\u00eda cayendo sobre la isla y los term\u00f3metros midiendo 23\u00b0C en el ambiente y 22\u00b0C en la pista. La humedad relativa era del 100% y el viento soplaba a 7 km\/h en direcci\u00f3n norte.<\/p>\n\n\n\n<p class=\"wp-block-paragraph\">En la primera ronda de clasificaci\u00f3n participaron Johann Zarco, Franco Morbidelli, Enea Bastianini, Ra\u00fal Fern\u00e1ndez, Takaaki Nakagami, Cal Crutchlow, Darryn Binder, \u00c1lex Rins, Tetsuta Nagashima, Fabio Di Giannantonio, Marco Bezzecchi, \u00c1lex M\u00e1rquez, Takuya Tsuda, Remy Gardner y Jorge Mart\u00edn.<\/p>\n\n\n\n<p class=\"wp-block-paragraph\">Cuando los 15 pilotos han marcado el tiempo, Morbidelli ha aparecido en lo alto de la tabla de tiempos con un tiempo de 1min57s368, 0s476 mejor que Martin. Tercero, Zarco estaba a 0s921 en la l\u00ednea de corte para la siguiente fase de la clasificaci\u00f3n.<\/p>\n\n\n\n<p class=\"wp-block-paragraph\">Todav\u00eda en los primeros minutos de la clasificaci\u00f3n, Nakagami tuvo una ca\u00edda en la curva 14, pero se libr\u00f3 de m\u00e1s problemas. El piloto japon\u00e9s est\u00e1 lesionado, ya que fue operado de la mano a principios de semana tras su accidente con Marc M\u00e1rquez en Arag\u00f3n.<\/p>\n\n\n\n<p class=\"wp-block-paragraph\"><strong>VER TAMBI\u00c9N<br><a href=\"https:\/\/grandepremio.com\/es\/\/motogp\/marc-marquez-motegi-problema-fisico\/\">Marc M\u00e1rquez pide cautela y admite que Motegi \u00abpuede ser problema\u00bb para el f\u00edsico<\/a><br><a href=\"https:\/\/grandepremio.com\/es\/\/motogp\/rins-esperanzas-era-suzuki-podio-2022\/\">Rins mantiene esperanzas para finalizar \u2018era Suzuki\u2019 con podio en 2022<\/a><br><a href=\"https:\/\/grandepremio.com\/es\/\/motogp\/motogp-entrada-india-calendario-futuro\/\">MotoGP encarrila acuerdo para entrada de la India al calendario \u00aben un futuro pr\u00f3ximo\u00bb<\/a><\/strong><\/p>\n\n\n\n<figure class=\"wp-block-video\"><video class=\"video-js vjs-big-play-centered\" data-gp-vjs=\"1\" controls src=\"https:\/\/www.grandepremio.com\/br\/wp-content\/uploads\/2022\/09\/motogp-2022-gp-do-japao-nakagami-queda.mp4\"><\/video><figcaption>Nakagami se cae en la curva 14 durante la Q1 (V\u00eddeo: MotoGP)<\/figcaption><\/figure>\n\n\n\n<p class=\"wp-block-paragraph\">Con 2min56s229, Mart\u00edn se puso en cabeza, 0s925 mejor que Morbidelli, que tambi\u00e9n fue m\u00e1s r\u00e1pido. Ahora era \u00c1lex M\u00e1rquez el tercero, a s\u00f3lo 0s084 de la l\u00ednea de corte de la Q2. Zarco era cuarto, seguido de Di Giannantonio, Fern\u00e1ndez, Bezzecchi y Gardner.<\/p>\n\n\n\n<p class=\"wp-block-paragraph\">Zarco ha hecho entonces 1min56s306 para formar un 1-2 de Pramac con Mart\u00edn, reduciendo el margen de su compa\u00f1ero de equipo a 0s077. Morbidelli cay\u00f3 a la tercera posici\u00f3n, a 0s660 del franc\u00e9s. Bezzecchi ha subido a la cuarta, por delante de Di Giannantonio, Nagashima, \u00c1lex M\u00e1rquez, Rins y Bastianini.<\/p>\n\n\n\n<p class=\"wp-block-paragraph\">Jorge ha dado otra buena vuelta y ha marcado un mejor tiempo de 1min55s915 para mantener su liderato, con 0s391 de ventaja sobre Zarco. Bezzecchi tambi\u00e9n ha recuperado terreno y ha adelantado a Morbidelli para colocarse tercero, a 0s105 de un puesto en la Q2. En la curva 9 se produjo una ca\u00edda de Darryn Binder, que pronto se levant\u00f3 y volvi\u00f3 a la pista. El hermano de Brad s\u00f3lo fue 13\u00ba, a 2s377 del l\u00edder.<\/p>\n\n\n\n<figure class=\"wp-block-video\"><video class=\"video-js vjs-big-play-centered\" data-gp-vjs=\"1\" controls src=\"https:\/\/www.grandepremio.com\/br\/wp-content\/uploads\/2022\/09\/motogp-2022-gp-do-japao-zarco-e-martin.mp4\"><\/video><figcaption>El d\u00fao de Pramac vuela en la Q1 (V\u00eddeo: MotoGP)<\/figcaption><\/figure>\n\n\n\n<p class=\"wp-block-paragraph\">A falta de poco menos de tres minutos para el final de la sesi\u00f3n, Zarco ha hecho 1min55s300 y se ha hecho con la pole, 0s615 m\u00e1s r\u00e1pido que Mart\u00edn. Batianini tambi\u00e9n hizo un movimiento y ahora aparec\u00eda tercero, a 0s215 de la l\u00ednea de corte de la Q2. Morbidelli era cuarto, seguido de Bezzecchi, Alex M\u00e1rquez y Rins.<\/p>\n\n\n\n<p class=\"wp-block-paragraph\">A menos de dos minutos del final, Bastianini se estrell\u00f3 en la curva 5, poniendo fin a sus posibilidades de pasar a la Q2. A continuaci\u00f3n, fue superado por Bezzecchi y Morbidelli, bajando a la quinta posici\u00f3n.<\/p>\n\n\n\n<p class=\"wp-block-paragraph\">Con el reloj en marcha, nadie pudo adelantar a Zarco y Mart\u00edn, que pasaron a la Q2 en Motegi. Bezzecchi saldr\u00e1 13\u00ba por delante de Morbidelli, Bastianini, Di Giannantonio, \u00c1lex M\u00e1rquez, Rins, Nagashima, Gardner, Tsuda, Fern\u00e1ndez, Crutchlow, Binder y Nakagami.<\/p>\n\n\n\n<h3 class=\"wp-block-heading\">Q2: Marc M\u00e1rquez pone a Honda en la pole en Jap\u00f3n<\/h3>\n\n\n\n<p class=\"wp-block-paragraph\">Al pasar la Q1, Zarco abri\u00f3 la etapa decisiva de la clasificaci\u00f3n con la pole provisional con 1min56s076, 0s250 mejor que Quartararo. Miller iba tercero por delante de Binder y Marc M\u00e1rquez.<\/p>\n\n\n\n<figure class=\"wp-block-video\"><video class=\"video-js vjs-big-play-centered\" data-gp-vjs=\"1\" controls src=\"https:\/\/www.grandepremio.com\/br\/wp-content\/uploads\/2022\/09\/motogp-2022-gp-do-japao-inicio-q2.mp4\"><\/video><figcaption>Inicio de la Q2 de MotoGP (Video: MotoGP)<\/figcaption><\/figure>\n\n\n\n<p class=\"wp-block-paragraph\">El hexacampe\u00f3n tom\u00f3 la delantera a continuaci\u00f3n, 0s266 mejor que Zarco, pero el franc\u00e9s respondi\u00f3 r\u00e1pidamente, pasando al piloto de Honda por s\u00f3lo 0s036. Binder era tercero por delante de Oliveira y Quartararo. Marc sigui\u00f3 adelante y se puso a 1min55s698 para conseguir la pole de nuevo, 0s076 por delante de Johann, que hab\u00eda entrado en los boxes de Pramac. M\u00e1s atr\u00e1s, Aleix Espargar\u00f3 ha subido a la quinta posici\u00f3n, 0s233s por delante de Fabio, que ha ca\u00eddo al sexto puesto.<\/p>\n\n\n\n<p class=\"wp-block-paragraph\">En su sexta vuelta esta tarde en Jap\u00f3n, Marc ha marcado 1min55s214, ampliando su margen sobre Zarco en la cabeza a 0s560. Miller iba tercero, por delante de Oliveira, que acababa de caerse. Martin hab\u00eda subido a la quinta posici\u00f3n.<\/p>\n\n\n\n<p class=\"wp-block-paragraph\">En el \u00faltimo minuto de la sesi\u00f3n, Johann ha reducido la ventaja de M\u00e1rquez en la cabeza a 0s208. Los aspirantes al t\u00edtulo estaban muy cerca: Quartararo era octavo, con Bagnaia 12\u00ba y Aleix s\u00e9ptimo. Cuando la bandera a cuadros onde\u00f3 en Motegi, Vi\u00f1ales salt\u00f3 a la tercera posici\u00f3n, a 0s406 del l\u00edder. Poco despu\u00e9s, Brad Binder estaba a 0s083 mejor y tom\u00f3 el puesto.<\/p>\n\n\n\n<h3 class=\"wp-block-heading\">MotoGP 2022, GP de Jap\u00f3n, Motegi, Clasificaci\u00f3n:<\/h3>\n\n\n\n<figure class=\"wp-block-table\"><table><tbody><tr><td>1<\/td><td>M M\u00c1RQUEZ<\/td><td>Honda<\/td><td>1:55.214<\/td><td>&nbsp;<\/td><\/tr><tr><td>2<\/td><td>J ZARCO<\/td><td>Pramac Ducati<\/td><td>1:55.422<\/td><td>+0.208<\/td><\/tr><tr><td>3<\/td><td>B BINDER<\/td><td>KTM<\/td><td>1:55.537<\/td><td>+0.323<\/td><\/tr><tr><td>4<\/td><td>M VI\u00d1ALES<\/td><td>Aprilia<\/td><td>1:55.620<\/td><td>+0.406<\/td><\/tr><tr><td>5<\/td><td>J MART\u00cdN<\/td><td>Pramac Ducati<\/td><td>1:55.686<\/td><td>+0.472<\/td><\/tr><tr><td>6<\/td><td>A ESPARGAR\u00d3<\/td><td>Aprilia<\/td><td>1:55.771<\/td><td>+0.557<\/td><\/tr><tr><td>7<\/td><td>J MILLER<\/td><td>Ducati<\/td><td>1:55.784<\/td><td>+0.570<\/td><\/tr><tr><td>8<\/td><td>M OLIVEIRA<\/td><td>KTM<\/td><td>1:55.895<\/td><td>+0.681<\/td><\/tr><tr><td>9<\/td><td>F QUARTARARO<\/td><td>Yamaha<\/td><td>1:56.326<\/td><td>+1.112<\/td><\/tr><tr><td>10<\/td><td>L MARINI<\/td><td>VR46 Ducati<\/td><td>1:56.354<\/td><td>+1.140<\/td><\/tr><tr><td>11<\/td><td>P ESPARGAR\u00d3<\/td><td>Honda<\/td><td>1:57.354<\/td><td>+2.140<\/td><\/tr><tr><td>12<\/td><td>F BAGNAIA<\/td><td>Ducati<\/td><td>1:57.373<\/td><td>+2.159<\/td><\/tr><tr><td>13<\/td><td>M BEZZECCHI<\/td><td>VR46 Ducati<\/td><td>1:55.934<\/td><td>+0.720<\/td><\/tr><tr><td>14<\/td><td>F MORBIDELLI<\/td><td>Yamaha<\/td><td>1:56.006<\/td><td>+0.792<\/td><\/tr><tr><td>15<\/td><td>E BASTIANINI<\/td><td>Gresini Ducati<\/td><td>1:56.130<\/td><td>+0.916<\/td><\/tr><tr><td>16<\/td><td>F DI GIANNANTONIO<\/td><td>Gresini Ducati<\/td><td>1:56.432<\/td><td>+1.218<\/td><\/tr><tr><td>17<\/td><td>A M\u00c1RQUEZ<\/td><td>LCR Honda<\/td><td>1:56.578<\/td><td>+1.364<\/td><\/tr><tr><td>18<\/td><td>\u00c1 RINS<\/td><td>Suzuki<\/td><td>1:56.656<\/td><td>+1.442<\/td><\/tr><tr><td>19<\/td><td>T NAGASHIMA<\/td><td>Honda<\/td><td>1:57.229<\/td><td>+2.015<\/td><\/tr><tr><td>20<\/td><td>R GARDNER&nbsp;<\/td><td>Tech3 KTM<\/td><td>1:57.288<\/td><td>+2.074<\/td><\/tr><tr><td>21<\/td><td>T TSUDA<\/td><td>Suzuki<\/td><td>1:57.787<\/td><td>+2.573<\/td><\/tr><tr><td>22<\/td><td>R FERN\u00c1NDEZ<\/td><td>Tech3 KTM<\/td><td>1:57.827<\/td><td>+2.613<\/td><\/tr><tr><td>23<\/td><td>C CRUTCHLOW<\/td><td>RNF Yamaha<\/td><td>1:58.115<\/td><td>+2.901<\/td><\/tr><tr><td>24<\/td><td>D BINDER<\/td><td>RNF Yamaha<\/td><td>1:58.292<\/td><td>+3.078<\/td><\/tr><tr><td>25<\/td><td>T NAKAGAMI<\/td><td>LCR Honda<\/td><td>1:58.717<\/td><td>+3.503<\/td><\/tr><\/tbody><\/table><\/figure>\n\n\n\n<p class=\"wp-block-paragraph\"><\/p>\n\n\n\n<p class=\"wp-block-paragraph\"><\/p>\n","protected":false},"excerpt":{"rendered":"<p>Tras el caos provocado por la intensa lluvia en el GP de Jap\u00f3n, las condiciones para la clasificaci\u00f3n de MotoGP regalaron a Marc M\u00e1rquez, que se impuso a Johann Zarco para conseguir su primera pole de 2022, poniendo fin a una sequ\u00eda de m\u00e1s de 1000 d\u00edas.<\/p>\n","protected":false},"author":0,"featured_media":1010085602,"comment_status":"closed","ping_status":"closed","sticky":false,"template":"","format":"standard","meta":{"42wp_featured_image_caption":"","42wp_featured_image_credits":"","42wp_featured_video":"","42wp_featured_image_hidden":false,"42wp_authors_list":[],"footnotes":""},"categories":[8],"tags":[1415,2306,1422,1488,2237,221,1404,1381,1392,3385,1293,1341,2308,3152],"42wp_author":[14234],"class_list":["post-21553","post","type-post","status-publish","format-standard","has-post-thumbnail","hentry","category-motogp","tag-brad-binder","tag-clasificacion-motogp","tag-gp-de-japon","tag-grande-premio","tag-grandepremio","tag-honda","tag-johann-zarco","tag-ktm","tag-marc-marquez-2","tag-motegi","tag-motogp","tag-motogp-2022","tag-motogp-hoy","tag-pramac-ducati","42wp_author-douglas-rocha"],"_links":{"self":[{"href":"https:\/\/grandepremio.com\/es\/wp-json\/wp\/v2\/posts\/21553","targetHints":{"allow":["GET"]}}],"collection":[{"href":"https:\/\/grandepremio.com\/es\/wp-json\/wp\/v2\/posts"}],"about":[{"href":"https:\/\/grandepremio.com\/es\/wp-json\/wp\/v2\/types\/post"}],"replies":[{"embeddable":true,"href":"https:\/\/grandepremio.com\/es\/wp-json\/wp\/v2\/comments?post=21553"}],"version-history":[{"count":0,"href":"https:\/\/grandepremio.com\/es\/wp-json\/wp\/v2\/posts\/21553\/revisions"}],"wp:featuredmedia":[{"embeddable":true,"href":"https:\/\/grandepremio.com\/es\/wp-json\/wp\/v2\/media\/1010085602"}],"wp:attachment":[{"href":"https:\/\/grandepremio.com\/es\/wp-json\/wp\/v2\/media?parent=21553"}],"wp:term":[{"taxonomy":"category","embeddable":true,"href":"https:\/\/grandepremio.com\/es\/wp-json\/wp\/v2\/categories?post=21553"},{"taxonomy":"post_tag","embeddable":true,"href":"https:\/\/grandepremio.com\/es\/wp-json\/wp\/v2\/tags?post=21553"},{"taxonomy":"42wp_author","embeddable":true,"href":"https:\/\/grandepremio.com\/es\/wp-json\/wp\/v2\/42wp_author?post=21553"}],"curies":[{"name":"wp","href":"https:\/\/api.w.org\/{rel}","templated":true}]}}