{"id":21572,"date":"2022-09-22T07:38:13","date_gmt":"2022-09-22T10:38:13","guid":{"rendered":"https:\/\/grandepremio.com\/es\/2022\/09\/22\/motogp-entrada-india-calendario-futuro\/"},"modified":"2022-09-22T08:51:03","modified_gmt":"2022-09-22T11:51:03","slug":"motogp-entrada-india-calendario-futuro","status":"publish","type":"post","link":"https:\/\/grandepremio.com\/es\/motogp\/motogp-entrada-india-calendario-futuro\/","title":{"rendered":"MotoGP encarrila acuerdo para entrada de la India al calendario &#8220;en un futuro pr\u00f3ximo&#8221;"},"content":{"rendered":"\n<p class=\"wp-block-paragraph\">El Mundial de Motociclismo ya viaja a varios pa\u00edses y ahora puede ganar otro m\u00e1s. Dorna confirm\u00f3 este mi\u00e9rcoles que ya est\u00e1 en marcha un acuerdo para llevar el GP de India al calendario de <a href=\"https:\/\/grandepremio.com\/es\/\/categoria\/motogp\/\" target=\"_blank\" rel=\"noreferrer noopener\">MotoGP<\/a> en el futuro. El pa\u00eds nunca fue parte del campeonato antes.<\/p>\n\n\n\n<p class=\"wp-block-paragraph\">Carmelo Ezpeleta, m\u00e1ximo responsable de la entidad, visit\u00f3 recientemente India para reunirse con los organizadores y el potencial promotor del evento, Fairstreet Sports. Ezpeleta se dirigi\u00f3 al Circuito Internacional de Buddh, en Nueva Delhi, que albergar\u00eda las carreras de la categor\u00eda reina. El nombre ser\u00eda &#8216;GP de Bharat&#8217;, y la organizaci\u00f3n espera encontrar un hueco ya en el calendario de 2023, seg\u00fan informa el diario indio AutoCar.<\/p>\n\n\n\n<p class=\"wp-block-paragraph\">\u201cIndia es un gran pa\u00eds y mercado, especialmente importante para la industria de las dos ruedas y MotoGP como deporte. Hay una gran base de aficionados all\u00ed y poder celebrar un evento de MotoGP en India ser\u00eda un espect\u00e1culo incre\u00edble para nuestros fans, al mismo tiempo que nos permitir\u00eda hacer crecer el deporte en la regi\u00f3n\u201d, dijo.<\/p>\n\n\n\n<p class=\"wp-block-paragraph\"><strong>\u00a1Conoce el canal de Grande Pr\u00eamio en Espa\u00f1ol en\u00a0<a href=\"https:\/\/www.youtube.com\/channel\/UCDxWojGVUi9gWYhrY0pGbIQ\" target=\"_blank\" rel=\"noreferrer noopener\">YouTube<\/a>!<br>\u00a1Sigue a\u00a0Grande Pr\u00eamio en Espa\u00f1ol\u00a0en\u00a0<a href=\"https:\/\/twitter.com\/grandepremioES\" target=\"_blank\" rel=\"noreferrer noopener\">Twitter\u00a0<\/a>y en\u00a0<a href=\"https:\/\/www.instagram.com\/grandepremioes\/\" target=\"_blank\" rel=\"noreferrer noopener\">Instagram<\/a>!<\/strong><\/p>\n\n\n\n<figure class=\"wp-block-image size-full\"><img decoding=\"async\" src=\"https:\/\/www.grandepremio.com\/br\/wp-content\/uploads\/2022\/09\/a07e0aa7-7a6e-723b-1c1e-4c31ccfaaf71.jpeg\" alt=\"\" class=\"wp-image-616306\"\/><figcaption>\u00cdndia quiere recibir MotoGP (Foto: Divulgaci\u00f3n\/MotoGP)<\/figcaption><\/figure>\n\n\n\n<p class=\"wp-block-paragraph\">\u201cEs extremadamente importante para todos nuestros socios y fabricantes, en particular dados los cientos de millones de veh\u00edculos de dos ruedas. Nos encantar\u00eda ver este proyecto y llevar las incre\u00edbles motos de MotoGP a competir frente a los aficionados indios\u201d, concluy\u00f3.<\/p>\n\n\n\n<p class=\"wp-block-paragraph\">La delegaci\u00f3n tambi\u00e9n viaj\u00f3 a Lucknow, capital de Uttar Pradesh, la regi\u00f3n en la que se encuentra el circuito, para reunirse y negociar con el Ministro Principal de Uttar Pradesh, Yogi Adityanath, y el Ministro de Desarrollo Industrial, Nand Gopal \u201cNandi\u201d.<\/p>\n\n\n\n<p class=\"wp-block-paragraph\">Aunque el Campeonato del Mundo de MotoGP nunca se ha disputado en India, en 2010 hab\u00eda planes para traer el Campeonato del Mundo de Superbikes al pa\u00eds. Sin embargo, despu\u00e9s de varios retrasos, la idea fue cancelada.<\/p>\n","protected":false},"excerpt":{"rendered":"<p>Carmelo Ezpeleta, director ejecutivo de Dorna, viaj\u00f3 a la India para reunirse con los organizadores del evento. La carrera se llevar\u00eda a cabo en el Circuito Internacional de Buddh, en Nueva Delhi, y se llamar\u00eda GP de Bharat.<\/p>\n","protected":false},"author":0,"featured_media":1010085450,"comment_status":"closed","ping_status":"closed","sticky":false,"template":"","format":"standard","meta":{"42wp_featured_image_caption":"","42wp_featured_image_credits":"","42wp_featured_video":"","42wp_featured_image_hidden":false,"42wp_authors_list":[],"footnotes":""},"categories":[8],"tags":[1131,3387,2532,3388,855,1293,1341,1764],"42wp_author":[14233],"class_list":["post-21572","post","type-post","status-publish","format-standard","has-post-thumbnail","hentry","category-motogp","tag-calendario","tag-gp-de-india","tag-india","tag-india-motogp","tag-motociclismo","tag-motogp","tag-motogp-2022","tag-mundial-de-motociclismo","42wp_author-eric-calduch"],"_links":{"self":[{"href":"https:\/\/grandepremio.com\/es\/wp-json\/wp\/v2\/posts\/21572","targetHints":{"allow":["GET"]}}],"collection":[{"href":"https:\/\/grandepremio.com\/es\/wp-json\/wp\/v2\/posts"}],"about":[{"href":"https:\/\/grandepremio.com\/es\/wp-json\/wp\/v2\/types\/post"}],"replies":[{"embeddable":true,"href":"https:\/\/grandepremio.com\/es\/wp-json\/wp\/v2\/comments?post=21572"}],"version-history":[{"count":0,"href":"https:\/\/grandepremio.com\/es\/wp-json\/wp\/v2\/posts\/21572\/revisions"}],"wp:featuredmedia":[{"embeddable":true,"href":"https:\/\/grandepremio.com\/es\/wp-json\/wp\/v2\/media\/1010085450"}],"wp:attachment":[{"href":"https:\/\/grandepremio.com\/es\/wp-json\/wp\/v2\/media?parent=21572"}],"wp:term":[{"taxonomy":"category","embeddable":true,"href":"https:\/\/grandepremio.com\/es\/wp-json\/wp\/v2\/categories?post=21572"},{"taxonomy":"post_tag","embeddable":true,"href":"https:\/\/grandepremio.com\/es\/wp-json\/wp\/v2\/tags?post=21572"},{"taxonomy":"42wp_author","embeddable":true,"href":"https:\/\/grandepremio.com\/es\/wp-json\/wp\/v2\/42wp_author?post=21572"}],"curies":[{"name":"wp","href":"https:\/\/api.w.org\/{rel}","templated":true}]}}