{"id":21589,"date":"2022-09-20T14:09:07","date_gmt":"2022-09-20T17:09:07","guid":{"rendered":"https:\/\/grandepremio.com\/es\/2022\/09\/20\/monaco-calendario-formula-1-2025\/"},"modified":"2022-09-20T14:09:09","modified_gmt":"2022-09-20T17:09:09","slug":"monaco-calendario-formula-1-2025","status":"publish","type":"post","link":"https:\/\/grandepremio.com\/es\/f1\/monaco-calendario-formula-1-2025\/","title":{"rendered":"M\u00f3naco sella nuevo v\u00ednculo con F1 y extiende permanencia en el calendario hasta 2025"},"content":{"rendered":"\n<p class=\"wp-block-paragraph\">El hist\u00f3rico Gran Premio de M\u00f3naco permanecer\u00e1 en el calendario de la F\u00f3rmula 1 al menos hasta 2025. Este martes, despu\u00e9s de que la m\u00e1xima categor\u00eda del automovilismo mundial confirmara el calendario completo para la temporada 2023, el jefe Stefano Domenicali anunci\u00f3 que la carrera en las calles de Montecarlo tiene, al menos, tres ediciones m\u00e1s garantizadas.<\/p>\n\n\n\n<p class=\"wp-block-paragraph\">&#8220;Estoy encantado de confirmar que correremos en M\u00f3naco hasta 2025 &#8211; y estamos emocionados de volver a las calles del Principado para el campeonato de 2023 el 28 de mayo. Quiero dar las gracias a todos los que han participado en esta renovaci\u00f3n, en particular al Pr\u00edncipe Alberto II de M\u00f3naco, a Michel Boeri, Presidente del Automobile Club de M\u00f3naco (ACM), y a todo su equipo. Estamos deseando volver y continuar nuestra colaboraci\u00f3n&#8221;, declar\u00f3 Domenicali.<\/p>\n\n\n\n<figure class=\"wp-block-image size-full\"><img decoding=\"async\" src=\"https:\/\/grandepremio.com\/es\/\/wp-content\/uploads\/2022\/05\/Monaco.jpg\" alt=\"\" class=\"wp-image-68118\"\/><figcaption>El GP de M\u00f3naco estuvo en riesgo pero extendi\u00f3 su v\u00ednculo con la F\u00f3rmula 1. (Foto: Pirelli)<\/figcaption><\/figure>\n\n\n\n<p class=\"wp-block-paragraph\">&#8220;En inter\u00e9s del campeonato de F\u00f3rmula 1 y despu\u00e9s de meses de negociaciones, estamos orgullosos de anunciar que hemos firmado un contrato de tres a\u00f1os con la categor\u00eda, y con probabilidad de renovaci\u00f3n&#8221;, a\u00f1adi\u00f3 Boeri.<\/p>\n\n\n\n<p class=\"wp-block-paragraph\">La historia del GP de M\u00f3naco est\u00e1 entrelazada con la de la F\u00f3rmula 1. La primera edici\u00f3n se celebr\u00f3 en 1929, mucho antes de que existiera la propia categor\u00eda. Luego, fue sede de los campeonatos europeos de Grand Prix, hasta que en 1950 organiz\u00f3 la segunda carrera de la temporada inaugural de la F\u00f3rmula 1. En aquella primera competencia, el ganador fue el qu\u00edntuple campe\u00f3n de la categor\u00eda, Juan Manuel Fangio, a bordo de una Alfetta. <\/p>\n\n\n\n<p class=\"wp-block-paragraph\">A partir de 1955, s\u00f3lo en 2020 dej\u00f3 de celebrarse el GP de M\u00f3naco, debido a la pandemia de Covid-19. Para 2023, la informaci\u00f3n de la permanencia en el calendario lleg\u00f3 hace unas semanas y se confirm\u00f3 con el calendario completo publicado. Ahora, sin embargo, para 2024 y 2025 tambi\u00e9n est\u00e1 garantizada la F\u00f3rmula 1 en Montecarlo.<\/p>\n","protected":false},"excerpt":{"rendered":"<p>Luego de meses de negociaciones, finalmente la F\u00f3rmula 1 y el GP de M\u00f3naco firmaron un acuerdo para que la competencia en el Principado permanezca en el calendario hasta 2025.<\/p>\n","protected":false},"author":0,"featured_media":1010085361,"comment_status":"closed","ping_status":"closed","sticky":false,"template":"","format":"standard","meta":{"42wp_featured_image_caption":"","42wp_featured_image_credits":"","42wp_featured_video":"","42wp_featured_image_hidden":false,"42wp_authors_list":[],"footnotes":""},"categories":[5],"tags":[1706,181,1495,1710,179,1325,3376,2621,789],"42wp_author":[14223],"class_list":["post-21589","post","type-post","status-publish","format-standard","has-post-thumbnail","hentry","category-f1","tag-calendario-de-f1","tag-f1","tag-f1-2022","tag-f1-2025","tag-formula-1","tag-gp-de-monaco","tag-gp-de-monaco-2025","tag-montecarlo","tag-stefano-domenicali","42wp_author-esteban-nieto"],"_links":{"self":[{"href":"https:\/\/grandepremio.com\/es\/wp-json\/wp\/v2\/posts\/21589","targetHints":{"allow":["GET"]}}],"collection":[{"href":"https:\/\/grandepremio.com\/es\/wp-json\/wp\/v2\/posts"}],"about":[{"href":"https:\/\/grandepremio.com\/es\/wp-json\/wp\/v2\/types\/post"}],"replies":[{"embeddable":true,"href":"https:\/\/grandepremio.com\/es\/wp-json\/wp\/v2\/comments?post=21589"}],"version-history":[{"count":0,"href":"https:\/\/grandepremio.com\/es\/wp-json\/wp\/v2\/posts\/21589\/revisions"}],"wp:featuredmedia":[{"embeddable":true,"href":"https:\/\/grandepremio.com\/es\/wp-json\/wp\/v2\/media\/1010085361"}],"wp:attachment":[{"href":"https:\/\/grandepremio.com\/es\/wp-json\/wp\/v2\/media?parent=21589"}],"wp:term":[{"taxonomy":"category","embeddable":true,"href":"https:\/\/grandepremio.com\/es\/wp-json\/wp\/v2\/categories?post=21589"},{"taxonomy":"post_tag","embeddable":true,"href":"https:\/\/grandepremio.com\/es\/wp-json\/wp\/v2\/tags?post=21589"},{"taxonomy":"42wp_author","embeddable":true,"href":"https:\/\/grandepremio.com\/es\/wp-json\/wp\/v2\/42wp_author?post=21589"}],"curies":[{"name":"wp","href":"https:\/\/api.w.org\/{rel}","templated":true}]}}