{"id":2163,"date":"2026-03-17T09:42:35","date_gmt":"2026-03-17T12:42:35","guid":{"rendered":"https:\/\/grandepremio.com\/es\/2026\/03\/17\/pilotos-formula-e-reclamo-mohammed-ben-sulayem-presidente-fia\/"},"modified":"2026-03-17T09:42:39","modified_gmt":"2026-03-17T12:42:39","slug":"pilotos-formula-e-reclamo-mohammed-ben-sulayem-presidente-fia","status":"publish","type":"post","link":"https:\/\/grandepremio.com\/es\/formula-e\/pilotos-formula-e-reclamo-mohammed-ben-sulayem-presidente-fia\/","title":{"rendered":"Pilotos de F\u00f3rmula E env\u00edan carta a la FIA y piden &#8220;cambios urgentes&#8221; en el campeonato"},"content":{"rendered":"\n<p class=\"wp-block-paragraph\">Los pilotos de la parrilla de <strong>F\u00f3rmula E<\/strong> enviaron una carta a <strong>Mohammed Ben Sulayem<\/strong>, presidente de la <strong>Federaci\u00f3n Internacional del Autom\u00f3vil (FIA)<\/strong>. En el documento, los competidores cuestionan el desempe\u00f1o de los comisarios, la direcci\u00f3n de carrera y la aplicaci\u00f3n de las normas deportivas de la categor\u00eda. La iniciativa sorprendi\u00f3 a los jefes de equipo, que podr\u00edan imponer sanciones internas.<\/p>\n\n\n\n<p class=\"wp-block-paragraph\">\ud83d\udfe5&nbsp;<strong><em>\u00a1Todas las novedades te esperan en el canal de&nbsp;<\/em><\/strong><a href=\"https:\/\/www.youtube.com\/@GrandePremioES\"><em>YouTube<\/em><\/a><strong><em>&nbsp;de Grande Pr\u00eamio en&nbsp;<a>Espa\u00f1ol<\/a><\/em><\/strong>! \ud83d\udfe8<a><\/a><\/p>\n\n\n\n<p class=\"wp-block-paragraph\">La informaci\u00f3n fue publicada por el portal <em>The Race<\/em> este martes. La carta fue enviada por los representantes <strong>Lucas di Grassi<\/strong> y <strong>Oliver Rowland<\/strong> el 11 de marzo y contaba con la firma de los 20 pilotos de la parrilla. El documento enlista una serie de quejas que los competidores llevan planteando en la <strong>F\u00f3rmula E<\/strong> desde hace tiempo. <\/p>\n\n\n\n<p class=\"wp-block-paragraph\">El punto principal que se destaca es la falta de comprensi\u00f3n del estilo de carrera de la categor\u00eda. La publicaci\u00f3n sugiere adem\u00e1s que, de forma an\u00f3nima, numerosos pilotos admitieron que tienen \u00abpoca o ninguna confianza profesional en varios dirigentes de la <strong>F\u00f3rmula E<\/strong>\u00bb.<\/p>\n\n\n\n<p class=\"wp-block-paragraph\">En el documento, los competidores reconocen la mejora en la organizaci\u00f3n de las pruebas, la seguridad, la equidad t\u00e9cnica y los protocolos en general, pero desean \u00abexpresar formalmente la creciente preocupaci\u00f3n compartida con respecto al nivel actual, la consistencia y la coherencia procesal de la comisaria y la direcci\u00f3n de carrera dentro del campeonato\u00bb.<\/p>\n\n\n\n<p class=\"wp-block-paragraph\">El director de carrera de la <strong>F\u00f3rmula E, Marek Hanaczewski<\/strong>, es uno de los nombres citados directamente. En la carta se solicita una \u00abevaluaci\u00f3n interna de la comprensi\u00f3n y el razonamiento del director de carrera en relaci\u00f3n con las normas deportivas\u00bb. Los pilotos afirman adem\u00e1s que <strong>Hanaczewski<\/strong> carece de la \u00abcapacidad (y la humildad) para reconocer los errores y aprender de ellos\u00bb.<\/p>\n\n\n\n<p class=\"wp-block-paragraph\">\u23e9\u00a0<strong><em>\u00a1Seguinos en redes por\u00a0<\/em><\/strong><a href=\"https:\/\/twitter.com\/grandepremioES\"><em>Twitter\u00a0<\/em><\/a><strong><em>e\u00a0<\/em><\/strong><a href=\"https:\/\/www.instagram.com\/grandepremioes\/\"><em>Instagram!<br><\/em><\/a>\u23e9\u00a0<strong><em>Adem\u00e1s, tenemos nuestro\u00a0<\/em><\/strong><a href=\"https:\/\/whatsapp.com\/channel\/0029VaDZ5zb0gcfDxuwxBM05\"><em>canal de Whatsapp<\/em><\/a><strong><em>\u00a0con toda la informaci\u00f3n al instante<\/em><\/strong>\u00a0\ud83c\udfc1<\/p>\n\n\n\n<figure class=\"wp-block-image size-large\"><img decoding=\"async\" src=\"https:\/\/grandepremio.com\/es\/wp-content\/uploads\/2026\/03\/2255549817-2048x2048-1-1200x800-1-1024x683.webp\" alt=\"\" class=\"wp-image-395708\"\/><figcaption class=\"wp-element-caption\">Oliver Rowland envi\u00f3 el reclamo de los pilotos de F\u00f3rmula E junto a Lucas di Grassi (Foto: F\u00f3rmula E)<\/figcaption><\/figure>\n\n\n\n<p class=\"wp-block-paragraph\">Entre los temas se\u00f1alados en la carta se encuentran la inconsistencia en la toma de decisiones y en la aplicaci\u00f3n de sanciones, la falta de continuidad en los paneles de coordinaci\u00f3n, as\u00ed como la l\u00f3gica, el liderazgo, la comunicaci\u00f3n y la transparencia del director de carrera.<\/p>\n\n\n\n<p class=\"wp-block-paragraph\">Los pilotos de <strong>F\u00f3rmula E<\/strong> tambi\u00e9n manifestaron su deseo de crear un \u00abforo formal y estructurado entre los pilotos y la direcci\u00f3n de carrera\u00bb, la publicaci\u00f3n de directrices de comisarios m\u00e1s claras y espec\u00edficas para cada campeonato, una revisi\u00f3n independiente de la coherencia de las decisiones de los comisarios y la creaci\u00f3n de mecanismos de correcci\u00f3n de errores en el proceso de aplicaci\u00f3n y divulgaci\u00f3n de sanciones.<\/p>\n\n\n\n<p class=\"wp-block-paragraph\">En medio de estos problemas, <strong>Sulayem<\/strong> tiene prevista inicialmente su asistencia al <strong>ePrix de Madrid<\/strong>, que se celebra este fin de semana en el <strong>Circuito de Jarama<\/strong>. <\/p>\n\n\n\n<p class=\"has-medium-font-size wp-block-paragraph\"><strong>Los jefes de equipo desconoc\u00edan el reclamo de los pilotos:<\/strong><\/p>\n\n\n\n<p class=\"wp-block-paragraph\">Seg\u00fan <em>The Race<\/em>, los jefes de equipo no ten\u00edan conocimiento de la existencia de la carta hasta despu\u00e9s de que fuera entregada a la <strong>FIA<\/strong>, lo que podr\u00eda acarrear consecuencias internas para los pilotos. De hecho, dos equipos est\u00e1n considerando retener el pago de las primas de este mes, mientras que otros barajan la posibilidad de imponer multas.<\/p>\n\n\n\n<p class=\"wp-block-paragraph\">Ninguno de los diez jefes de equipo se ha pronunciado oficialmente sobre la carta. Sin embargo, la <strong>Federaci\u00f3n de Equipos y Fabricantes de F\u00f3rmula E<\/strong> se puso en contacto con la <strong>FIA<\/strong>, distanciando a los equipos de las acciones de los pilotos. Un alto cargo de uno de los equipos declar\u00f3 al portal brit\u00e1nico que \u00absent\u00eda cierta simpat\u00eda por la <strong>FIA<\/strong>\u00bb, elogi\u00f3 el trabajo de <strong>Marek <\/strong>y afirm\u00f3 no estar seguro de que la carta estuviera totalmente justificada.<\/p>\n\n\n\n<p class=\"wp-block-paragraph\"><strong>La F\u00f3rmula E vuelve a la acci\u00f3n entre el 20 y 21 de marzo con el ePrix de Madrid, sexta fecha de la temporada 2025\/26.<\/strong><\/p>\n\n\n\n<figure class=\"wp-block-embed is-type-video is-provider-youtube wp-block-embed-youtube wp-embed-aspect-16-9 wp-has-aspect-ratio\"><div class=\"wp-block-embed__wrapper\">\n<iframe loading=\"lazy\" title=\"ANTONELLI GANA Y COLAPINTO EN EL TOP-10 DEL GP DE CHINA\" width=\"500\" height=\"281\" src=\"https:\/\/www.youtube.com\/embed\/Dunpg8sgFb8?feature=oembed\" frameborder=\"0\" allow=\"accelerometer; autoplay; clipboard-write; encrypted-media; gyroscope; picture-in-picture; web-share\" referrerpolicy=\"strict-origin-when-cross-origin\" allowfullscreen><\/iframe>\n<\/div><\/figure>\n","protected":false},"excerpt":{"rendered":"<p>Los 20 pilotos de la F\u00f3rmula E enviaron una carta a la FIA para cuestionar la actuaci\u00f3n de los comisarios y de la direcci\u00f3n de carrera. Sin embargo, los jefes de equipo desconoc\u00edan el reclamo, lo que podr\u00eda causar sanciones internas para los competidores.<\/p>\n","protected":false},"author":0,"featured_media":1010395709,"comment_status":"closed","ping_status":"closed","sticky":false,"template":"","format":"standard","meta":{"42wp_featured_image_caption":"","42wp_featured_image_credits":"","42wp_featured_video":"","42wp_featured_image_hidden":false,"42wp_authors_list":[],"footnotes":""},"categories":[18],"tags":[263,462,13733,1488,1086,11688,1930,3186,12935],"42wp_author":[14239],"class_list":["post-2163","post","type-post","status-publish","format-standard","has-post-thumbnail","hentry","category-formula-e","tag-fia","tag-formula-e","tag-formula-e-2025-26-2","tag-grande-premio","tag-lucas-di-grassi","tag-marek-hanaczewski","tag-mohammed-ben-sulayem","tag-oliver-rowland","tag-temporada-2025-26-formula-e-2","42wp_author-jp-otrosky"],"_links":{"self":[{"href":"https:\/\/grandepremio.com\/es\/wp-json\/wp\/v2\/posts\/2163","targetHints":{"allow":["GET"]}}],"collection":[{"href":"https:\/\/grandepremio.com\/es\/wp-json\/wp\/v2\/posts"}],"about":[{"href":"https:\/\/grandepremio.com\/es\/wp-json\/wp\/v2\/types\/post"}],"replies":[{"embeddable":true,"href":"https:\/\/grandepremio.com\/es\/wp-json\/wp\/v2\/comments?post=2163"}],"version-history":[{"count":0,"href":"https:\/\/grandepremio.com\/es\/wp-json\/wp\/v2\/posts\/2163\/revisions"}],"wp:featuredmedia":[{"embeddable":true,"href":"https:\/\/grandepremio.com\/es\/wp-json\/wp\/v2\/media\/1010395709"}],"wp:attachment":[{"href":"https:\/\/grandepremio.com\/es\/wp-json\/wp\/v2\/media?parent=2163"}],"wp:term":[{"taxonomy":"category","embeddable":true,"href":"https:\/\/grandepremio.com\/es\/wp-json\/wp\/v2\/categories?post=2163"},{"taxonomy":"post_tag","embeddable":true,"href":"https:\/\/grandepremio.com\/es\/wp-json\/wp\/v2\/tags?post=2163"},{"taxonomy":"42wp_author","embeddable":true,"href":"https:\/\/grandepremio.com\/es\/wp-json\/wp\/v2\/42wp_author?post=2163"}],"curies":[{"name":"wp","href":"https:\/\/api.w.org\/{rel}","templated":true}]}}