{"id":21672,"date":"2022-09-11T18:55:48","date_gmt":"2022-09-11T21:55:48","guid":{"rendered":"https:\/\/grandepremio.com\/es\/2022\/09\/11\/nyck-de-vries-debut-williams-italia-formula-1\/"},"modified":"2022-09-11T19:14:46","modified_gmt":"2022-09-11T22:14:46","slug":"nyck-de-vries-debut-williams-italia-formula-1","status":"publish","type":"post","link":"https:\/\/grandepremio.com\/es\/f1\/nyck-de-vries-debut-williams-italia-formula-1\/","title":{"rendered":"De Vries evita hablar de asiento en F1 en 2023, pero destaca debut: \u201cHa sido un sue\u00f1o\u201d"},"content":{"rendered":"\n<p class=\"wp-block-paragraph\">Nyck de Vries <a href=\"https:\/\/grandepremio.com\/es\/\/f1\/alex-albon-nyck-de-vries-italia-formula-1\/\" target=\"_blank\" rel=\"noreferrer noopener\">tuvo un debut<\/a> muy destacado en la F\u00f3rmula 1 este domingo, <a href=\"https:\/\/grandepremio.com\/es\/\/f1\/max-verstappen-victoria-gp-de-italia-formula-1\/\" target=\"_blank\" rel=\"noreferrer noopener\">con un noveno puesto con Williams en el GP de Italia y dos puntos en su primera participaci\u00f3n oficial en una carrera de la categor\u00eda.<\/a> Y en su balance luego de la actividad en Monza, el holand\u00e9s destac\u00f3 lo r\u00e1pido que recibi\u00f3 la llamada para la carrera y la avalancha de sensaciones que se apoder\u00f3 del piloto desde entonces.<\/p>\n\n\n\n<p class=\"wp-block-paragraph\">&#8220;Toda la experiencia, desde ayer hasta ahora, ha sido un sue\u00f1o&#8221;, celebr\u00f3 De Vries. &#8220;Subirse a un coche en el desfile de pilotos y ver toda la emoci\u00f3n que rodea a la F\u00f3rmula 1, tener la oportunidad de correr empezando en el top-10, ejecutar una gran carrera con puntos en el debut, ser llamado Piloto del D\u00eda\u2026 Todo ha sido incre\u00edble&#8221;, celebr\u00f3.<\/p>\n\n\n\n<figure class=\"wp-block-image size-large\"><img decoding=\"async\" src=\"https:\/\/grandepremio.com\/es\/\/wp-content\/uploads\/2022\/09\/de-vries-carrera-1024x684.jpg\" alt=\"\" class=\"wp-image-84711\"\/><figcaption>Nyck de Vries corri\u00f3 con Williams este fin de semana en reemplazo de Alex Albon, que sufri\u00f3 una apendicitis. (Foto: Williams)<\/figcaption><\/figure>\n\n\n\n<p class=\"wp-block-paragraph\"><strong><strong>\u00a1Conoce el canal de Grande Pr\u00eamio en Espa\u00f1ol en\u00a0<a href=\"https:\/\/www.youtube.com\/channel\/UCDxWojGVUi9gWYhrY0pGbIQ\" target=\"_blank\" rel=\"noreferrer noopener\">YouTube<\/a>!<br>\u00a1Sigue a\u00a0Grande Pr\u00eamio en Espa\u00f1ol\u00a0en\u00a0<a href=\"https:\/\/twitter.com\/grandepremioES\" target=\"_blank\" rel=\"noreferrer noopener\">Twitter\u00a0<\/a>y en\u00a0<a href=\"https:\/\/www.instagram.com\/grandepremioes\/\" target=\"_blank\" rel=\"noreferrer noopener\">Instagram<\/a>!<\/strong><\/strong><\/p>\n\n\n\n<p class=\"wp-block-paragraph\">Todav\u00eda en busca de un lugar en la F\u00f3rmula 1 en 2023, De Vries ha dado un paso muy importante para impresionar al paddock con una actuaci\u00f3n consistente en su debut, y un ritmo muy superior al del titular de Williams, Nicholas Latifi. Sin embargo, todav\u00eda prefiere mantener las expectativas bajas en torno a una posibilidad en el propio equipo brit\u00e1nico el pr\u00f3ximo a\u00f1o.<\/p>\n\n\n\n<p class=\"wp-block-paragraph\">&#8220;En \u00faltima instancia, no depende de m\u00ed decidir si debo tener un asiento [en la F1] o no. Por supuesto, s\u00f3lo puedo hacer mi trabajo&#8221;, subray\u00f3. &#8220;Vivimos en una industria competitiva, por lo que s\u00f3lo eres tan bueno como la \u00faltima carrera y siempre se te pide que rindas; por suerte, lo hice este fin de semana y aprovech\u00e9 la oportunidad con las dos manos&#8221;, a\u00f1adi\u00f3.<\/p>\n\n\n\n<p class=\"wp-block-paragraph\">La categor\u00eda\u00a0proseguir\u00e1 su campeonato el 2 de octubre, cuando se dispute el GP de Singapur.\u00a0<strong>Grande Pr\u00eamio en Espa\u00f1ol<\/strong>\u00a0sigue\u00a0<strong>EN VIVO Y EN TIEMPO REAL<\/strong>\u00a0todas las actividades del Mundial de F\u00f3rmula 1.<\/p>\n","protected":false},"excerpt":{"rendered":"<p>Sustituto de Alex Albon en Williams durante el GP de Italia, Nyck de Vries celebr\u00f3 su debut en la F\u00f3rmula 1 con un Top-10, aunque se mostr\u00f3 cauteloso sobre la posibilidad de un asiento en la F1 en 2023.<\/p>\n","protected":false},"author":0,"featured_media":1010084710,"comment_status":"closed","ping_status":"closed","sticky":false,"template":"","format":"standard","meta":{"42wp_featured_image_caption":"","42wp_featured_image_credits":"","42wp_featured_video":"","42wp_featured_image_hidden":false,"42wp_authors_list":[],"footnotes":""},"categories":[5],"tags":[262,181,1495,1676,179,673,422,1540,204],"42wp_author":[14223],"class_list":["post-21672","post","type-post","status-publish","format-standard","has-post-thumbnail","hentry","category-f1","tag-alex-albon","tag-f1","tag-f1-2022","tag-f1-2023","tag-formula-1","tag-gp-de-italia","tag-nicholas-latifi","tag-nyck-de-vries","tag-williams","42wp_author-esteban-nieto"],"_links":{"self":[{"href":"https:\/\/grandepremio.com\/es\/wp-json\/wp\/v2\/posts\/21672","targetHints":{"allow":["GET"]}}],"collection":[{"href":"https:\/\/grandepremio.com\/es\/wp-json\/wp\/v2\/posts"}],"about":[{"href":"https:\/\/grandepremio.com\/es\/wp-json\/wp\/v2\/types\/post"}],"replies":[{"embeddable":true,"href":"https:\/\/grandepremio.com\/es\/wp-json\/wp\/v2\/comments?post=21672"}],"version-history":[{"count":0,"href":"https:\/\/grandepremio.com\/es\/wp-json\/wp\/v2\/posts\/21672\/revisions"}],"wp:featuredmedia":[{"embeddable":true,"href":"https:\/\/grandepremio.com\/es\/wp-json\/wp\/v2\/media\/1010084710"}],"wp:attachment":[{"href":"https:\/\/grandepremio.com\/es\/wp-json\/wp\/v2\/media?parent=21672"}],"wp:term":[{"taxonomy":"category","embeddable":true,"href":"https:\/\/grandepremio.com\/es\/wp-json\/wp\/v2\/categories?post=21672"},{"taxonomy":"post_tag","embeddable":true,"href":"https:\/\/grandepremio.com\/es\/wp-json\/wp\/v2\/tags?post=21672"},{"taxonomy":"42wp_author","embeddable":true,"href":"https:\/\/grandepremio.com\/es\/wp-json\/wp\/v2\/42wp_author?post=21672"}],"curies":[{"name":"wp","href":"https:\/\/api.w.org\/{rel}","templated":true}]}}