{"id":21713,"date":"2022-09-09T15:59:03","date_gmt":"2022-09-09T18:59:03","guid":{"rendered":"https:\/\/grandepremio.com\/es\/2022\/09\/09\/george-russell-dia-raro-monza\/"},"modified":"2022-09-09T17:02:36","modified_gmt":"2022-09-09T20:02:36","slug":"george-russell-dia-raro-monza","status":"publish","type":"post","link":"https:\/\/grandepremio.com\/es\/f1\/george-russell-dia-raro-monza\/","title":{"rendered":"Russell admite &#8220;d\u00eda raro&#8221; en Monza y ve a Ferrari un paso por delante de Mercedes"},"content":{"rendered":"\n<p class=\"wp-block-paragraph\">George Russell cerr\u00f3 el viernes con un quinto puesto en los FP2 en Monza, a poco m\u00e1s de 0s722 del l\u00edder Carlos Sainz. El brit\u00e1nico de Mercedes quiere mantener su buena forma despu\u00e9s de un excelente segundo puesto en Zandvoort la semana pasada.<\/p>\n\n\n\n<p class=\"wp-block-paragraph\">Para ello, sin embargo, el rendimiento del W13 en la clasificaci\u00f3n y, en consecuencia, en la carrera de Monza, debe mejorar. Y Russell admiti\u00f3 que la posici\u00f3n de la pr\u00e1ctica reflejaba el extra\u00f1o d\u00eda vivido en Italia. &#8220;Parec\u00edamos fuertes en los FP1, pero Ferrari y Red Bull aparentemente dieron un paso m\u00e1s que nosotros, o quiz\u00e1s nosotros dimos un paso atr\u00e1s&#8221;, dijo George.<\/p>\n\n\n\n<p class=\"wp-block-paragraph\"><strong>\u00a1Conoce el canal de Grande Pr\u00eamio en Espa\u00f1ol en&nbsp;<a href=\"https:\/\/www.youtube.com\/channel\/UCDxWojGVUi9gWYhrY0pGbIQ\" target=\"_blank\" rel=\"noreferrer noopener\">YouTube<\/a>!<br>\u00a1Sigue a&nbsp;Grande Pr\u00eamio en Espa\u00f1ol&nbsp;en&nbsp;<a href=\"https:\/\/twitter.com\/grandepremioES\" target=\"_blank\" rel=\"noreferrer noopener\">Twitter&nbsp;<\/a>y en&nbsp;<a href=\"https:\/\/www.instagram.com\/grandepremioes\/\" target=\"_blank\" rel=\"noreferrer noopener\">Instagram<\/a>!<\/strong><\/p>\n\n\n\n<figure class=\"wp-block-image size-large\"><img decoding=\"async\" src=\"https:\/\/www.grandepremio.com\/br\/wp-content\/uploads\/2022\/09\/mercedes-georgerussell-02-4-1024x683.jpg\" alt=\"\" class=\"wp-image-612620\"\/><figcaption>George Russell termin\u00f3 el d\u00eda en Monza en quinto lugar (Foto: Mercedes)<\/figcaption><\/figure>\n\n\n\n<p class=\"wp-block-paragraph\">Para el piloto, cuarto en la temporada, los italianos tienen ventaja en la puesta a punto para el fin de semana. &#8220;Creo que somos similares a Red Bull, pero Ferrari parece mejor y en un escenario de carrera podr\u00edan tener un nuevo hecho para dar y eso ser\u00e1 algo con lo que tendremos que lidiar&#8221;, se\u00f1al\u00f3.<\/p>\n\n\n\n<p class=\"wp-block-paragraph\">Lo que s\u00ed preocupa a Russell para la secuencia del fin de semana es haber quedado por detr\u00e1s de McLaren, m\u00e1s concretamente de Lando Norris, que aventajaba en 0s048 al piloto de Mercedes. &#8220;Estamos por detr\u00e1s, as\u00ed que tendremos un poco de trabajo por delante para entender por qu\u00e9 es as\u00ed. Ha sido un d\u00eda raro&#8221;, termin\u00f3.<\/p>\n\n\n\n<p class=\"wp-block-paragraph\"><strong><strong>GRANDE PR\u00caMIO<\/strong>\u00a0<\/strong>sigue todas las actividades del Gran Premio de Italia de\u00a0<a href=\"https:\/\/grandepremio.com\/es\/\/f1\/\" target=\"_blank\" rel=\"noreferrer noopener\"><\/a><a href=\"https:\/\/grandepremio.com\/es\/\/f1\/\" target=\"_blank\" rel=\"noreferrer noopener\">F\u00f3rmula 1<\/a>. Los FP3 est\u00e1n programados para este s\u00e1bado a la 13:00 (hora local, GMT+2), y la clasificaci\u00f3n tendr\u00e1 lugar a las 16:00.<\/p>\n","protected":false},"excerpt":{"rendered":"<p>George Russell cerr\u00f3 este viernes en Monza en la quinta posici\u00f3n, a 0s722 del l\u00edder Carlos Sainz. Ahora, el brit\u00e1nico admite que Mercedes tiene trabajo que hacer para rendir bien este fin de semana.<\/p>\n","protected":false},"author":0,"featured_media":1010083811,"comment_status":"closed","ping_status":"closed","sticky":false,"template":"","format":"standard","meta":{"42wp_featured_image_caption":"","42wp_featured_image_credits":"","42wp_featured_video":"","42wp_featured_image_hidden":false,"42wp_authors_list":[],"footnotes":""},"categories":[5],"tags":[302,247,181,1495,185,179,2369,199,249,197,645,1948],"42wp_author":[14234],"class_list":["post-21713","post","type-post","status-publish","format-standard","has-post-thumbnail","hentry","category-f1","tag-carlos-sainz","tag-charles-leclerc","tag-f1","tag-f1-2022","tag-ferrari","tag-formula-1","tag-formula-1-hoy","tag-lewis-hamilton","tag-max-verstappen","tag-mercedes","tag-monza","tag-w13","42wp_author-douglas-rocha"],"_links":{"self":[{"href":"https:\/\/grandepremio.com\/es\/wp-json\/wp\/v2\/posts\/21713","targetHints":{"allow":["GET"]}}],"collection":[{"href":"https:\/\/grandepremio.com\/es\/wp-json\/wp\/v2\/posts"}],"about":[{"href":"https:\/\/grandepremio.com\/es\/wp-json\/wp\/v2\/types\/post"}],"replies":[{"embeddable":true,"href":"https:\/\/grandepremio.com\/es\/wp-json\/wp\/v2\/comments?post=21713"}],"version-history":[{"count":0,"href":"https:\/\/grandepremio.com\/es\/wp-json\/wp\/v2\/posts\/21713\/revisions"}],"wp:featuredmedia":[{"embeddable":true,"href":"https:\/\/grandepremio.com\/es\/wp-json\/wp\/v2\/media\/1010083811"}],"wp:attachment":[{"href":"https:\/\/grandepremio.com\/es\/wp-json\/wp\/v2\/media?parent=21713"}],"wp:term":[{"taxonomy":"category","embeddable":true,"href":"https:\/\/grandepremio.com\/es\/wp-json\/wp\/v2\/categories?post=21713"},{"taxonomy":"post_tag","embeddable":true,"href":"https:\/\/grandepremio.com\/es\/wp-json\/wp\/v2\/tags?post=21713"},{"taxonomy":"42wp_author","embeddable":true,"href":"https:\/\/grandepremio.com\/es\/wp-json\/wp\/v2\/42wp_author?post=21713"}],"curies":[{"name":"wp","href":"https:\/\/api.w.org\/{rel}","templated":true}]}}