{"id":21745,"date":"2022-09-06T14:24:21","date_gmt":"2022-09-06T17:24:21","guid":{"rendered":"https:\/\/grandepremio.com\/es\/2022\/09\/06\/marc-marquez-tests-honda-misano-motogp\/"},"modified":"2022-09-06T14:29:11","modified_gmt":"2022-09-06T17:29:11","slug":"marc-marquez-tests-honda-misano-motogp","status":"publish","type":"post","link":"https:\/\/grandepremio.com\/es\/motogp\/marc-marquez-tests-honda-misano-motogp\/","title":{"rendered":"Marc M\u00e1rquez confirma presencia en segundo d\u00eda de tests en Misano: \u201cEstoy c\u00f3modo\u201d"},"content":{"rendered":"\n<p class=\"wp-block-paragraph\">Marc M\u00e1rquez <a href=\"https:\/\/grandepremio.com\/es\/\/motogp\/marc-marquez-honda-rc213v-tests-misano\/\" target=\"_blank\" rel=\"noreferrer noopener\">finaliz\u00f3 la primera parte de la sesi\u00f3n de entrenamientos<\/a> del MotoGP en Misano sin poder contener su felicidad por volver a pilotar su Honda RC213V #93. Y el hexacampe\u00f3n confirm\u00f3 este martes, incluso antes de finalizar la jornada, que se subir\u00e1 a la moto en la actividad de ma\u00f1ana.<\/p>\n\n\n\n<p class=\"wp-block-paragraph\">Es la primera vez que M\u00e1rquez garantiza su presencia en las sesiones de pruebas del mi\u00e9rcoles. El domingo hab\u00eda dicho que primero quer\u00eda estar seguro de c\u00f3mo ser\u00eda este primer contacto 95 d\u00edas despu\u00e9s de su cuarta operaci\u00f3n en el brazo derecho, subrayando que todav\u00eda ten\u00eda &#8220;un largo camino por recorrer&#8221; en su recuperaci\u00f3n.<\/p>\n\n\n\n<p class=\"wp-block-paragraph\"><strong><strong>\u00a1Conoce el canal de Grande Pr\u00eamio en Espa\u00f1ol en\u00a0<a href=\"https:\/\/www.youtube.com\/channel\/UCDxWojGVUi9gWYhrY0pGbIQ\" target=\"_blank\" rel=\"noreferrer noopener\">YouTube<\/a>!<br>\u00a1Sigue a\u00a0Grande Pr\u00eamio en Espa\u00f1ol\u00a0en\u00a0<a href=\"https:\/\/twitter.com\/grandepremioES\" target=\"_blank\" rel=\"noreferrer noopener\">Twitter\u00a0<\/a>y en\u00a0<a href=\"https:\/\/www.instagram.com\/grandepremioes\/\" target=\"_blank\" rel=\"noreferrer noopener\">Instagram<\/a>!<\/strong><\/strong><\/p>\n\n\n\n<figure class=\"wp-block-image size-large\"><img decoding=\"async\" src=\"https:\/\/grandepremio.com\/es\/\/wp-content\/uploads\/2022\/09\/marc-marquez-entrenamiento2-819x1024.jpg\" alt=\"\" class=\"wp-image-83239\"\/><figcaption>Marc M\u00e1rquez en la pista de Misano. (Foto: Honda)<\/figcaption><\/figure>\n\n\n\n<p class=\"wp-block-paragraph\">&#8220;\u00a1Buenos sentimientos! Primer paseo completado en las pruebas, me siento bastante c\u00f3modo con la moto. Hora de descansar y prepararse para ma\u00f1ana!&#8221;, escribi\u00f3 el #93 en las redes sociales. En la primera parte, completada por la ma\u00f1ana en el circuito Marco Simoncelli, Marc marc\u00f3 su mejor vuelta en 1m32s395, a 0s864 del m\u00e1s r\u00e1pido, Aleix Espargar\u00f3.<\/p>\n\n\n\n<p class=\"wp-block-paragraph\">Marc hab\u00eda suspendido su participaci\u00f3n en el MotoGP despu\u00e9s del GP de Italia para someterse a una nueva cirug\u00eda, en lo que describi\u00f3 como el \u00faltimo intento por salvar su carrera. La intervenci\u00f3n sigue siendo consecuencia de la fractura que sufri\u00f3 en su brazo derecho durante el inicio de la temporada 2020, cuando se estrell\u00f3 en Jerez de la Frontera a bordo de su RC213V.<\/p>\n\n\n\n<p class=\"wp-block-paragraph\">En la intervenci\u00f3n realizada en la Cl\u00ednica Mayo de Rochester, los m\u00e9dicos tuvieron que volver a separar el hueso y rotarlo unos 30\u00ba, para poder devolverle a Marc la movilidad que hab\u00eda perdido en su brazo. Desde entonces, el seis veces campe\u00f3n de MotoGP ha estado en recuperaci\u00f3n.<\/p>\n","protected":false},"excerpt":{"rendered":"<p>Luego de obtener buenas sensaciones en su primer entrenamiento tras su operaci\u00f3n, Marc M\u00e1rquez confirm\u00f3 que continuar\u00e1 este mi\u00e9rcoles sus pruebas con la Honda RC213V en Misano. <\/p>\n","protected":false},"author":0,"featured_media":1010083238,"comment_status":"closed","ping_status":"closed","sticky":false,"template":"","format":"standard","meta":{"42wp_featured_image_caption":"","42wp_featured_image_credits":"","42wp_featured_video":"","42wp_featured_image_hidden":false,"42wp_authors_list":[],"footnotes":""},"categories":[8],"tags":[221,1392,1549,1293,1341,3306],"42wp_author":[14223],"class_list":["post-21745","post","type-post","status-publish","format-standard","has-post-thumbnail","hentry","category-motogp","tag-honda","tag-marc-marquez-2","tag-misano","tag-motogp","tag-motogp-2022","tag-tests-de-motogp","42wp_author-esteban-nieto"],"_links":{"self":[{"href":"https:\/\/grandepremio.com\/es\/wp-json\/wp\/v2\/posts\/21745","targetHints":{"allow":["GET"]}}],"collection":[{"href":"https:\/\/grandepremio.com\/es\/wp-json\/wp\/v2\/posts"}],"about":[{"href":"https:\/\/grandepremio.com\/es\/wp-json\/wp\/v2\/types\/post"}],"replies":[{"embeddable":true,"href":"https:\/\/grandepremio.com\/es\/wp-json\/wp\/v2\/comments?post=21745"}],"version-history":[{"count":0,"href":"https:\/\/grandepremio.com\/es\/wp-json\/wp\/v2\/posts\/21745\/revisions"}],"wp:featuredmedia":[{"embeddable":true,"href":"https:\/\/grandepremio.com\/es\/wp-json\/wp\/v2\/media\/1010083238"}],"wp:attachment":[{"href":"https:\/\/grandepremio.com\/es\/wp-json\/wp\/v2\/media?parent=21745"}],"wp:term":[{"taxonomy":"category","embeddable":true,"href":"https:\/\/grandepremio.com\/es\/wp-json\/wp\/v2\/categories?post=21745"},{"taxonomy":"post_tag","embeddable":true,"href":"https:\/\/grandepremio.com\/es\/wp-json\/wp\/v2\/tags?post=21745"},{"taxonomy":"42wp_author","embeddable":true,"href":"https:\/\/grandepremio.com\/es\/wp-json\/wp\/v2\/42wp_author?post=21745"}],"curies":[{"name":"wp","href":"https:\/\/api.w.org\/{rel}","templated":true}]}}