{"id":21770,"date":"2022-09-04T14:44:12","date_gmt":"2022-09-04T17:44:12","guid":{"rendered":"https:\/\/grandepremio.com\/es\/2022\/09\/04\/charles-leclerc-podio-gp-holanda-formula-1\/"},"modified":"2022-09-04T14:50:58","modified_gmt":"2022-09-04T17:50:58","slug":"charles-leclerc-podio-gp-holanda-formula-1","status":"publish","type":"post","link":"https:\/\/grandepremio.com\/es\/f1\/charles-leclerc-podio-gp-holanda-formula-1\/","title":{"rendered":"Leclerc lamenta mala suerte por VSC, pero se contenta con podio en el GP de Holanda"},"content":{"rendered":"\n<p class=\"wp-block-paragraph\"><a href=\"https:\/\/grandepremio.com\/es\/\/f1\/max-verstappen-victoria-gp-holanda-formula-1\/\" target=\"_blank\" rel=\"noreferrer noopener\">Charles Leclerc fue tercero en el GP de Holanda<\/a> y, m\u00e1s all\u00e1 de haber largado segundo, lo tom\u00f3 como un buen resultado. El monegasco entendi\u00f3 que la escuder\u00eda italiana no ten\u00eda ritmo para mucho m\u00e1s, con Max Verstappen al frente y con Mercedes con un ritmo muy competitivo.<\/p>\n\n\n\n<p class=\"wp-block-paragraph\">Leclerc se detuvo justo antes de la entrada del auto de seguridad virtual y perdi\u00f3 algo de tiempo all\u00ed, pero el piloto de Ferrari no sabe si eso fue un factor determinante en el resultado final en Holanda.<\/p>\n\n\n\n<p class=\"wp-block-paragraph\">&#8220;Sinceramente, era dif\u00edcil hacer algo mucho mejor. Tuvimos mala suerte en el VSC, pero no s\u00e9 si cambiar\u00eda algo, Max fue muy r\u00e1pido hoy&#8221;, declar\u00f3 el monegasco.<\/p>\n\n\n\n<figure class=\"wp-block-video\"><video class=\"video-js vjs-big-play-centered\" data-gp-vjs=\"1\" controls src=\"https:\/\/www.grandepremio.com\/br\/wp-content\/uploads\/2022\/09\/FHcHqQ5uN8sez8v_.mp4\"><\/video><figcaption>Lewis Hamilton termin\u00f3 furioso con Mercedes en la radio (V\u00eddeo: Reproducci\u00f3n\/F1 TV)<\/figcaption><\/figure>\n\n\n\n<p class=\"wp-block-paragraph\"><strong><strong>\u00a1Conoce el canal de Grande Pr\u00eamio en Espa\u00f1ol en\u00a0<a href=\"https:\/\/www.youtube.com\/channel\/UCDxWojGVUi9gWYhrY0pGbIQ\" target=\"_blank\" rel=\"noreferrer noopener\">YouTube<\/a>!<br>\u00a1Sigue a\u00a0Grande Pr\u00eamio en Espa\u00f1ol\u00a0en\u00a0<a href=\"https:\/\/twitter.com\/grandepremioES\" target=\"_blank\" rel=\"noreferrer noopener\">Twitter\u00a0<\/a>y en\u00a0<a href=\"https:\/\/www.instagram.com\/grandepremioes\/\" target=\"_blank\" rel=\"noreferrer noopener\">Instagram<\/a>!<\/strong><\/strong><\/p>\n\n\n\n<p class=\"wp-block-paragraph\">Es que Ferrari no pudo seguir el ritmo de Verstappen y tampoco tuvo mucho para contener los ataques de los Mercedes, sobre todo antes de las paradas del coche de seguridad.<\/p>\n\n\n\n<p class=\"wp-block-paragraph\">&#8220;Los Mercedes tambi\u00e9n volaron con los neum\u00e1ticos duros y nosotros, por el contrario, sufrimos para encontrar el mejor ritmo con los duros. As\u00ed que lo analizaremos bien&#8221;, a\u00f1adi\u00f3.<\/p>\n\n\n\n<p class=\"wp-block-paragraph\">Con el resultado en Holanda, Leclerc se hizo con el segundo puesto del campeonato, con 201 puntos, la misma puntuaci\u00f3n de Sergio P\u00e9rez, que se ubica tercero al contar con menos victorias. Tanto el monegasco como el mexicano est\u00e1n a 109 puntos de Verstappen.<\/p>\n\n\n\n<p class=\"wp-block-paragraph\">La F\u00f3rmula 1 volver\u00e1 el pr\u00f3ximo fin de semana, entre el 9 y el 11 de septiembre, para cerrar la \u00fanica triple ronda de la temporada 2022 con el GP de Italia en Monza.<\/p>\n","protected":false},"excerpt":{"rendered":"<p>Charles Leclerc se conform\u00f3 con el tercer puesto en el GP de Holanda, al considerar que tanto Red Bull como Mercedes tuvieron un ritmo superior en Zandvoort. <\/p>\n","protected":false},"author":0,"featured_media":1010083048,"comment_status":"closed","ping_status":"closed","sticky":false,"template":"","format":"standard","meta":{"42wp_featured_image_caption":"","42wp_featured_image_credits":"","42wp_featured_video":"","42wp_featured_image_hidden":false,"42wp_authors_list":[],"footnotes":""},"categories":[5],"tags":[302,247,181,1495,185,179,253,1443,199,249,197,206],"42wp_author":[14223],"class_list":["post-21770","post","type-post","status-publish","format-standard","has-post-thumbnail","hentry","category-f1","tag-carlos-sainz","tag-charles-leclerc","tag-f1","tag-f1-2022","tag-ferrari","tag-formula-1","tag-george-russell","tag-gp-de-holanda","tag-lewis-hamilton","tag-max-verstappen","tag-mercedes","tag-red-bull","42wp_author-esteban-nieto"],"_links":{"self":[{"href":"https:\/\/grandepremio.com\/es\/wp-json\/wp\/v2\/posts\/21770","targetHints":{"allow":["GET"]}}],"collection":[{"href":"https:\/\/grandepremio.com\/es\/wp-json\/wp\/v2\/posts"}],"about":[{"href":"https:\/\/grandepremio.com\/es\/wp-json\/wp\/v2\/types\/post"}],"replies":[{"embeddable":true,"href":"https:\/\/grandepremio.com\/es\/wp-json\/wp\/v2\/comments?post=21770"}],"version-history":[{"count":0,"href":"https:\/\/grandepremio.com\/es\/wp-json\/wp\/v2\/posts\/21770\/revisions"}],"wp:featuredmedia":[{"embeddable":true,"href":"https:\/\/grandepremio.com\/es\/wp-json\/wp\/v2\/media\/1010083048"}],"wp:attachment":[{"href":"https:\/\/grandepremio.com\/es\/wp-json\/wp\/v2\/media?parent=21770"}],"wp:term":[{"taxonomy":"category","embeddable":true,"href":"https:\/\/grandepremio.com\/es\/wp-json\/wp\/v2\/categories?post=21770"},{"taxonomy":"post_tag","embeddable":true,"href":"https:\/\/grandepremio.com\/es\/wp-json\/wp\/v2\/tags?post=21770"},{"taxonomy":"42wp_author","embeddable":true,"href":"https:\/\/grandepremio.com\/es\/wp-json\/wp\/v2\/42wp_author?post=21770"}],"curies":[{"name":"wp","href":"https:\/\/api.w.org\/{rel}","templated":true}]}}