{"id":21783,"date":"2022-09-03T16:28:18","date_gmt":"2022-09-03T19:28:18","guid":{"rendered":"https:\/\/grandepremio.com\/es\/2022\/09\/03\/fernando-alonso-fuera-q3-trafico\/"},"modified":"2022-09-03T16:28:20","modified_gmt":"2022-09-03T19:28:20","slug":"fernando-alonso-fuera-q3-trafico","status":"publish","type":"post","link":"https:\/\/grandepremio.com\/es\/f1\/fernando-alonso-fuera-q3-trafico\/","title":{"rendered":"Alonso dice que se qued\u00f3 fuera de la Q3 por el tr\u00e1fico y admite: &#8220;No era nuestro d\u00eda&#8221;"},"content":{"rendered":"\n<p class=\"wp-block-paragraph\">Fernando Alonso se qued\u00f3 fuera de la Q3 por segunda vez este a\u00f1o y saldr\u00e1 s\u00f3lo en 13\u00aa posici\u00f3n en el GP de Holanda. Este s\u00e1bado, el bicampe\u00f3n del mundo sali\u00f3 culpando al tr\u00e1fico provocado por Sergio P\u00e9rez de la eliminaci\u00f3n en la Q2. Seg\u00fan el espa\u00f1ol, la vuelta r\u00e1pida ser\u00eda suficiente para clasificar, con holgura, a la parte final de la qualy.<\/p>\n\n\n\n<p class=\"wp-block-paragraph\">Alonso entiende que Alpine ten\u00eda m\u00e1s ritmo en Holanda del que ha mostrado hasta ahora. El espa\u00f1ol habl\u00f3 del frenazo que tuvo que hacer para evitar una colisi\u00f3n con P\u00e9rez.<\/p>\n\n\n\n<p class=\"wp-block-paragraph\">&#8221; Desafortunadamente, hoy no era nuestro d\u00eda. El tr\u00e1fico en la Q2 me sac\u00f3 de la Q3, fui 0s5 m\u00e1s r\u00e1pido all\u00ed, deb\u00eda ser sexto. No pudimos mostrar nuestro verdadero potencial, pero estas cosas pasan en una pista estrecha como Zandvoort&#8221;, evalu\u00f3 Alonso.<\/p>\n\n\n\n<figure class=\"wp-block-image size-large\"><img decoding=\"async\" src=\"https:\/\/www.grandepremio.com\/br\/wp-content\/uploads\/2022\/09\/alpine-fernandoalonso-02-3-1024x683.jpg\" alt=\"\" class=\"wp-image-609734\"\/><figcaption>Fernando Alonso sale desde la s\u00e9ptima fila en Holanda (Foto: Alpine)<\/figcaption><\/figure>\n\n\n\n<p class=\"wp-block-paragraph\">El asturiano cree que Alpine tiene ritmo para hacer una buena carrera, el problema es encontrar un lugar para adelantar en Zandvoort. &#8220;Vamos a ver si podemos aprovechar el buen ritmo del coche ma\u00f1ana, que es cuando realmente cuenta. No es f\u00e1cil adelantar aqu\u00ed, ya lo vimos el a\u00f1o pasado, pero intentaremos conseguir el mayor n\u00famero de puntos posible&#8221;, a\u00f1adi\u00f3.<\/p>\n\n\n\n<p class=\"wp-block-paragraph\">Alonso es noveno en el Mundial de Pilotos con 51 puntos, 13 por detr\u00e1s de su compa\u00f1ero de equipo Esteban Ocon, que sale 12\u00ba en Holanda.<\/p>\n\n\n\n<p class=\"wp-block-paragraph\"><strong>VER TAMBI\u00c9N<br><a href=\"https:\/\/grandepremio.com\/es\/\/f1\/max-verstappen-charles-leclerc-holanda-formula-1\/\">Verstappen vence en batalla con Leclerc y logra la pole del GP de Holanda<br><\/a><a href=\"https:\/\/grandepremio.com\/es\/\/f1\/sergio-perez-suerte-auto-intacto-holanda\/\">P\u00e9rez celebra su \u00absuerte\u00bb con auto intacto tras el trompo en Holanda: \u00abLa p\u00e9rdida ser\u00eda alta\u00bb<\/a><\/strong><br><a href=\"https:\/\/grandepremio.com\/es\/\/f1\/red-bull-ferrari-fuerte-reserva-holanda\/\"><strong>Red Bull espera a Ferrari fuerte en carrera, pero se reserva para triunfar en Holanda<\/strong><\/a><\/p>\n\n\n\n<p class=\"wp-block-paragraph\"><strong>GRANDE PR\u00caMIO<\/strong>&nbsp;sigue todas las actividades del Gran Premio de Holanda de&nbsp;<a href=\"https:\/\/www.grandepremio.com\/br\/f1\/\" target=\"_blank\" rel=\"noreferrer noopener\">F\u00f3rmula 1<\/a>. El domingo, la salida est\u00e1 prevista para las 15:00 horas [local, GMT+2] en el circuito de Zandvoort.<\/p>\n","protected":false},"excerpt":{"rendered":"<p>Fernando Alonso culp\u00f3 a Sergio P\u00e9rez, que estaba en una vuelta de desaceleraci\u00f3n, de su eliminaci\u00f3n antes de la Q3 del GP de Holanda. El bicampe\u00f3n sabe que la reacci\u00f3n ser\u00e1 complicada, en una pista dif\u00edcil de adelantar.<\/p>\n","protected":false},"author":0,"featured_media":1010081904,"comment_status":"closed","ping_status":"closed","sticky":false,"template":"","format":"standard","meta":{"42wp_featured_image_caption":"","42wp_featured_image_credits":"","42wp_featured_video":"","42wp_featured_image_hidden":false,"42wp_authors_list":[],"footnotes":""},"categories":[5],"tags":[678,1519,362,181,1495,184,179,2369,1443,1488,2237,808],"42wp_author":[14234],"class_list":["post-21783","post","type-post","status-publish","format-standard","has-post-thumbnail","hentry","category-f1","tag-alpine","tag-clasificacion-f1","tag-esteban-ocon","tag-f1","tag-f1-2022","tag-fernando-alonso","tag-formula-1","tag-formula-1-hoy","tag-gp-de-holanda","tag-grande-premio","tag-grandepremio","tag-zandvoort","42wp_author-douglas-rocha"],"_links":{"self":[{"href":"https:\/\/grandepremio.com\/es\/wp-json\/wp\/v2\/posts\/21783","targetHints":{"allow":["GET"]}}],"collection":[{"href":"https:\/\/grandepremio.com\/es\/wp-json\/wp\/v2\/posts"}],"about":[{"href":"https:\/\/grandepremio.com\/es\/wp-json\/wp\/v2\/types\/post"}],"replies":[{"embeddable":true,"href":"https:\/\/grandepremio.com\/es\/wp-json\/wp\/v2\/comments?post=21783"}],"version-history":[{"count":0,"href":"https:\/\/grandepremio.com\/es\/wp-json\/wp\/v2\/posts\/21783\/revisions"}],"wp:featuredmedia":[{"embeddable":true,"href":"https:\/\/grandepremio.com\/es\/wp-json\/wp\/v2\/media\/1010081904"}],"wp:attachment":[{"href":"https:\/\/grandepremio.com\/es\/wp-json\/wp\/v2\/media?parent=21783"}],"wp:term":[{"taxonomy":"category","embeddable":true,"href":"https:\/\/grandepremio.com\/es\/wp-json\/wp\/v2\/categories?post=21783"},{"taxonomy":"post_tag","embeddable":true,"href":"https:\/\/grandepremio.com\/es\/wp-json\/wp\/v2\/tags?post=21783"},{"taxonomy":"42wp_author","embeddable":true,"href":"https:\/\/grandepremio.com\/es\/wp-json\/wp\/v2\/42wp_author?post=21783"}],"curies":[{"name":"wp","href":"https:\/\/api.w.org\/{rel}","templated":true}]}}