{"id":21785,"date":"2022-09-03T14:58:03","date_gmt":"2022-09-03T17:58:03","guid":{"rendered":"https:\/\/grandepremio.com\/es\/2022\/09\/03\/lewis-hamilton-clasificacion-gp-holanda-formula-1\/"},"modified":"2022-09-03T14:58:42","modified_gmt":"2022-09-03T17:58:42","slug":"lewis-hamilton-clasificacion-gp-holanda-formula-1","status":"publish","type":"post","link":"https:\/\/grandepremio.com\/es\/f1\/lewis-hamilton-clasificacion-gp-holanda-formula-1\/","title":{"rendered":"Hamilton lamenta bandera amarilla que \u201ccost\u00f3 primera fila\u201d de largada en Holanda"},"content":{"rendered":"\n<p class=\"wp-block-paragraph\">Si no hubiera sido por el error de Sergio P\u00e9rez al final de la Q3 del s\u00e1bado, Lewis Hamilton largar\u00eda al lado de Max Verstappen en el GP de Holanda de F\u00f3rmula 1. Al menos, eso lo que cree el propio siete veces campe\u00f3n del mundo, tras haber clasificado cuarto.<\/p>\n\n\n\n<p class=\"wp-block-paragraph\">Luego de que su RB18 se fuera de cola en una de las \u00faltimas curvas de Zandvoort e hiciera un trompo, &#8216;Checo&#8217; no s\u00f3lo acab\u00f3 con sus propias posibilidades, sino tambi\u00e9n con las de todos los dem\u00e1s pilotos que iban detr\u00e1s y a\u00fan no hab\u00edan cerrado sus respectivas vueltas finales en la clasificaci\u00f3n de Zandvoort. Entre ellos, tambi\u00e9n estaba Hamilton.<\/p>\n\n\n\n<p class=\"wp-block-paragraph\"><strong><strong>\u00a1Conoce el canal de Grande Pr\u00eamio en Espa\u00f1ol en\u00a0<a href=\"https:\/\/www.youtube.com\/channel\/UCDxWojGVUi9gWYhrY0pGbIQ\" target=\"_blank\" rel=\"noreferrer noopener\">YouTube<\/a>!<br>\u00a1Sigue a\u00a0Grande Pr\u00eamio en Espa\u00f1ol\u00a0en\u00a0<a href=\"https:\/\/twitter.com\/grandepremioES\" target=\"_blank\" rel=\"noreferrer noopener\">Twitter\u00a0<\/a>y en\u00a0<a href=\"https:\/\/www.instagram.com\/grandepremioes\/\" target=\"_blank\" rel=\"noreferrer noopener\">Instagram<\/a><\/strong><\/strong><\/p>\n\n\n\n<figure class=\"wp-block-image size-large\"><img decoding=\"async\" src=\"https:\/\/grandepremio.com\/es\/\/wp-content\/uploads\/2022\/09\/perez-holanda-1024x654.jpg\" alt=\"\" class=\"wp-image-81897\"\/><figcaption>Sergio P\u00e9rez se despist\u00f3 en la Q3 de clasificaci\u00f3n del GP de Holanda. (Foto: F1\/Twitter) <\/figcaption><\/figure>\n\n\n\n<p class=\"wp-block-paragraph\">&#8220;Realmente me siento bien. Estoy muy contento de que el auto por fin se haya sentido vivo este fin de semana. Pasar por la Q1, por la Q2, estar por poco detr\u00e1s de Red Bull\u2026 la sensaci\u00f3n es genial. El rendimiento realmente me dio muchas esperanzas de que pod\u00edamos luchar por la primera fila, pero la bandera amarilla al final fue un poco desafortunada para nosotros. Son cosas que suceden y forman parte del automovilismo&#8221;, coment\u00f3 el brit\u00e1nico.<\/p>\n\n\n\n<p class=\"wp-block-paragraph\">Contento con la mejora del rendimiento del W13 y de Mercedes en Holanda, Hamilton conf\u00eda en una buena carrera del equipo alem\u00e1n el domingo.<\/p>\n\n\n\n<p class=\"wp-block-paragraph\">&#8220;De alguna manera redujimos la diferencia con el ritmo de una vuelta. No entiendo muy bien c\u00f3mo, pero est\u00e1 bien. Espero que eso signifique que tambi\u00e9n estaremos cerca en la carrera. Si podemos hacerlo, ser\u00e1 fant\u00e1stico. Si podemos desafiar a los rivales y luchar con los tres que est\u00e1n por delante de m\u00ed, ser\u00e1 una experiencia incre\u00edble&#8221;, finaliz\u00f3 el brit\u00e1nico.<\/p>\n","protected":false},"excerpt":{"rendered":"<p>Lewis Hamilton consider\u00f3 que la bandera amarilla provocada por Sergio P\u00e9rez en la Q3 de clasificaci\u00f3n del GP de Holanda imposibilit\u00f3 que pudiera largar desde la primera fila en Zandvoort.<\/p>\n","protected":false},"author":0,"featured_media":1010081899,"comment_status":"closed","ping_status":"closed","sticky":false,"template":"","format":"standard","meta":{"42wp_featured_image_caption":"","42wp_featured_image_credits":"","42wp_featured_video":"","42wp_featured_image_hidden":false,"42wp_authors_list":[],"footnotes":""},"categories":[5],"tags":[302,247,181,1495,185,179,1443,199,249,197,206],"42wp_author":[14223],"class_list":["post-21785","post","type-post","status-publish","format-standard","has-post-thumbnail","hentry","category-f1","tag-carlos-sainz","tag-charles-leclerc","tag-f1","tag-f1-2022","tag-ferrari","tag-formula-1","tag-gp-de-holanda","tag-lewis-hamilton","tag-max-verstappen","tag-mercedes","tag-red-bull","42wp_author-esteban-nieto"],"_links":{"self":[{"href":"https:\/\/grandepremio.com\/es\/wp-json\/wp\/v2\/posts\/21785","targetHints":{"allow":["GET"]}}],"collection":[{"href":"https:\/\/grandepremio.com\/es\/wp-json\/wp\/v2\/posts"}],"about":[{"href":"https:\/\/grandepremio.com\/es\/wp-json\/wp\/v2\/types\/post"}],"replies":[{"embeddable":true,"href":"https:\/\/grandepremio.com\/es\/wp-json\/wp\/v2\/comments?post=21785"}],"version-history":[{"count":0,"href":"https:\/\/grandepremio.com\/es\/wp-json\/wp\/v2\/posts\/21785\/revisions"}],"wp:featuredmedia":[{"embeddable":true,"href":"https:\/\/grandepremio.com\/es\/wp-json\/wp\/v2\/media\/1010081899"}],"wp:attachment":[{"href":"https:\/\/grandepremio.com\/es\/wp-json\/wp\/v2\/media?parent=21785"}],"wp:term":[{"taxonomy":"category","embeddable":true,"href":"https:\/\/grandepremio.com\/es\/wp-json\/wp\/v2\/categories?post=21785"},{"taxonomy":"post_tag","embeddable":true,"href":"https:\/\/grandepremio.com\/es\/wp-json\/wp\/v2\/tags?post=21785"},{"taxonomy":"42wp_author","embeddable":true,"href":"https:\/\/grandepremio.com\/es\/wp-json\/wp\/v2\/42wp_author?post=21785"}],"curies":[{"name":"wp","href":"https:\/\/api.w.org\/{rel}","templated":true}]}}