{"id":21792,"date":"2022-09-03T12:46:07","date_gmt":"2022-09-03T15:46:07","guid":{"rendered":"https:\/\/grandepremio.com\/es\/2022\/09\/03\/sainz-falta-ritmo-primera-fila-holanda\/"},"modified":"2022-09-03T12:46:09","modified_gmt":"2022-09-03T15:46:09","slug":"sainz-falta-ritmo-primera-fila-holanda","status":"publish","type":"post","link":"https:\/\/grandepremio.com\/es\/f1\/sainz-falta-ritmo-primera-fila-holanda\/","title":{"rendered":"Sainz lamenta falta de ritmo para alcanzar primera fila en Holanda: &#8220;Estaba al l\u00edmite&#8221;"},"content":{"rendered":"\n<p class=\"wp-block-paragraph\">Carlos Sainz no tuvo una vida f\u00e1cil en <a href=\"https:\/\/grandepremio.com\/es\/\/f1\/max-verstappen-charles-leclerc-holanda-formula-1\/\" target=\"_blank\" rel=\"noreferrer noopener\">la clasificaci\u00f3n de este s\u00e1bado<\/a> en Zandvoort. El piloto de Ferrari no estaba en condiciones de pelear con Charles Leclerc y Max Verstappen, que consigui\u00f3 la 17\u00aa pole en su carrera y le toc\u00f3 al espa\u00f1ol hacerse con la tercera plaza de la parrilla de salida.<\/p>\n\n\n\n<p class=\"wp-block-paragraph\">El espa\u00f1ol libr\u00f3 una feroz pelea con los dos Mercedes y con Sergio P\u00e9rez para asegurarse esta posici\u00f3n. Y dio su visi\u00f3n de lo que le faltaba para entrar en la lucha por la primera fila en Holanda.<\/p>\n\n\n\n<p class=\"wp-block-paragraph\">\u201cTuve una vuelta limpia, sin errores, pero faltaba esa d\u00e9cima adicional con Charles [Leclerc] y Max [Verstappen]. Estaba al l\u00edmite, intent\u00e9 usar cada metro de la pista\u201d, dijo el espa\u00f1ol, que termin\u00f3 a 0s092 del holand\u00e9s de Red Bull.<\/p>\n\n\n\n<p class=\"wp-block-paragraph\"><strong>\u00a1Conoce el canal de Grande Pr\u00eamio en Espa\u00f1ol en\u00a0<a href=\"https:\/\/www.youtube.com\/channel\/UCDxWojGVUi9gWYhrY0pGbIQ\" target=\"_blank\" rel=\"noreferrer noopener\">YouTube<\/a>!<br>\u00a1Sigue a\u00a0Grande Pr\u00eamio en Espa\u00f1ol\u00a0en\u00a0<a href=\"https:\/\/twitter.com\/grandepremioES\" target=\"_blank\" rel=\"noreferrer noopener\">Twitter\u00a0<\/a>y en\u00a0<a href=\"https:\/\/www.instagram.com\/grandepremioes\/\" target=\"_blank\" rel=\"noreferrer noopener\">Instagram<\/a>!<\/strong><\/p>\n\n\n\n<figure class=\"wp-block-image size-large\"><img decoding=\"async\" src=\"https:\/\/www.grandepremio.com\/br\/wp-content\/uploads\/2022\/09\/000_32HL2CE-1024x683.jpg\" alt=\"\" class=\"wp-image-609900\"\/><figcaption>Sainz no tuvo suficiente ritmo para alcanzar la primera fila en Zandvoort (Foto: AFP)<\/figcaption><\/figure>\n\n\n\n<p class=\"wp-block-paragraph\">Sainz elogi\u00f3 el buen trabajo realizado por Ferrari durante la clasificaci\u00f3n, ya que el equipo sufre demasiado las cr\u00edticas por las decisiones tomadas en la temporada. \u201cNo fue f\u00e1cil desde la Q1 hasta la Q3, pero al final creo que lo hicimos bien. La pista con estos coches m\u00e1s pesados \u200b\u200bes muy dif\u00edcil, hay mucho sobrecalentamiento y degradaci\u00f3n de los neum\u00e1ticos\u201d, afirm\u00f3.<\/p>\n\n\n\n<p class=\"wp-block-paragraph\">Para la carrera de ma\u00f1ana, Carlos ahora est\u00e1 recogiendo las piezas y pronosticando un d\u00eda interesante. \u201cEst\u00e1n sucediendo muchas cosas, incluso si es dif\u00edcil adelantar aqu\u00ed. Tendremos muchas opciones basadas en la estrategia\u201d, complet\u00f3.<\/p>\n","protected":false},"excerpt":{"rendered":"<p>Carlos Sainz se qued\u00f3 a 0s092 de quitarle la pole a Max Verstappen, pero no pudo. Ahora, apuesta por interesantes estrategias para conseguir la segunda victoria en la temporada 2022 de F1<\/p>\n","protected":false},"author":0,"featured_media":1010081862,"comment_status":"closed","ping_status":"closed","sticky":false,"template":"","format":"standard","meta":{"42wp_featured_image_caption":"","42wp_featured_image_credits":"","42wp_featured_video":"","42wp_featured_image_hidden":false,"42wp_authors_list":[],"footnotes":""},"categories":[5],"tags":[302,1519,181,1495,185,179,1443,1577,808],"42wp_author":[14233],"class_list":["post-21792","post","type-post","status-publish","format-standard","has-post-thumbnail","hentry","category-f1","tag-carlos-sainz","tag-clasificacion-f1","tag-f1","tag-f1-2022","tag-ferrari","tag-formula-1","tag-gp-de-holanda","tag-holanda","tag-zandvoort","42wp_author-eric-calduch"],"_links":{"self":[{"href":"https:\/\/grandepremio.com\/es\/wp-json\/wp\/v2\/posts\/21792","targetHints":{"allow":["GET"]}}],"collection":[{"href":"https:\/\/grandepremio.com\/es\/wp-json\/wp\/v2\/posts"}],"about":[{"href":"https:\/\/grandepremio.com\/es\/wp-json\/wp\/v2\/types\/post"}],"replies":[{"embeddable":true,"href":"https:\/\/grandepremio.com\/es\/wp-json\/wp\/v2\/comments?post=21792"}],"version-history":[{"count":0,"href":"https:\/\/grandepremio.com\/es\/wp-json\/wp\/v2\/posts\/21792\/revisions"}],"wp:featuredmedia":[{"embeddable":true,"href":"https:\/\/grandepremio.com\/es\/wp-json\/wp\/v2\/media\/1010081862"}],"wp:attachment":[{"href":"https:\/\/grandepremio.com\/es\/wp-json\/wp\/v2\/media?parent=21792"}],"wp:term":[{"taxonomy":"category","embeddable":true,"href":"https:\/\/grandepremio.com\/es\/wp-json\/wp\/v2\/categories?post=21792"},{"taxonomy":"post_tag","embeddable":true,"href":"https:\/\/grandepremio.com\/es\/wp-json\/wp\/v2\/tags?post=21792"},{"taxonomy":"42wp_author","embeddable":true,"href":"https:\/\/grandepremio.com\/es\/wp-json\/wp\/v2\/42wp_author?post=21792"}],"curies":[{"name":"wp","href":"https:\/\/api.w.org\/{rel}","templated":true}]}}