{"id":21794,"date":"2022-09-03T12:16:26","date_gmt":"2022-09-03T15:16:26","guid":{"rendered":"https:\/\/grandepremio.com\/es\/2022\/09\/03\/max-verstappen-apretada-pole-holanda\/"},"modified":"2022-09-03T12:16:28","modified_gmt":"2022-09-03T15:16:28","slug":"max-verstappen-apretada-pole-holanda","status":"publish","type":"post","link":"https:\/\/grandepremio.com\/es\/f1\/max-verstappen-apretada-pole-holanda\/","title":{"rendered":"Verstappen ve &#8220;apretada&#8221; lucha por la pole en Holanda y festeja: &#8220;Incre\u00edble y especial&#8221;"},"content":{"rendered":"\n<p class=\"wp-block-paragraph\">Mal viernes, fuerte ritmo de Ferrari y Mercedes\u2026 puede parecer una locura, pero no es una exageraci\u00f3n decir que Max Verstappen &#8216;corri\u00f3 por fuera&#8217; en la lucha por la pole position este s\u00e1bado en <a href=\"https:\/\/grandepremio.com\/es\/\/f1\/max-verstappen-charles-leclerc-holanda-formula-1\/\">la qualy del GP de Holanda de F\u00f3rmula 1<\/a>. Pero el actual campe\u00f3n mundial volvi\u00f3 a sorprender.<\/p>\n\n\n\n<p class=\"wp-block-paragraph\">Con un tiempo de 1min10s342, el holand\u00e9s pudo celebrarlo ante su p\u00fablico en Zandvoort y, por 17\u00aa vez en su carrera, consigui\u00f3 la pole position para la carrera. Con Charles Leclerc a s\u00f3lo 0s021 de distancia, Verstappen reconoci\u00f3 las dif\u00edciles circunstancias de la carrera de la pole.<\/p>\n\n\n\n<p class=\"wp-block-paragraph\"><strong><strong><strong>\u00a1Conoce el canal de Grande Pr\u00eamio en Espa\u00f1ol en\u00a0<a href=\"https:\/\/www.youtube.com\/channel\/UCDxWojGVUi9gWYhrY0pGbIQ\" target=\"_blank\" rel=\"noreferrer noopener\">YouTube<\/a>!<br>\u00a1Sigue a\u00a0Grande Pr\u00eamio en Espa\u00f1ol\u00a0en\u00a0<a href=\"https:\/\/twitter.com\/grandepremioES\" target=\"_blank\" rel=\"noreferrer noopener\">Twitter\u00a0<\/a>y en\u00a0<a href=\"https:\/\/www.instagram.com\/grandepremioes\/\" target=\"_blank\" rel=\"noreferrer noopener\">Instagram<\/a>!<\/strong><\/strong><\/strong><\/p>\n\n\n\n<figure class=\"wp-block-image size-large\"><img decoding=\"async\" src=\"https:\/\/grandepremio.com\/es\/\/wp-content\/uploads\/2022\/09\/SI202209030351_news-1024x814.jpg\" alt=\"\" class=\"wp-image-81854\"\/><figcaption>Max Verstappen logr\u00f3 otra vez pa pole en su carrera de casa en Holanda (Foto: Red Bull Content Pool)<\/figcaption><\/figure>\n\n\n\n<p class=\"wp-block-paragraph\">&#8220;Incre\u00edble. Es especial, tambi\u00e9n por lo de ayer, que tuvimos un d\u00eda dif\u00edcil. Todo el mundo trabaj\u00f3 duro durante la noche, con todo el equipo, para darle la vuelta. Hoy hemos vuelto a tener un coche r\u00e1pido. Estaba muy apretado&#8221;, dijo el piloto de Red Bull.<\/p>\n\n\n\n<p class=\"wp-block-paragraph\">&#8220;Hemos cambiado mucho (el coche). Ayer fue todo muy apresurado, sobre todo para tener el coche listo para los FP2. Hoy ha sido, una vez m\u00e1s, muy agradable conducir&#8221;, a\u00f1adi\u00f3.<\/p>\n\n\n\n<p class=\"wp-block-paragraph\"><strong>GRANDE PR\u00caMIO<\/strong> sigue todas las actividades del Gran Premio de Holanda de F\u00f3rmula 1. El domingo, la salida est\u00e1 prevista para las 15:00 horas [local, GMT+2] en el circuito de Zandvoort.<\/p>\n","protected":false},"excerpt":{"rendered":"<p>Max Verstappen, el actual campe\u00f3n del mundo, repiti\u00f3 la haza\u00f1a de 2021 y partir\u00e1 desde el primer puesto en Holanda. El piloto de la casa atribuy\u00f3 la mejora del RB18 al trabajo de Red Bull el viernes por la noche.<\/p>\n","protected":false},"author":0,"featured_media":1010081853,"comment_status":"closed","ping_status":"closed","sticky":false,"template":"","format":"standard","meta":{"42wp_featured_image_caption":"","42wp_featured_image_credits":"","42wp_featured_video":"","42wp_featured_image_hidden":false,"42wp_authors_list":[],"footnotes":""},"categories":[5],"tags":[3299,181,1495,179,2369,1443,1488,2237,249,2169,206,808],"42wp_author":[14234],"class_list":["post-21794","post","type-post","status-publish","format-standard","has-post-thumbnail","hentry","category-f1","tag-clasficiacion-f1","tag-f1","tag-f1-2022","tag-formula-1","tag-formula-1-hoy","tag-gp-de-holanda","tag-grande-premio","tag-grandepremio","tag-max-verstappen","tag-rb18","tag-red-bull","tag-zandvoort","42wp_author-douglas-rocha"],"_links":{"self":[{"href":"https:\/\/grandepremio.com\/es\/wp-json\/wp\/v2\/posts\/21794","targetHints":{"allow":["GET"]}}],"collection":[{"href":"https:\/\/grandepremio.com\/es\/wp-json\/wp\/v2\/posts"}],"about":[{"href":"https:\/\/grandepremio.com\/es\/wp-json\/wp\/v2\/types\/post"}],"replies":[{"embeddable":true,"href":"https:\/\/grandepremio.com\/es\/wp-json\/wp\/v2\/comments?post=21794"}],"version-history":[{"count":0,"href":"https:\/\/grandepremio.com\/es\/wp-json\/wp\/v2\/posts\/21794\/revisions"}],"wp:featuredmedia":[{"embeddable":true,"href":"https:\/\/grandepremio.com\/es\/wp-json\/wp\/v2\/media\/1010081853"}],"wp:attachment":[{"href":"https:\/\/grandepremio.com\/es\/wp-json\/wp\/v2\/media?parent=21794"}],"wp:term":[{"taxonomy":"category","embeddable":true,"href":"https:\/\/grandepremio.com\/es\/wp-json\/wp\/v2\/categories?post=21794"},{"taxonomy":"post_tag","embeddable":true,"href":"https:\/\/grandepremio.com\/es\/wp-json\/wp\/v2\/tags?post=21794"},{"taxonomy":"42wp_author","embeddable":true,"href":"https:\/\/grandepremio.com\/es\/wp-json\/wp\/v2\/42wp_author?post=21794"}],"curies":[{"name":"wp","href":"https:\/\/api.w.org\/{rel}","templated":true}]}}