{"id":21803,"date":"2022-09-02T18:31:17","date_gmt":"2022-09-02T21:31:17","guid":{"rendered":"https:\/\/grandepremio.com\/es\/2022\/09\/02\/red-bull-rivales-favoritos-indirecta-sergio-perez\/"},"modified":"2022-09-02T18:31:19","modified_gmt":"2022-09-02T21:31:19","slug":"red-bull-rivales-favoritos-indirecta-sergio-perez","status":"publish","type":"post","link":"https:\/\/grandepremio.com\/es\/f1\/red-bull-rivales-favoritos-indirecta-sergio-perez\/","title":{"rendered":"Red Bull ve a rivales como favoritos y lanza indirecta a P\u00e9rez: &#8220;No suele impresionar&#8221;"},"content":{"rendered":"\n<figure class=\"wp-block-embed is-type-video is-provider-youtube wp-block-embed-youtube wp-embed-aspect-16-9 wp-has-aspect-ratio\"><div class=\"wp-block-embed__wrapper\">\n<iframe loading=\"lazy\" title=\"\u00bfTERMIN\u00d3 LA F\u00d3RMULA 1 2022? VERSTAPPEN Y MERCADO DE PILOTOS | Paddock GP\" width=\"500\" height=\"281\" src=\"https:\/\/www.youtube.com\/embed\/zzMI7m7j8zA?feature=oembed\" frameborder=\"0\" allow=\"accelerometer; autoplay; clipboard-write; encrypted-media; gyroscope; picture-in-picture; web-share\" referrerpolicy=\"strict-origin-when-cross-origin\" allowfullscreen><\/iframe>\n<\/div><figcaption>Eric Calduch repasa el dominio aplastante de Max Verstappen en la F1 2022 y sus chances de las posibilidades de convertirse pronto en bicampe\u00f3n | GP A LAS 10<\/figcaption><\/figure>\n\n\n\n<p class=\"wp-block-paragraph\">Red Bull tuvo un primer d\u00eda dif\u00edcil en el GP de Holanda este viernes, con Max Verstappen y Sergio P\u00e9rez muy por detr\u00e1s del primer grupo en ambas sesiones de entrenamientos. Helmut Marko explic\u00f3 que el equipo hab\u00eda ca\u00eddo en una falsa sensaci\u00f3n de seguridad al sobrestimar el ritmo del coche con las gomas duras.<\/p>\n\n\n\n<p class=\"wp-block-paragraph\">&#8220;Sobreestimamos dr\u00e1sticamente la importancia de los neum\u00e1ticos duros&#8221;, explic\u00f3 Marko. &#8220;Nos sentimos bien con estos neum\u00e1ticos, cuando pens\u00e1bamos que no tendr\u00edamos nada de agarre. En este momento no tenemos un buen equilibrio, no tenemos agarre y los neum\u00e1ticos se han sobrecalentado demasiado r\u00e1pido&#8221;, lament\u00f3.<\/p>\n\n\n\n<p class=\"wp-block-paragraph\">Al comentar los problemas que experiment\u00f3 Sergio P\u00e9rez en la primera sesi\u00f3n del fin de semana, Marko no dej\u00f3 de criticar al mexicano, que suele presentar dificultades los viernes y se qued\u00f3 a m\u00e1s de 1s del l\u00edder Charles Leclerc en los FP2. Adem\u00e1s, volvi\u00f3 a destacar que el buen rendimiento con los neum\u00e1ticos duros gener\u00f3 una sensaci\u00f3n de velocidad ilusoria al equipo austriaco.<\/p>\n\n\n\n<p class=\"wp-block-paragraph\"><strong><strong><strong>\u00a1Conoce el canal de Grande Pr\u00eamio en Espa\u00f1ol en\u00a0<a href=\"https:\/\/www.youtube.com\/channel\/UCDxWojGVUi9gWYhrY0pGbIQ\" target=\"_blank\" rel=\"noreferrer noopener\">YouTube<\/a>!<br>\u00a1Sigue a\u00a0Grande Pr\u00eamio en Espa\u00f1ol\u00a0en\u00a0<a href=\"https:\/\/twitter.com\/grandepremioES\" target=\"_blank\" rel=\"noreferrer noopener\">Twitter\u00a0<\/a>y en\u00a0<a href=\"https:\/\/www.instagram.com\/grandepremioes\/\" target=\"_blank\" rel=\"noreferrer noopener\">Instagram<\/a>!<\/strong><\/strong><\/strong><\/p>\n\n\n\n<figure class=\"wp-block-image size-large\"><img decoding=\"async\" src=\"https:\/\/www.grandepremio.com\/br\/wp-content\/uploads\/2022\/09\/redbull-sergioperez-01-1-1024x683.jpg\" alt=\"\" class=\"wp-image-609034\"\/><figcaption>Sergio P\u00e9rez recibi\u00f3 cr\u00edticas de Helmut Marko tras la primera jornada del GP de Holanda (Foto: Red Bull Content Pool)<\/figcaption><\/figure>\n\n\n\n<p class=\"wp-block-paragraph\">&#8220;P\u00e9rez tuvo todos esos problemas en los primeros entrenamientos, pero pensamos que era s\u00f3lo su ritmo del viernes. Por lo general, no es muy impresionante&#8221;, brome\u00f3 Marko. &#8220;Es probable que los neum\u00e1ticos duros no se utilicen durante la carrera -por lo que los utilizamos directamente en la salida de los FP2-, as\u00ed que quer\u00edamos descartarlo. Est\u00e1bamos por delante con esos neum\u00e1ticos, as\u00ed que pensamos que era una buena posici\u00f3n&#8221;, reconoci\u00f3.<\/p>\n\n\n\n<p class=\"wp-block-paragraph\">&#8220;Eso significa que tenemos que volver a trabajar duro el s\u00e1bado y el domingo para conseguir que el coche funcione perfectamente&#8221;, continu\u00f3 Marko. &#8220;Por el momento, estamos lejos de eso. No estuvo mal en el largo viaje de los FP2, porque en ese momento ya hab\u00edamos adaptado algunas cosas al coche. Sin embargo, el desgaste de los neum\u00e1ticos era muy alto&#8221;, analiz\u00f3.<\/p>\n\n\n\n<p class=\"wp-block-paragraph\"><strong>VER TAMBI\u00c9N<br><a href=\"https:\/\/grandepremio.com\/es\/\/f1\/charles-leclerc-doblete-holanda-ferrari-formula-1\/\">Leclerc encabeza 1-2 de Ferrari en segunda pr\u00e1ctica en Holanda; Verstappen, 8\u00b0<\/a><br><a href=\"https:\/\/grandepremio.com\/es\/\/f1\/max-verstappen-equilibrio-rb18-holanda\/\">Verstappen se queja del equilibrio del RB18 en Holanda y promete \u00abser m\u00e1s competitivo\u00bb<\/a><br><a href=\"https:\/\/grandepremio.com\/es\/\/f1\/sergio-perez-trafico-holanda\/\">P\u00e9rez cita tr\u00e1fico en Holanda pero admite: \u00abNo quedamos tan contentos como en Spa\u00bb<\/a><\/strong><\/p>\n\n\n\n<p class=\"wp-block-paragraph\">A pesar de todos los problemas, Marko conf\u00eda en que todo se solucione antes de la clasificaci\u00f3n del s\u00e1bado. El austriaco destac\u00f3 la comprensi\u00f3n del coche por parte de Gianpiero Lambiase, ingeniero del actual l\u00edder del campeonato, pero a\u00fan as\u00ed mostr\u00f3 cierto pesimismo y ve a Ferrari y Mercedes m\u00e1s cerca de una posible victoria que al propio Red Bull.<\/p>\n\n\n\n<p class=\"wp-block-paragraph\">&#8220;Aun as\u00ed, Gianpiero Lambiase, el ingeniero de Max [Verstappen], fue positivo&#8221;, revel\u00f3. &#8220;Ha dicho que cree que conoce la ra\u00edz de los problemas, as\u00ed que todav\u00eda no estoy preocupado. Est\u00e1 claro que est\u00e1 m\u00e1s equilibrado que en Spa. Las curvas son m\u00e1s lentas aqu\u00ed, pero al menos aspiramos al podio. Eso ser\u00eda suficiente para nosotros. Tanto Ferrari como Mercedes pueden ganar aqu\u00ed&#8221;, concluy\u00f3.<\/p>\n","protected":false},"excerpt":{"rendered":"<p>El asesor deportivo de Red Bull, Helmut Marko, dijo que cree que Mercedes y Ferrari son los favoritos en Holanda despu\u00e9s de un primer d\u00eda decepcionante de Max Verstappen y Sergio P\u00e9rez -que recibi\u00f3 cr\u00edticas.<\/p>\n","protected":false},"author":0,"featured_media":1010081787,"comment_status":"closed","ping_status":"closed","sticky":false,"template":"","format":"standard","meta":{"42wp_featured_image_caption":"","42wp_featured_image_credits":"","42wp_featured_video":"","42wp_featured_image_hidden":false,"42wp_authors_list":[],"footnotes":""},"categories":[5],"tags":[1336,181,1495,179,1443,1488,2237,1358,249,294,808],"42wp_author":[14234],"class_list":["post-21803","post","type-post","status-publish","format-standard","has-post-thumbnail","hentry","category-f1","tag-christian-horner","tag-f1","tag-f1-2022","tag-formula-1","tag-gp-de-holanda","tag-grande-premio","tag-grandepremio","tag-helmut-marko","tag-max-verstappen","tag-sergio-perez","tag-zandvoort","42wp_author-douglas-rocha"],"_links":{"self":[{"href":"https:\/\/grandepremio.com\/es\/wp-json\/wp\/v2\/posts\/21803","targetHints":{"allow":["GET"]}}],"collection":[{"href":"https:\/\/grandepremio.com\/es\/wp-json\/wp\/v2\/posts"}],"about":[{"href":"https:\/\/grandepremio.com\/es\/wp-json\/wp\/v2\/types\/post"}],"replies":[{"embeddable":true,"href":"https:\/\/grandepremio.com\/es\/wp-json\/wp\/v2\/comments?post=21803"}],"version-history":[{"count":0,"href":"https:\/\/grandepremio.com\/es\/wp-json\/wp\/v2\/posts\/21803\/revisions"}],"wp:featuredmedia":[{"embeddable":true,"href":"https:\/\/grandepremio.com\/es\/wp-json\/wp\/v2\/media\/1010081787"}],"wp:attachment":[{"href":"https:\/\/grandepremio.com\/es\/wp-json\/wp\/v2\/media?parent=21803"}],"wp:term":[{"taxonomy":"category","embeddable":true,"href":"https:\/\/grandepremio.com\/es\/wp-json\/wp\/v2\/categories?post=21803"},{"taxonomy":"post_tag","embeddable":true,"href":"https:\/\/grandepremio.com\/es\/wp-json\/wp\/v2\/tags?post=21803"},{"taxonomy":"42wp_author","embeddable":true,"href":"https:\/\/grandepremio.com\/es\/wp-json\/wp\/v2\/42wp_author?post=21803"}],"curies":[{"name":"wp","href":"https:\/\/api.w.org\/{rel}","templated":true}]}}