{"id":21806,"date":"2022-09-02T16:45:55","date_gmt":"2022-09-02T19:45:55","guid":{"rendered":"https:\/\/grandepremio.com\/es\/2022\/09\/02\/carlos-sainz-rivales-cerca-qualy\/"},"modified":"2022-09-02T17:40:33","modified_gmt":"2022-09-02T20:40:33","slug":"carlos-sainz-rivales-cerca-qualy","status":"publish","type":"post","link":"https:\/\/grandepremio.com\/es\/f1\/carlos-sainz-rivales-cerca-qualy\/","title":{"rendered":"Sainz ve a rivales cerca y espera que Ferrari &#8220;encuentre rendimiento&#8221; para la qualy"},"content":{"rendered":"\n<p class=\"wp-block-paragraph\">Ferrari lleg\u00f3 al GP de Holanda con el objetivo de borrar el dominio de Red Bull en B\u00e9lgica, y el resultado fue positivo el viernes: la escuder\u00eda italiana logr\u00f3 un doblete en <a href=\"https:\/\/grandepremio.com\/es\/\/f1\/charles-leclerc-doblete-holanda-ferrari-formula-1\/\">los FP2 de Zandvoort<\/a>, con Charles Leclerc primero y Carlos Sainz segundo.<\/p>\n\n\n\n<p class=\"wp-block-paragraph\">El espa\u00f1ol incluso reiter\u00f3 que los dos primeros entrenamientos de la escuder\u00eda de Maranello en Holanda fueron &#8220;limpios&#8221;, pero subray\u00f3: pese a que Red Bull tiene mala pinta, Ferrari necesita subir el list\u00f3n para asegurar un buen resultado en la pista de Zandvoort.<\/p>\n\n\n\n<p class=\"wp-block-paragraph\"><strong><strong><strong>\u00a1Conoce el canal de Grande Pr\u00eamio en Espa\u00f1ol en\u00a0<a href=\"https:\/\/www.youtube.com\/channel\/UCDxWojGVUi9gWYhrY0pGbIQ\" target=\"_blank\" rel=\"noreferrer noopener\">YouTube<\/a>!<br>\u00a1Sigue a\u00a0Grande Pr\u00eamio en Espa\u00f1ol\u00a0en\u00a0<a href=\"https:\/\/twitter.com\/grandepremioES\" target=\"_blank\" rel=\"noreferrer noopener\">Twitter\u00a0<\/a>y en\u00a0<a href=\"https:\/\/www.instagram.com\/grandepremioes\/\" target=\"_blank\" rel=\"noreferrer noopener\">Instagram<\/a>!<\/strong><\/strong><\/strong><\/p>\n\n\n\n<figure class=\"wp-block-image size-large\"><img decoding=\"async\" src=\"https:\/\/grandepremio.com\/es\/\/wp-content\/uploads\/2022\/09\/ferrari-afp-carlossainz-04-1-scaled1-1024x683.jpg\" alt=\"\" class=\"wp-image-81771\"\/><figcaption>Sainz ha sido superado por Leclerc en s\u00f3lo 0s002 en un doblete de Ferrari en los Libres 2 (Foto: AFP)<\/figcaption><\/figure>\n\n\n\n<p class=\"wp-block-paragraph\">&#8220;En general, fue un buen viernes aqu\u00ed. Ha sido estupendo volver a una pista tan exigente y desafiante para los pilotos y los coches, as\u00ed que he disfrutado mucho&#8221;, comenz\u00f3 diciendo Sainz.<\/p>\n\n\n\n<p class=\"wp-block-paragraph\">&#8220;En cuanto al rendimiento, experimentamos un viernes limpio y completamos el plan de pista sin problemas, tanto en las secuencias largas como en las cortas. Parece que va a estar apretado contra nuestros rivales, as\u00ed que cualquier rendimiento que podamos encontrar en la noche nos ayudar\u00e1 definitivamente para la clasificaci\u00f3n&#8221;, termin\u00f3 el piloto de Ferrari.<\/p>\n\n\n\n<p class=\"wp-block-paragraph\"><strong>GRANDE PR\u00caMIO<\/strong>&nbsp;sigue todas las actividades del GP de Holanda de&nbsp;<a href=\"https:\/\/www.grandepremio.com\/br\/f1\/\" target=\"_blank\" rel=\"noreferrer noopener\">F\u00f3rmula 1<\/a>. El s\u00e1bado, los FP3 est\u00e1n programados para las 12:00 (local, GMT+2). La clasificaci\u00f3n comenzar\u00e1 a las 15:00 horas.<\/p>\n\n\n\n<figure class=\"wp-block-embed is-type-video is-provider-youtube wp-block-embed-youtube wp-embed-aspect-16-9 wp-has-aspect-ratio\"><div class=\"wp-block-embed__wrapper\">\n<iframe loading=\"lazy\" title=\"\u00bfTERMIN\u00d3 LA F\u00d3RMULA 1 2022? VERSTAPPEN Y MERCADO DE PILOTOS | Paddock GP\" width=\"500\" height=\"281\" src=\"https:\/\/www.youtube.com\/embed\/zzMI7m7j8zA?feature=oembed\" frameborder=\"0\" allow=\"accelerometer; autoplay; clipboard-write; encrypted-media; gyroscope; picture-in-picture; web-share\" referrerpolicy=\"strict-origin-when-cross-origin\" allowfullscreen><\/iframe>\n<\/div><figcaption>Eric Calduch repasa el dominio aplastante de Max Verstappen en la F1 2022 y sus chances de las posibilidades de convertirse pronto en bicampe\u00f3n | GP A LAS 10<\/figcaption><\/figure>\n","protected":false},"excerpt":{"rendered":"<p>Carlos Sainz afirm\u00f3 que la escuder\u00eda italiana tuvo un viernes &#8220;limpio&#8221; en Zandvoort. El espa\u00f1ol tambi\u00e9n se\u00f1al\u00f3 que si el equipo de Maranello puede encontrar rendimiento en el F1-75 por la noche, tendr\u00e1 una baza en la clasificaci\u00f3n.<\/p>\n","protected":false},"author":0,"featured_media":1010081770,"comment_status":"closed","ping_status":"closed","sticky":false,"template":"","format":"standard","meta":{"42wp_featured_image_caption":"","42wp_featured_image_credits":"","42wp_featured_video":"","42wp_featured_image_hidden":false,"42wp_authors_list":[],"footnotes":""},"categories":[5],"tags":[302,247,181,1495,2227,185,179,2369,1443,1488,2237,808],"42wp_author":[14234],"class_list":["post-21806","post","type-post","status-publish","format-standard","has-post-thumbnail","hentry","category-f1","tag-carlos-sainz","tag-charles-leclerc","tag-f1","tag-f1-2022","tag-f1-75-2","tag-ferrari","tag-formula-1","tag-formula-1-hoy","tag-gp-de-holanda","tag-grande-premio","tag-grandepremio","tag-zandvoort","42wp_author-douglas-rocha"],"_links":{"self":[{"href":"https:\/\/grandepremio.com\/es\/wp-json\/wp\/v2\/posts\/21806","targetHints":{"allow":["GET"]}}],"collection":[{"href":"https:\/\/grandepremio.com\/es\/wp-json\/wp\/v2\/posts"}],"about":[{"href":"https:\/\/grandepremio.com\/es\/wp-json\/wp\/v2\/types\/post"}],"replies":[{"embeddable":true,"href":"https:\/\/grandepremio.com\/es\/wp-json\/wp\/v2\/comments?post=21806"}],"version-history":[{"count":0,"href":"https:\/\/grandepremio.com\/es\/wp-json\/wp\/v2\/posts\/21806\/revisions"}],"wp:featuredmedia":[{"embeddable":true,"href":"https:\/\/grandepremio.com\/es\/wp-json\/wp\/v2\/media\/1010081770"}],"wp:attachment":[{"href":"https:\/\/grandepremio.com\/es\/wp-json\/wp\/v2\/media?parent=21806"}],"wp:term":[{"taxonomy":"category","embeddable":true,"href":"https:\/\/grandepremio.com\/es\/wp-json\/wp\/v2\/categories?post=21806"},{"taxonomy":"post_tag","embeddable":true,"href":"https:\/\/grandepremio.com\/es\/wp-json\/wp\/v2\/tags?post=21806"},{"taxonomy":"42wp_author","embeddable":true,"href":"https:\/\/grandepremio.com\/es\/wp-json\/wp\/v2\/42wp_author?post=21806"}],"curies":[{"name":"wp","href":"https:\/\/api.w.org\/{rel}","templated":true}]}}