{"id":21810,"date":"2022-09-02T14:59:49","date_gmt":"2022-09-02T17:59:49","guid":{"rendered":"https:\/\/grandepremio.com\/es\/2022\/09\/02\/lewis-hamilton-rivales-holanda-formula-1\/"},"modified":"2022-09-02T14:59:50","modified_gmt":"2022-09-02T17:59:50","slug":"lewis-hamilton-rivales-holanda-formula-1","status":"publish","type":"post","link":"https:\/\/grandepremio.com\/es\/f1\/lewis-hamilton-rivales-holanda-formula-1\/","title":{"rendered":"Hamilton celebra y ve a Mercedes \u201cno tan lejos\u201d de los rivales en el GP de Holanda"},"content":{"rendered":"\n<p class=\"wp-block-paragraph\">Despu\u00e9s de que el regreso a la acci\u00f3n de la F\u00f3rmula 1 <a href=\"https:\/\/grandepremio.com\/es\/\/f1\/max-verstappen-victoria-belgica-formula-1\/\" target=\"_blank\" rel=\"noreferrer noopener\">fuera poco satisfactorio para Mercedes la semana pasada<\/a>, Lewis Hamilton finalmente tuvo un d\u00eda m\u00e1s tranquilo. Este viernes, en Zandvoort, Hamilton estuvo al mando de un Mercedes extremadamente competitivo en las dos primeras sesiones de entrenamientos para el GP de Holanda.<\/p>\n\n\n\n<p class=\"wp-block-paragraph\">De esta forma, el brit\u00e1nico termin\u00f3 celebrando un d\u00eda m\u00e1s animado. Mercedes <a href=\"https:\/\/grandepremio.com\/es\/\/f1\/george-russell-mercedes-holanda-formula-1\/\" target=\"_blank\" rel=\"noreferrer noopener\">lider\u00f3 la primera pr\u00e1ctica con un doblete encabezado por George Russell y con Hamilton como escolta<\/a>. Luego, <a href=\"https:\/\/grandepremio.com\/es\/\/f1\/charles-leclerc-doblete-holanda-ferrari-formula-1\/\" target=\"_blank\" rel=\"noreferrer noopener\">en el segundo ensayo, Lewis fue tercero y Russell, quinto<\/a>. En ambas sesiones, los dos pilotos terminaron por delante de los Red Bull de Max Verstappen y Sergio P\u00e9rez.<\/p>\n\n\n\n<p class=\"wp-block-paragraph\">&#8220;Hoy ha sido un d\u00eda mucho mejor que mi \u00faltimo domingo. E incluso mejor que el viernes de la semana pasada&#8221;, manifest\u00f3 el siete veces campe\u00f3n del mundo.<\/p>\n\n\n\n<figure class=\"wp-block-image size-full\"><img decoding=\"async\" src=\"https:\/\/grandepremio.com\/es\/\/wp-content\/uploads\/2022\/09\/imagem_2022-09-01_1213565221.png\" alt=\"\" class=\"wp-image-81398\"\/><figcaption>Fernando Alonso se reconcili\u00f3 con Lewis Hamilton este jueves tras el incidente que tuvieron en B\u00e9lgica. (Foto: Mercedes)<\/figcaption><\/figure>\n\n\n\n<p class=\"wp-block-paragraph\"><strong><strong>\u00a1Conoce el canal de Grande Pr\u00eamio en Espa\u00f1ol en\u00a0<a href=\"https:\/\/www.youtube.com\/channel\/UCDxWojGVUi9gWYhrY0pGbIQ\" target=\"_blank\" rel=\"noreferrer noopener\">YouTube<\/a>!<br>\u00a1Sigue a\u00a0Grande Pr\u00eamio en Espa\u00f1ol\u00a0en\u00a0<a href=\"https:\/\/twitter.com\/grandepremioES\" target=\"_blank\" rel=\"noreferrer noopener\">Twitter\u00a0<\/a>y en\u00a0<a href=\"https:\/\/www.instagram.com\/grandepremioes\/\" target=\"_blank\" rel=\"noreferrer noopener\">Instagram<\/a>!<\/strong><\/strong><\/p>\n\n\n\n<p class=\"wp-block-paragraph\">&#8220;Ha sido un comienzo decente del fin de semana. Estamos en un punto mucho m\u00e1s agradable con nuestro coche en una pista diferente [de Spa]. Es un trabajo que est\u00e1 en curso&#8221;, sigui\u00f3.<\/p>\n\n\n\n<p class=\"wp-block-paragraph\">&#8220;No estamos tan lejos y es bueno ver que el auto no est\u00e1 mal. Tenemos que seguir evolucionando porque probablemente no haya mucho m\u00e1s en t\u00e9rminos de rendimiento, pero seguiremos busc\u00e1ndolo&#8221;, finaliz\u00f3 Hamilton.<\/p>\n\n\n\n<p class=\"wp-block-paragraph\">La acci\u00f3n en Zandvoort continuar\u00e1 este s\u00e1bado con el tercer entrenamiento y la clasificaci\u00f3n para el GP de Holanda.\u00a0<strong>Grande Pr\u00eamio en Espa\u00f1ol<\/strong>\u00a0sigue\u00a0<strong>EN VIVO Y EN TIEMPO REAL<\/strong>\u00a0todas las actividades del Mundial de\u00a0F1.<\/p>\n","protected":false},"excerpt":{"rendered":"<p>Lewis Hamilton celebr\u00f3 que el Mercedes W13 se haya mostrado competitivo en el primer d\u00eda de actividad del GP de Holanda, en el que termin\u00f3 en el Top-3 en los dos primeros entrenamientos.<\/p>\n","protected":false},"author":0,"featured_media":1010081749,"comment_status":"closed","ping_status":"closed","sticky":false,"template":"","format":"standard","meta":{"42wp_featured_image_caption":"","42wp_featured_image_credits":"","42wp_featured_video":"","42wp_featured_image_hidden":false,"42wp_authors_list":[],"footnotes":""},"categories":[5],"tags":[302,247,181,1495,185,179,1443,199,249,197,206],"42wp_author":[14223],"class_list":["post-21810","post","type-post","status-publish","format-standard","has-post-thumbnail","hentry","category-f1","tag-carlos-sainz","tag-charles-leclerc","tag-f1","tag-f1-2022","tag-ferrari","tag-formula-1","tag-gp-de-holanda","tag-lewis-hamilton","tag-max-verstappen","tag-mercedes","tag-red-bull","42wp_author-esteban-nieto"],"_links":{"self":[{"href":"https:\/\/grandepremio.com\/es\/wp-json\/wp\/v2\/posts\/21810","targetHints":{"allow":["GET"]}}],"collection":[{"href":"https:\/\/grandepremio.com\/es\/wp-json\/wp\/v2\/posts"}],"about":[{"href":"https:\/\/grandepremio.com\/es\/wp-json\/wp\/v2\/types\/post"}],"replies":[{"embeddable":true,"href":"https:\/\/grandepremio.com\/es\/wp-json\/wp\/v2\/comments?post=21810"}],"version-history":[{"count":0,"href":"https:\/\/grandepremio.com\/es\/wp-json\/wp\/v2\/posts\/21810\/revisions"}],"wp:featuredmedia":[{"embeddable":true,"href":"https:\/\/grandepremio.com\/es\/wp-json\/wp\/v2\/media\/1010081749"}],"wp:attachment":[{"href":"https:\/\/grandepremio.com\/es\/wp-json\/wp\/v2\/media?parent=21810"}],"wp:term":[{"taxonomy":"category","embeddable":true,"href":"https:\/\/grandepremio.com\/es\/wp-json\/wp\/v2\/categories?post=21810"},{"taxonomy":"post_tag","embeddable":true,"href":"https:\/\/grandepremio.com\/es\/wp-json\/wp\/v2\/tags?post=21810"},{"taxonomy":"42wp_author","embeddable":true,"href":"https:\/\/grandepremio.com\/es\/wp-json\/wp\/v2\/42wp_author?post=21810"}],"curies":[{"name":"wp","href":"https:\/\/api.w.org\/{rel}","templated":true}]}}