{"id":21826,"date":"2022-09-02T09:01:54","date_gmt":"2022-09-02T12:01:54","guid":{"rendered":"https:\/\/grandepremio.com\/es\/2022\/09\/02\/red-bull-propuesta-honda-acuerdo-porsche\/"},"modified":"2022-09-02T09:01:55","modified_gmt":"2022-09-02T12:01:55","slug":"red-bull-propuesta-honda-acuerdo-porsche","status":"publish","type":"post","link":"https:\/\/grandepremio.com\/es\/f1\/red-bull-propuesta-honda-acuerdo-porsche\/","title":{"rendered":"Red Bull recibe propuesta de Honda y coloca en duda el acuerdo con Porsche en F1"},"content":{"rendered":"\n<p class=\"wp-block-paragraph\">\u00bfQu\u00e9 har\u00e1 Red Bull? Si hace un mes las cosas parec\u00edan pr\u00e1cticamente encaminadas para un acuerdo con Porsche a partir de la temporada 2026, las cosas ahora son distintas. El rumbo de Red Bull tom\u00f3 un camino diferente. Honda hizo una nueva propuesta al grupo austriaco y gener\u00f3 dudas sobre la alianza con Porsche.<\/p>\n\n\n\n<p class=\"wp-block-paragraph\">La informaci\u00f3n es del periodista ingl\u00e9s Joe Saward, experimentado en la cobertura de la <a href=\"https:\/\/grandepremio.com\/es\/\/categoria\/f1\/\" target=\"_blank\" rel=\"noreferrer noopener\">F\u00f3rmula 1<\/a>. Seg\u00fan \u00e9l, el paddock ya empieza a decir que el negocio con Porsche podr\u00eda morir antes de hacerse efectivo. El motivo fue una mejor propuesta financiera por parte de Honda.<\/p>\n\n\n\n<p class=\"wp-block-paragraph\">El pasado fin de semana, en B\u00e9lgica, Audi anunci\u00f3 oficialmente la entrada en la F\u00f3rmula 1 en 2026. La expectativa es que la marca alemana cierre un acuerdo con Sauber, ya por adelantado, para hacerse con el 75% de las acciones del grupo y tener el control de una equipo de F1. Por ello, ya ha garantizado que entrar\u00e1 en la categor\u00eda el a\u00f1o que viene.<\/p>\n\n\n\n<p class=\"wp-block-paragraph\">Durante la rueda de prensa en el paddock de Spa-Francorchamps, el presidente ejecutivo de Audi, Markus Duesmann, reiter\u00f3 que las operaciones de Audi y Porsche, a pesar de ser dos compa\u00f1\u00edas del Grupo Volkswagen, tendr\u00e1n operaciones separadas en la F1. Y, como era de esperar, Porsche y Red Bull planean realizar trabajos en lugares separados.<\/p>\n\n\n\n<p class=\"wp-block-paragraph\"><strong><strong>\u00a1Conoce el canal de Grande Pr\u00eamio en Espa\u00f1ol en\u00a0<a href=\"https:\/\/www.youtube.com\/channel\/UCDxWojGVUi9gWYhrY0pGbIQ\" target=\"_blank\" rel=\"noreferrer noopener\">YouTube<\/a>!<br>\u00a1Sigue a\u00a0Grande Pr\u00eamio en Espa\u00f1ol\u00a0en\u00a0<a href=\"https:\/\/twitter.com\/grandepremioES\" target=\"_blank\" rel=\"noreferrer noopener\">Twitter\u00a0<\/a>y en\u00a0<a href=\"https:\/\/www.instagram.com\/grandepremioes\/\" target=\"_blank\" rel=\"noreferrer noopener\">Instagram<\/a>!<\/strong><\/strong><\/p>\n\n\n\n<figure class=\"wp-block-image size-large\"><img decoding=\"async\" src=\"https:\/\/www.grandepremio.com\/br\/wp-content\/uploads\/2022\/07\/image-4-1-1024x576.png\" alt=\"\" class=\"wp-image-598901\"\/><figcaption>Red Bull y Porsche negocian para 2026&#8230; \u00bfpero van a cerrar el acuerdo? (Foto: Jeroen Claus\/Instagram)<\/figcaption><\/figure>\n\n\n\n<p class=\"wp-block-paragraph\">Porsche no quiere hacerse con el control de una escuder\u00eda de F1, como pretende Audi, y ha enfilado un acuerdo con Red Bull para hacerse con el 50% de las acciones de la escuder\u00eda que sali\u00f3 incluso como documento oficial. La participaci\u00f3n pr\u00e1ctica ser\u00eda construir toda la parte h\u00edbrida y el\u00e9ctrica del motor, utilizando tecnolog\u00eda m\u00e1s sofisticada, en Alemania. La energ\u00e9tica seguir\u00eda produciendo los motores de combusti\u00f3n interna en la reci\u00e9n creada Red Bull Powertrains, en la f\u00e1brica donde tiene su sede el resto del equipo, en Inglaterra.<\/p>\n\n\n\n<p class=\"wp-block-paragraph\">Honda, sin embargo, se interes\u00f3 en las nuevas reglas de motor para la temporada 2026 y abri\u00f3 su coraz\u00f3n para volver a la categor\u00eda. A\u00fan con el peligro de que Porsche cierre con Red Bull, renov\u00f3 el acuerdo de asociaci\u00f3n t\u00e9cnica con la escuder\u00eda austriaca hasta 2025. Incluso recibi\u00f3 una negativa de Red Bull para la asociaci\u00f3n de 2026 \u2014 el equipo ofreci\u00f3 un trato con AlphaTauri, pero Honda se neg\u00f3.<\/p>\n\n\n\n<p class=\"wp-block-paragraph\">El problema ahora ha cambiado. Honda volvi\u00f3 a invertir en una propuesta y, al parecer, Red Bull empez\u00f3 a considerar viable abandonar a Porsche.<\/p>\n","protected":false},"excerpt":{"rendered":"<p>\u00bfQu\u00e9 motores impulsar\u00e1n a Red Bull en la temporada 2026? Por el momento, el trato con Porsche ya no se siente tan bien. Honda vuelve a la escena<\/p>\n","protected":false},"author":0,"featured_media":1010081429,"comment_status":"closed","ping_status":"closed","sticky":false,"template":"","format":"standard","meta":{"42wp_featured_image_caption":"","42wp_featured_image_credits":"","42wp_featured_video":"","42wp_featured_image_hidden":false,"42wp_authors_list":[],"footnotes":""},"categories":[5],"tags":[181,1495,179,1443,1577,221,428,1786,308,206,808],"42wp_author":[14233],"class_list":["post-21826","post","type-post","status-publish","format-standard","has-post-thumbnail","hentry","category-f1","tag-f1","tag-f1-2022","tag-formula-1","tag-gp-de-holanda","tag-holanda","tag-honda","tag-motor","tag-motores-2026-f1","tag-porsche","tag-red-bull","tag-zandvoort","42wp_author-eric-calduch"],"_links":{"self":[{"href":"https:\/\/grandepremio.com\/es\/wp-json\/wp\/v2\/posts\/21826","targetHints":{"allow":["GET"]}}],"collection":[{"href":"https:\/\/grandepremio.com\/es\/wp-json\/wp\/v2\/posts"}],"about":[{"href":"https:\/\/grandepremio.com\/es\/wp-json\/wp\/v2\/types\/post"}],"replies":[{"embeddable":true,"href":"https:\/\/grandepremio.com\/es\/wp-json\/wp\/v2\/comments?post=21826"}],"version-history":[{"count":0,"href":"https:\/\/grandepremio.com\/es\/wp-json\/wp\/v2\/posts\/21826\/revisions"}],"wp:featuredmedia":[{"embeddable":true,"href":"https:\/\/grandepremio.com\/es\/wp-json\/wp\/v2\/media\/1010081429"}],"wp:attachment":[{"href":"https:\/\/grandepremio.com\/es\/wp-json\/wp\/v2\/media?parent=21826"}],"wp:term":[{"taxonomy":"category","embeddable":true,"href":"https:\/\/grandepremio.com\/es\/wp-json\/wp\/v2\/categories?post=21826"},{"taxonomy":"post_tag","embeddable":true,"href":"https:\/\/grandepremio.com\/es\/wp-json\/wp\/v2\/tags?post=21826"},{"taxonomy":"42wp_author","embeddable":true,"href":"https:\/\/grandepremio.com\/es\/wp-json\/wp\/v2\/42wp_author?post=21826"}],"curies":[{"name":"wp","href":"https:\/\/api.w.org\/{rel}","templated":true}]}}