{"id":21834,"date":"2022-09-01T12:29:24","date_gmt":"2022-09-01T15:29:24","guid":{"rendered":"https:\/\/grandepremio.com\/es\/2022\/09\/01\/alonso-disculpa-hamilton\/"},"modified":"2022-09-01T12:29:26","modified_gmt":"2022-09-01T15:29:26","slug":"alonso-disculpa-hamilton","status":"publish","type":"post","link":"https:\/\/grandepremio.com\/es\/f1\/alonso-disculpa-hamilton\/","title":{"rendered":"Alonso se disculpa con &#8220;leyenda&#8221; Hamilton y acusa la prensa por repercusi\u00f3n de ofensa"},"content":{"rendered":"\n<figure class=\"wp-block-video\"><video class=\"video-js vjs-big-play-centered\" data-gp-vjs=\"1\" controls poster=\"https:\/\/www.grandepremio.com\/br\/wp-content\/uploads\/2022\/08\/ALonso-Hamilton-poster.jpeg\" src=\"https:\/\/www.grandepremio.com\/br\/wp-content\/uploads\/2022\/08\/ALonso-Hamilton.mp4\"><\/video><figcaption>Hamilton toca a Alonso en Les Combes, se catapulta y abandona el GP de B\u00e9lgica (V\u00eddeo: Reproducci\u00f3n)<\/figcaption><\/figure>\n\n\n\n<p class=\"wp-block-paragraph\">El choque entre Lewis Hamilton y Fernando Alonso en Les Combes sigue dando de que hablar. En el <a href=\"https:\/\/grandepremio.com\/es\/\/categoria\/f1\/\" target=\"_blank\" rel=\"noreferrer noopener\">GP de B\u00e9lgica de F\u00f3rmula 1<\/a>, el siete veces campe\u00f3n peleaba por la posici\u00f3n con el piloto de Alpine cuando intent\u00f3 adelantarlo por fuera. Pero los dos terminaron toc\u00e1ndose, y el brit\u00e1nico fue quien se llev\u00f3 la peor parte, catapult\u00e1ndose en la pista y abandonando en la secuencia.<\/p>\n\n\n\n<p class=\"wp-block-paragraph\">Alonso sigui\u00f3 en la disputa, pero se quej\u00f3 mucho de Hamilton por la radio, diciendo &#8220;idiota&#8221; al rival y que \u201csolo sabe pilotar cuando sale primero\u201d. En la rueda de prensa del jueves, antes del GP de Holanda, el bicampe\u00f3n pidi\u00f3 perd\u00f3n al hepta \u2014 pero no sin, por supuesto, hacer una excepci\u00f3n.<\/p>\n\n\n\n<p class=\"wp-block-paragraph\">\u201cPrimero: Lewis es un campe\u00f3n, una leyenda de nuestros tiempos. Cuando dices algo, y lamento decirlo, contra un piloto brit\u00e1nico, hay mucha participaci\u00f3n de la prensa despu\u00e9s. Siempre dicen mucho de &#8216;Checo&#8217; (P\u00e9rez), de Carlos (Sainz) y de m\u00ed tambi\u00e9n. Si le dices algo a un piloto latino, todo se vuelve un poco m\u00e1s divertido. Cuando se dice contra los dem\u00e1s, la cosa se pone seria\u201d, apunta Alonso.<\/p>\n\n\n\n<p class=\"wp-block-paragraph\"><strong><strong>\u00a1Conoce el canal de Grande Pr\u00eamio en Espa\u00f1ol en\u00a0<a href=\"https:\/\/www.youtube.com\/channel\/UCDxWojGVUi9gWYhrY0pGbIQ\" target=\"_blank\" rel=\"noreferrer noopener\">YouTube<\/a>!<br>\u00a1Sigue a\u00a0Grande Pr\u00eamio en Espa\u00f1ol\u00a0en\u00a0<a href=\"https:\/\/twitter.com\/grandepremioES\" target=\"_blank\" rel=\"noreferrer noopener\">Twitter\u00a0<\/a>y en\u00a0<a href=\"https:\/\/www.instagram.com\/grandepremioes\/\" target=\"_blank\" rel=\"noreferrer noopener\">Instagram<\/a>!<\/strong><\/strong><\/p>\n\n\n\n<figure class=\"wp-block-image size-large\"><img decoding=\"async\" src=\"https:\/\/www.grandepremio.com\/br\/wp-content\/uploads\/2022\/08\/Alonso-1-1024x576.jpg\" alt=\"\" class=\"wp-image-607478\"\/><figcaption>Hamilton intent\u00f3 pasar a Alonso por fuera, pero el rival le cerr\u00f3 y termin\u00f3 en colisi\u00f3n (Foto: Reproducci\u00f3n\/F1)<\/figcaption><\/figure>\n\n\n\n<p class=\"wp-block-paragraph\">\u201cDe todos modos, s\u00ed, me disculpo. No estaba pensando bien cuando lo dije. No creo que haya mucho que culpar en ese punto, para ser honesto. Mirando las repeticiones y todo \u2014 es un accidente en la primera vuelta, estamos todos muy pegados\u201d, analiza el espa\u00f1ol.<\/p>\n\n\n\n<p class=\"wp-block-paragraph\">Vale la pena recordar que Hamilton asumi\u00f3 la responsabilidad del accidente. Incluso sin una sanci\u00f3n de la FIA \u200b a causa del accidente, el piloto de Mercedes corre el riesgo de tener que cambiar el motor de su W13 y salir desde la parte trasera de la parrilla en Zandvoort.<\/p>\n\n\n\n<p class=\"wp-block-paragraph\">&#8220;No, no, no. No creo en lo que dije. Es decir, no es cuesti\u00f3n de creer o no \u2014 los hechos demuestran que esto no es as\u00ed (&#8220;Hamilton solo sabe arrancar y pilotar desde el primer lugar&#8221;). Es algo que dices en el calor del momento. Pero como dije, nada de lo que dije es verdad. Tengo un gran respeto (por Hamilton). Cuando terminemos de hablar con las televisiones, me acercar\u00e9 a \u00e9l y me disculpar\u00e9. No tengo ning\u00fan problema con eso, en absoluto. Como dec\u00eda, el sentimiento es de mucho respeto\u201d, reiter\u00f3 Alonso.<\/p>\n\n\n\n<figure class=\"wp-block-video\"><video class=\"video-js vjs-big-play-centered\" data-gp-vjs=\"1\" controls poster=\"https:\/\/www.grandepremio.com\/br\/wp-content\/uploads\/2022\/08\/Alonos-poster.jpeg\" src=\"https:\/\/www.grandepremio.com\/br\/wp-content\/uploads\/2022\/08\/Alonos.mp4\"><\/video><figcaption>Alonso hace se\u00f1ales para Hamilton tras choque entre los dos en Spa (V\u00eddeo: F1)<\/figcaption><\/figure>\n\n\n\n<p class=\"wp-block-paragraph\">En protesta por toda la repercusi\u00f3n del caso, el espa\u00f1ol de Alpine se comprometi\u00f3 a &#8220;callar&#8221; en la radio a partir de ahora. Comparando la F\u00f3rmula 1 con otros deportes, Alonso declar\u00f3 que estaba en contra de la transmisi\u00f3n &#8216;desenfrenada&#8217; de audios de interacci\u00f3n entre pilotos y equipos.<\/p>\n\n\n\n<p class=\"wp-block-paragraph\">\u201cCuando dices algo en la radio, en ese momento, crees que est\u00e1s hablando con tu ingeniero, preparando estrategias. Evidentemente, siempre tengo que estar pendiente de que todo sea retransmitido. Pero si alguien te da una entrada en el f\u00fatbol, \u200b\u200ben ese momento le dices algo a tu compa\u00f1ero o al rival que no se transmite a todo el mundo. Seguro, (de ahora en adelante) estar\u00e9 muy callado en la radio. Es un deporte que tiene eso de transmitir cosas que deber\u00edas de tener un poco de privacidad con el equipo. As\u00ed que voy a tratar de calmarme en la radio y no ser parte de este show con el que no estoy de acuerdo\u201d, dispar\u00f3.<\/p>\n\n\n\n<p class=\"wp-block-paragraph\">\u201c(Las radios que se transmiten) no creo que deban hacerlo. F\u00fatbol, \u200b\u200btenis, lo que sea \u2014 estos son deportes donde puedes tener tus momentos de privacidad y prepararte para todo. Pero s\u00e9 que es parte del espect\u00e1culo. Como dije, las cosas que se transmiten en la radio suelen ser m\u00e1s &#8216;picantes&#8217;, porque el deporte quiere eso, darle vida a la carrera. Nunca transmiten instrucciones de mi ingeniero, porque no es interesante, y eso es de lo que hablamos en cada vuelta. Pero entiendo todo esto. Desafortunadamente, la medida que debo tomar para evitar esto es estar callado todo el tiempo\u201d, concluy\u00f3 el bicampe\u00f3n mundial.<\/p>\n","protected":false},"excerpt":{"rendered":"<p>Fernando Alonso tambi\u00e9n revel\u00f3 que no estaba de acuerdo con las transmisiones de radio entre pilotos y equipos. Por lo tanto, planea quedarse en silencio durante las carreras en el futuro.<\/p>\n","protected":false},"author":0,"featured_media":1010081382,"comment_status":"closed","ping_status":"closed","sticky":false,"template":"","format":"standard","meta":{"42wp_featured_image_caption":"","42wp_featured_image_credits":"","42wp_featured_video":"","42wp_featured_image_hidden":false,"42wp_authors_list":[],"footnotes":""},"categories":[5],"tags":[364,678,181,1495,184,179,646,1443,1577,199,197,808],"42wp_author":[14233],"class_list":["post-21834","post","type-post","status-publish","format-standard","has-post-thumbnail","hentry","category-f1","tag-accidente","tag-alpine","tag-f1","tag-f1-2022","tag-fernando-alonso","tag-formula-1","tag-gp-de-belgica","tag-gp-de-holanda","tag-holanda","tag-lewis-hamilton","tag-mercedes","tag-zandvoort","42wp_author-eric-calduch"],"_links":{"self":[{"href":"https:\/\/grandepremio.com\/es\/wp-json\/wp\/v2\/posts\/21834","targetHints":{"allow":["GET"]}}],"collection":[{"href":"https:\/\/grandepremio.com\/es\/wp-json\/wp\/v2\/posts"}],"about":[{"href":"https:\/\/grandepremio.com\/es\/wp-json\/wp\/v2\/types\/post"}],"replies":[{"embeddable":true,"href":"https:\/\/grandepremio.com\/es\/wp-json\/wp\/v2\/comments?post=21834"}],"version-history":[{"count":0,"href":"https:\/\/grandepremio.com\/es\/wp-json\/wp\/v2\/posts\/21834\/revisions"}],"wp:featuredmedia":[{"embeddable":true,"href":"https:\/\/grandepremio.com\/es\/wp-json\/wp\/v2\/media\/1010081382"}],"wp:attachment":[{"href":"https:\/\/grandepremio.com\/es\/wp-json\/wp\/v2\/media?parent=21834"}],"wp:term":[{"taxonomy":"category","embeddable":true,"href":"https:\/\/grandepremio.com\/es\/wp-json\/wp\/v2\/categories?post=21834"},{"taxonomy":"post_tag","embeddable":true,"href":"https:\/\/grandepremio.com\/es\/wp-json\/wp\/v2\/tags?post=21834"},{"taxonomy":"42wp_author","embeddable":true,"href":"https:\/\/grandepremio.com\/es\/wp-json\/wp\/v2\/42wp_author?post=21834"}],"curies":[{"name":"wp","href":"https:\/\/api.w.org\/{rel}","templated":true}]}}