{"id":21835,"date":"2022-09-01T11:43:05","date_gmt":"2022-09-01T14:43:05","guid":{"rendered":"https:\/\/grandepremio.com\/es\/2022\/09\/01\/button-documental-brawn-gp-streaming\/"},"modified":"2022-09-01T11:43:07","modified_gmt":"2022-09-01T14:43:07","slug":"button-documental-brawn-gp-streaming","status":"publish","type":"post","link":"https:\/\/grandepremio.com\/es\/f1\/button-documental-brawn-gp-streaming\/","title":{"rendered":"Button confirma producci\u00f3n de documental sobre Brawn GP en plataforma de streaming"},"content":{"rendered":"\n<p class=\"wp-block-paragraph\">La temporada 2009 de Brawn GP, \u200b\u200bque termin\u00f3 con los dos t\u00edtulos, tendr\u00e1 un documental propio. Jenson Button, quien levant\u00f3 el trofeo del Campeonato de Pilotos de ese a\u00f1o, confirm\u00f3 la producci\u00f3n, titulada <em>&#8220;Brawn: The One Pound Formula 1 Team&#8221;<\/em>.<\/p>\n\n\n\n<p class=\"wp-block-paragraph\">El documental, realizado por una plataforma de streaming, estar\u00e1 dividido en cuatro partes y contar\u00e1 con la narraci\u00f3n del actor Keanu Reeves.<\/p>\n\n\n\n<p class=\"wp-block-paragraph\">\u201cNoticias emocionantes\u201d, public\u00f3 Button en sus cuentas de redes sociales. \u201cHe estado trabajando en una serie de cuatro partes para Disney+ que cubre la incre\u00edble temporada de <a href=\"https:\/\/grandepremio.com\/es\/\/categoria\/f1\/\" target=\"_blank\" rel=\"noreferrer noopener\">F\u00f3rmula 1<\/a> de 2009. No te la puedes perder\u201d, agreg\u00f3 el expiloto.<\/p>\n\n\n\n<p class=\"wp-block-paragraph\"><strong><strong>\u00a1Conoce el canal de Grande Pr\u00eamio en Espa\u00f1ol en\u00a0<a href=\"https:\/\/www.youtube.com\/channel\/UCDxWojGVUi9gWYhrY0pGbIQ\" target=\"_blank\" rel=\"noreferrer noopener\">YouTube<\/a>!<br>\u00a1Sigue a\u00a0Grande Pr\u00eamio en Espa\u00f1ol\u00a0en\u00a0<a href=\"https:\/\/twitter.com\/grandepremioES\" target=\"_blank\" rel=\"noreferrer noopener\">Twitter\u00a0<\/a>y en\u00a0<a href=\"https:\/\/www.instagram.com\/grandepremioes\/\" target=\"_blank\" rel=\"noreferrer noopener\">Instagram<\/a>!<\/strong><\/strong><\/p>\n\n\n\n<figure class=\"wp-block-image size-full is-resized\"><img loading=\"lazy\" decoding=\"async\" src=\"https:\/\/www.grandepremio.com\/br\/wp-content\/uploads\/2019\/06\/20196271455562_Barrichello_2009_Spain_DMa.jpg\" alt=\"\" class=\"wp-image-364644\" width=\"840\" height=\"509\"\/><figcaption>Rubens Barrichello fue compa\u00f1ero de Button en Brawn GP en 2009 y termin\u00f3 en el tercer lugar (Foto: Reproducci\u00f3n)<\/figcaption><\/figure>\n\n\n\n<p class=\"wp-block-paragraph\">Brawn naci\u00f3 meses despu\u00e9s del anuncio de la salida de Honda de la F1, en noviembre de 2008. En ese momento, la marca japonesa ten\u00eda un equipo de f\u00e1brica, pero anunci\u00f3 que terminar\u00eda sus actividades en la categor\u00eda como resultado de la crisis financiera mundial.<\/p>\n\n\n\n<p class=\"wp-block-paragraph\">Ross Brawn, ex director del equipo y ahora director t\u00e9cnico de F\u00f3rmula 1, compr\u00f3 la propiedad del coche, firm\u00f3 un contrato de suministro de motores con Mercedes y se qued\u00f3 con los pilotos: Button y Rubens Barrichello. Todo en v\u00edsperas del inicio de la pretemporada de la categor\u00eda.<\/p>\n\n\n\n<p class=\"wp-block-paragraph\">La actuaci\u00f3n del equipo sorprendi\u00f3 y sobresalt\u00f3 a la competencia, que no tard\u00f3 en ir atr\u00e1s de posibles irregularidades con el modelo realizado por Brawn. A\u00fan as\u00ed, era imposible detener la supremac\u00eda de la escuder\u00eda, especialmente en la primera parte de la temporada<\/p>\n\n\n\n<p class=\"wp-block-paragraph\">Con Button lograron seis victorias en las siete primeras carreras, y el ingl\u00e9s solo logr\u00f3 la ventaja hasta conquistar el t\u00edtulo en el GP de Brasil, celebrado el 18 de octubre de 2009. Barrichello, que consigui\u00f3 las \u00faltimas victorias brasile\u00f1as en F1 hasta el momento, cerr\u00f3 en tercer lugar el campeonato. Brawn se vendi\u00f3 a Mercedes a finales de 2009.<\/p>\n","protected":false},"excerpt":{"rendered":"<p>El documental se dividir\u00e1 en cuatro partes y contar\u00e1 con la narraci\u00f3n del actor Keanu Reeves. Ls pel\u00edcula retratar\u00e1 la trayectoria de Brawn GP en la temporada 2009 de F\u00f3rmula 1.<\/p>\n","protected":false},"author":0,"featured_media":1010081379,"comment_status":"closed","ping_status":"closed","sticky":false,"template":"","format":"standard","meta":{"42wp_featured_image_caption":"","42wp_featured_image_credits":"","42wp_featured_video":"","42wp_featured_image_hidden":false,"42wp_authors_list":[],"footnotes":""},"categories":[5],"tags":[196,1881,181,2582,1495,179,1443,1577,224,3293,570,3292,808],"42wp_author":[14233],"class_list":["post-21835","post","type-post","status-publish","format-standard","has-post-thumbnail","hentry","category-f1","tag-brawn-gp","tag-documental","tag-f1","tag-f1-2009","tag-f1-2022","tag-formula-1","tag-gp-de-holanda","tag-holanda","tag-jenson-button","tag-keanu-reeves","tag-ross-brawn","tag-streaming","tag-zandvoort","42wp_author-eric-calduch"],"_links":{"self":[{"href":"https:\/\/grandepremio.com\/es\/wp-json\/wp\/v2\/posts\/21835","targetHints":{"allow":["GET"]}}],"collection":[{"href":"https:\/\/grandepremio.com\/es\/wp-json\/wp\/v2\/posts"}],"about":[{"href":"https:\/\/grandepremio.com\/es\/wp-json\/wp\/v2\/types\/post"}],"replies":[{"embeddable":true,"href":"https:\/\/grandepremio.com\/es\/wp-json\/wp\/v2\/comments?post=21835"}],"version-history":[{"count":0,"href":"https:\/\/grandepremio.com\/es\/wp-json\/wp\/v2\/posts\/21835\/revisions"}],"wp:featuredmedia":[{"embeddable":true,"href":"https:\/\/grandepremio.com\/es\/wp-json\/wp\/v2\/media\/1010081379"}],"wp:attachment":[{"href":"https:\/\/grandepremio.com\/es\/wp-json\/wp\/v2\/media?parent=21835"}],"wp:term":[{"taxonomy":"category","embeddable":true,"href":"https:\/\/grandepremio.com\/es\/wp-json\/wp\/v2\/categories?post=21835"},{"taxonomy":"post_tag","embeddable":true,"href":"https:\/\/grandepremio.com\/es\/wp-json\/wp\/v2\/tags?post=21835"},{"taxonomy":"42wp_author","embeddable":true,"href":"https:\/\/grandepremio.com\/es\/wp-json\/wp\/v2\/42wp_author?post=21835"}],"curies":[{"name":"wp","href":"https:\/\/api.w.org\/{rel}","templated":true}]}}