{"id":21836,"date":"2022-09-01T10:00:15","date_gmt":"2022-09-01T13:00:15","guid":{"rendered":"https:\/\/grandepremio.com\/es\/2022\/09\/01\/hermanos-marquez-ejecutivo-red-bull-manager\/"},"modified":"2022-09-01T10:00:17","modified_gmt":"2022-09-01T13:00:17","slug":"hermanos-marquez-ejecutivo-red-bull-manager","status":"publish","type":"post","link":"https:\/\/grandepremio.com\/es\/motogp\/hermanos-marquez-ejecutivo-red-bull-manager\/","title":{"rendered":"Hermanos M\u00e1rquez anuncian ejecutivo de Red Bull como m\u00e1nager tras ruptura con Alzamora"},"content":{"rendered":"\n<p class=\"wp-block-paragraph\">\u00c1lex y Marc M\u00e1rquez ya tienen nuevo agente. Tras anunciar la ruptura con Emilio Alzamora, quien dirigi\u00f3 su carrera desde peque\u00f1os, los hermanos de Cervera confirmaron a Jaime Mart\u00ednez Recasens como su nuevo m\u00e1nager.<\/p>\n\n\n\n<p class=\"wp-block-paragraph\">Ex atleta de wakeboard, Mart\u00ednez lleva 12 a\u00f1os en Red Bull y dirige el \u00e1rea de deportes de motor. La nota de prensa no deja claro si Jaime dejar\u00e1 la empresa energ\u00e9tica. <strong>GRANDE PR\u00caMIO<\/strong> consult\u00f3 a la marca y, en cuanto obtenga respuesta, se actualizar\u00e1 este texto.<\/p>\n\n\n\n<p class=\"wp-block-paragraph\"><strong><strong>\u00a1Conoce el canal de Grande Pr\u00eamio en Espa\u00f1ol en\u00a0<a href=\"https:\/\/www.youtube.com\/channel\/UCDxWojGVUi9gWYhrY0pGbIQ\" target=\"_blank\" rel=\"noreferrer noopener\">YouTube<\/a>!<br>\u00a1Sigue a\u00a0Grande Pr\u00eamio en Espa\u00f1ol\u00a0en\u00a0<a href=\"https:\/\/twitter.com\/grandepremioES\" target=\"_blank\" rel=\"noreferrer noopener\">Twitter\u00a0<\/a>y en\u00a0<a href=\"https:\/\/www.instagram.com\/grandepremioes\/\" target=\"_blank\" rel=\"noreferrer noopener\">Instagram<\/a>!<\/strong><\/strong><\/p>\n\n\n\n<figure class=\"wp-block-image size-large\"><img decoding=\"async\" src=\"https:\/\/www.grandepremio.com\/br\/wp-content\/uploads\/2022\/08\/MotoGP-2022-Aragao-MotorLand-CBR600RR-Marc-Marquez-1024x934.jpg\" alt=\"\" class=\"wp-image-608329\"\/><figcaption>Marc M\u00e1rquez tendr\u00e1 un nuevo m\u00e1nager a partir de este a\u00f1o (Foto: Honda)<\/figcaption><\/figure>\n\n\n\n<p class=\"wp-block-paragraph\">El mi\u00e9rcoles, \u00c1lex y Marc anunciaron el fin de su relaci\u00f3n con Alzamora, algo que ya se ven\u00eda especulando desde el <a href=\"https:\/\/grandepremio.com\/es\/\/categoria\/motogp\/\" target=\"_blank\" rel=\"noreferrer noopener\">GP de Austria<\/a>, tras ser difundido por el diario espa\u00f1ol El Peri\u00f3dico. El nombre de Mart\u00ednez ya estaba sonando, pues ya hab\u00eda sido mencionado por el hexacampe\u00f3n como una de las personas que lo ayudaron a mudarse de Catalu\u00f1a a Madrid, donde fue a tratar su brazo derecho lesionado con los mismos m\u00e9dicos que atienden al tenista Rafael Nadal.<\/p>\n\n\n\n<p class=\"wp-block-paragraph\">\u201cLos hermanos M\u00e1rquez anunciaron hoy que Jaime Mart\u00ednez Recasens se une a su equipo como nuevo m\u00e1nager. Durante los \u00faltimos 12 a\u00f1os, Jaime ha sido el responsable del \u00e1rea de deportes de motor en Red Bull. Durante este tiempo ha liderado la activaci\u00f3n de la marca austriaca en el mundo del motor a trav\u00e9s de eventos patrocinados y deportistas&#8221;, afirma la nota.<\/p>\n\n\n\n<p class=\"wp-block-paragraph\">\u201cEstamos encantados de anunciar que Jaime se incorpora a nuestro equipo de trabajo despu\u00e9s del GP en Misano. Tras su experiencia en Red Bull, conoce a la perfecci\u00f3n el mundo de los deportes de motor y el deporte en general y aporta una nueva visi\u00f3n estrat\u00e9gica que creemos que nos aportar\u00e1 mucho. Nuestro objetivo en la pista sigue siendo obtener los mejores resultados. Estamos seguros de que formaremos un gran equipo\u201d, dijeron los dos.<\/p>\n\n\n\n<p class=\"wp-block-paragraph\">\u201cMart\u00ednez Recasens gestionar\u00e1 a partir de ahora las carreras de ambos pilotos y desarrollar\u00e1 la estrategia comercial y de marca\u201d, concluye la nota.<\/p>\n","protected":false},"excerpt":{"rendered":"<p>Jaime Mart\u00ednez Recasens asumir\u00e1 el papel de agente de \u00c1lex y Marc M\u00e1rquez, adem\u00e1s de desarrollar las estrategias comerciales y de marca de los dos pilotos. El espa\u00f1ol trabaja en Red Bull desde hace 12 a\u00f1os y dirige el \u00e1rea de deportes de motor.<\/p>\n","protected":false},"author":0,"featured_media":1010081370,"comment_status":"closed","ping_status":"closed","sticky":false,"template":"","format":"standard","meta":{"42wp_featured_image_caption":"","42wp_featured_image_credits":"","42wp_featured_video":"","42wp_featured_image_hidden":false,"42wp_authors_list":[],"footnotes":""},"categories":[8],"tags":[3288,2929,1550,3290,1392,1549,855,1293,1341,1764,206,1357,979],"42wp_author":[14233],"class_list":["post-21836","post","type-post","status-publish","format-standard","has-post-thumbnail","hentry","category-motogp","tag-agente","tag-alex-marquez-3","tag-gp-de-san-marino","tag-manager-2","tag-marc-marquez-2","tag-misano","tag-motociclismo","tag-motogp","tag-motogp-2022","tag-mundial-de-motociclismo","tag-red-bull","tag-repsol-honda","tag-san-marino","42wp_author-eric-calduch"],"_links":{"self":[{"href":"https:\/\/grandepremio.com\/es\/wp-json\/wp\/v2\/posts\/21836","targetHints":{"allow":["GET"]}}],"collection":[{"href":"https:\/\/grandepremio.com\/es\/wp-json\/wp\/v2\/posts"}],"about":[{"href":"https:\/\/grandepremio.com\/es\/wp-json\/wp\/v2\/types\/post"}],"replies":[{"embeddable":true,"href":"https:\/\/grandepremio.com\/es\/wp-json\/wp\/v2\/comments?post=21836"}],"version-history":[{"count":0,"href":"https:\/\/grandepremio.com\/es\/wp-json\/wp\/v2\/posts\/21836\/revisions"}],"wp:featuredmedia":[{"embeddable":true,"href":"https:\/\/grandepremio.com\/es\/wp-json\/wp\/v2\/media\/1010081370"}],"wp:attachment":[{"href":"https:\/\/grandepremio.com\/es\/wp-json\/wp\/v2\/media?parent=21836"}],"wp:term":[{"taxonomy":"category","embeddable":true,"href":"https:\/\/grandepremio.com\/es\/wp-json\/wp\/v2\/categories?post=21836"},{"taxonomy":"post_tag","embeddable":true,"href":"https:\/\/grandepremio.com\/es\/wp-json\/wp\/v2\/tags?post=21836"},{"taxonomy":"42wp_author","embeddable":true,"href":"https:\/\/grandepremio.com\/es\/wp-json\/wp\/v2\/42wp_author?post=21836"}],"curies":[{"name":"wp","href":"https:\/\/api.w.org\/{rel}","templated":true}]}}