{"id":21849,"date":"2022-08-31T09:24:54","date_gmt":"2022-08-31T12:24:54","guid":{"rendered":"https:\/\/grandepremio.com\/es\/2022\/08\/31\/marc-marquez-fin-relacion-alzamora\/"},"modified":"2022-08-31T09:24:55","modified_gmt":"2022-08-31T12:24:55","slug":"marc-marquez-fin-relacion-alzamora","status":"publish","type":"post","link":"https:\/\/grandepremio.com\/es\/motogp\/marc-marquez-fin-relacion-alzamora\/","title":{"rendered":"Marc M\u00e1rquez anuncia fin de relaci\u00f3n con Alzamora tras 18 a\u00f1os: &#8220;Te deseo lo mejor&#8221;"},"content":{"rendered":"\n<p class=\"wp-block-paragraph\">Emilio Alzamora ya no es el agente de los hermanos \u00c1lex y <a href=\"https:\/\/grandepremio.com\/es\/\/categoria\/motogp\/\" target=\"_blank\" rel=\"noreferrer noopener\">Marc M\u00e1rquez<\/a>. Despu\u00e9s de d\u00edas de rumores, AC Management, la agencia del ex piloto, anunci\u00f3 este mi\u00e9rcoles el fin de una relaci\u00f3n profesional que dur\u00f3 18 a\u00f1os.<\/p>\n\n\n\n<p class=\"wp-block-paragraph\">Marc empez\u00f3 a trabajar con Emilio en 2005, a los 12 a\u00f1os, cuando entr\u00f3 en la antigua escuela de formaci\u00f3n de pilotos. Alex, que tiene tres a\u00f1os menos, sigui\u00f3 el mismo gui\u00f3n poco despu\u00e9s. Juntos, los tres ganaron diez campeonatos mundiales: ocho con Marc y dos con Alex.<\/p>\n\n\n\n<p class=\"wp-block-paragraph\">\u201cLos hermanos M\u00e1rquez agradecen a Emilio el trabajo realizado durante estos a\u00f1os y la dedicaci\u00f3n durante todo este tiempo en el que lograron grandes triunfos\u201d, dice el comunicado difundido por AC Management. \u201cDespu\u00e9s de que hablasen los tres, decidimos que hab\u00eda llegado el momento de tomar caminos diferentes y comenzar una nueva etapa\u201d, continu\u00f3.<\/p>\n\n\n\n<p class=\"wp-block-paragraph\"><strong><strong>\u00a1Conoce el canal de Grande Pr\u00eamio en Espa\u00f1ol en\u00a0<a href=\"https:\/\/www.youtube.com\/channel\/UCDxWojGVUi9gWYhrY0pGbIQ\" target=\"_blank\" rel=\"noreferrer noopener\">YouTube<\/a>!<br>\u00a1Sigue a\u00a0Grande Pr\u00eamio en Espa\u00f1ol\u00a0en\u00a0<a href=\"https:\/\/twitter.com\/grandepremioES\" target=\"_blank\" rel=\"noreferrer noopener\">Twitter\u00a0<\/a>y en\u00a0<a href=\"https:\/\/www.instagram.com\/grandepremioes\/\" target=\"_blank\" rel=\"noreferrer noopener\">Instagram<\/a>!<\/strong><\/strong><\/p>\n\n\n\n<figure class=\"wp-block-image size-large\"><img decoding=\"async\" src=\"https:\/\/www.grandepremio.com\/br\/wp-content\/uploads\/2022\/08\/14Aragon18MgpREPSOL_JOC3174-1024x682.jpg\" alt=\"\" class=\"wp-image-608269\"\/><figcaption>Emilio Alzamora dej\u00f3 de gestionar los hermanos M\u00e1rquez (Foto: Repsol)<\/figcaption><\/figure>\n\n\n\n<p class=\"wp-block-paragraph\">Emilio, por su parte, agradeci\u00f3 a Roser y Juli\u00e0, padre y madre de Marc y \u00c1lex, la confianza depositada en \u00e9l durante todos estos a\u00f1os.<\/p>\n\n\n\n<p class=\"wp-block-paragraph\">\u201cEstoy terminando una etapa de mi vida junto a los hermanos M\u00e1rquez y, en primer lugar, quiero agradecerles la confianza que sus padres, Roser y Juli\u00e0, han depositado en m\u00ed\u201d, dijo Alzamora. \u201cDurante esta larga relaci\u00f3n, trabajamos codo con codo con Marc y \u00c1lex para conseguir grandes e inolvidables haza\u00f1as\u201d, resalt\u00f3.<\/p>\n\n\n\n<p class=\"wp-block-paragraph\">\u201cNo tengo palabras para describir esta historia que empezamos cuando Marc ten\u00eda 12 a\u00f1os y en la que humildemente aport\u00e9 mis conocimientos. Juntos pasamos momentos inolvidables e incre\u00edbles, pero tambi\u00e9n momentos muy duros, como las lesiones. No tengo ninguna duda de que en esta nueva etapa, Marc volver\u00e1 a lo m\u00e1s alto para seguir haciendo historia y, sobre todo, seguir disfrutando de su pasi\u00f3n, que es lo m\u00e1s importante\u201d, coment\u00f3 Emilio. \u201c[\u00c1lex] ha sido un ejemplo en el deporte. Su trabajo, sacrificio y profesionalismo lo llevaron a pulir este gran talento que tiene y, sin duda, me siento muy orgulloso de todo lo que pude sumar para que lograra sus sue\u00f1os. Estoy seguro de que lo mejor de \u00c1lex est\u00e1 por llegar\u201d, concluy\u00f3.<\/p>\n\n\n\n<p class=\"wp-block-paragraph\">A trav\u00e9s de las redes sociales, Marc agradeci\u00f3 a Emilio y le dese\u00f3 suerte al ahora ex agente.<\/p>\n\n\n\n<p class=\"wp-block-paragraph\">\u201c\u00a1Muchas gracias, Emilio, por todos estos a\u00f1os juntos! Todav\u00eda recuerdo el primer d\u00eda que entr\u00e9 por la puerta de Monlau Competici\u00f3n cuando solo ten\u00eda 12 a\u00f1os\u201d, escribi\u00f3. \u201cTe deseo lo mejor\u201d, agreg\u00f3.<\/p>\n\n\n\n<p class=\"wp-block-paragraph\">El menor de la familia sigui\u00f3 el mismo camino y tambi\u00e9n agradeci\u00f3 a Alzamora su trabajo.<\/p>\n\n\n\n<p class=\"wp-block-paragraph\">\u201cGracias, Emilio, por toda tu dedicaci\u00f3n y trabajo durante todos estos a\u00f1os. Ha sido un placer compartir todo este gran paso con vosotros. Suerte\u201d, concluy\u00f3.<\/p>\n\n\n\n<p class=\"wp-block-paragraph\">El comunicado no nombra al sustituto del campe\u00f3n de 125cc de 1999, pero varias fuentes de la prensa europea se\u00f1alan a Jaime Mart\u00ednez como el nuevo representante de los hermanos. El espa\u00f1ol es jefe de la divisi\u00f3n de marketing de automovilismo en Red Bull Espa\u00f1a y, por tanto, ya tiene relaci\u00f3n con \u00c1lex y Marc.<\/p>\n\n\n\n<p class=\"wp-block-paragraph\">Adem\u00e1s, Mart\u00ednez es un ex wakeboarder profesional y, desde 2012, forma parte del programa de gesti\u00f3n de atletas de la marca de bebidas energ\u00e9ticas.<\/p>\n","protected":false},"excerpt":{"rendered":"<p>Marc M\u00e1rquez puso fin a d\u00edas de rumores y confirm\u00f3 este mi\u00e9rcoles el final de una hist\u00f3rica y exitosa relaci\u00f3n con el ex piloto Emilio Alzamora. La separaci\u00f3n tambi\u00e9n implica a \u00c1lex M\u00e1rquez<\/p>\n","protected":false},"author":0,"featured_media":1010081316,"comment_status":"closed","ping_status":"closed","sticky":false,"template":"","format":"standard","meta":{"42wp_featured_image_caption":"","42wp_featured_image_credits":"","42wp_featured_video":"","42wp_featured_image_hidden":false,"42wp_authors_list":[],"footnotes":""},"categories":[8],"tags":[2929,3275,1550,344,1392,1549,855,1293,1341,1764,1357,979],"42wp_author":[14233],"class_list":["post-21849","post","type-post","status-publish","format-standard","has-post-thumbnail","hentry","category-motogp","tag-alex-marquez-3","tag-emilio-alzamora","tag-gp-de-san-marino","tag-italia","tag-marc-marquez-2","tag-misano","tag-motociclismo","tag-motogp","tag-motogp-2022","tag-mundial-de-motociclismo","tag-repsol-honda","tag-san-marino","42wp_author-eric-calduch"],"_links":{"self":[{"href":"https:\/\/grandepremio.com\/es\/wp-json\/wp\/v2\/posts\/21849","targetHints":{"allow":["GET"]}}],"collection":[{"href":"https:\/\/grandepremio.com\/es\/wp-json\/wp\/v2\/posts"}],"about":[{"href":"https:\/\/grandepremio.com\/es\/wp-json\/wp\/v2\/types\/post"}],"replies":[{"embeddable":true,"href":"https:\/\/grandepremio.com\/es\/wp-json\/wp\/v2\/comments?post=21849"}],"version-history":[{"count":0,"href":"https:\/\/grandepremio.com\/es\/wp-json\/wp\/v2\/posts\/21849\/revisions"}],"wp:featuredmedia":[{"embeddable":true,"href":"https:\/\/grandepremio.com\/es\/wp-json\/wp\/v2\/media\/1010081316"}],"wp:attachment":[{"href":"https:\/\/grandepremio.com\/es\/wp-json\/wp\/v2\/media?parent=21849"}],"wp:term":[{"taxonomy":"category","embeddable":true,"href":"https:\/\/grandepremio.com\/es\/wp-json\/wp\/v2\/categories?post=21849"},{"taxonomy":"post_tag","embeddable":true,"href":"https:\/\/grandepremio.com\/es\/wp-json\/wp\/v2\/tags?post=21849"},{"taxonomy":"42wp_author","embeddable":true,"href":"https:\/\/grandepremio.com\/es\/wp-json\/wp\/v2\/42wp_author?post=21849"}],"curies":[{"name":"wp","href":"https:\/\/api.w.org\/{rel}","templated":true}]}}