{"id":21858,"date":"2022-08-30T12:20:07","date_gmt":"2022-08-30T15:20:07","guid":{"rendered":"https:\/\/grandepremio.com\/es\/2022\/08\/30\/mercedes-dudas-2023-w13-cavernas\/"},"modified":"2022-08-30T12:20:09","modified_gmt":"2022-08-30T15:20:09","slug":"mercedes-dudas-2023-w13-cavernas","status":"publish","type":"post","link":"https:\/\/grandepremio.com\/es\/f1\/mercedes-dudas-2023-w13-cavernas\/","title":{"rendered":"Mercedes cita dudas para 2023 y descarta incluir el W13 en museo: &#8216;Se va a las cavernas&#8217;"},"content":{"rendered":"\n<figure class=\"wp-block-video\"><video class=\"video-js vjs-big-play-centered\" data-gp-vjs=\"1\" controls src=\"https:\/\/www.grandepremio.com\/br\/wp-content\/uploads\/2022\/08\/ALonso-Hamilton.mp4\"><\/video><figcaption>Hamilton toca a Alonso en Les Combes, se catapulta y abandona el GP de B\u00e9lgica (V\u00eddeo: Reproducci\u00f3n)<\/figcaption><\/figure>\n\n\n\n<p class=\"wp-block-paragraph\">Mercedes parec\u00eda ir in crescendo cuando se march\u00f3 a su descanso de la F\u00f3rmula 1 poco despu\u00e9s del GP de Hungr\u00eda, pero <a href=\"https:\/\/grandepremio.com\/es\/\/f1\/max-verstappen-victoria-belgica-formula-1\/\">el golpe de realidad que se sinti\u00f3 en Spa<\/a>, con la dominante victoria de Max Verstappen a su regreso del par\u00f3n veraniego, ha descorazonado al equipo, adem\u00e1s de aumentar la frustraci\u00f3n con el W13 y las dudas para 2023.<\/p>\n\n\n\n<p class=\"wp-block-paragraph\">Tras dos podios consecutivos en Francia y Budapest, el equipo alem\u00e1n esperaba continuar su progreso en Spa. En este caso ocurri\u00f3 exactamente lo contrario, ya que George Russell termin\u00f3 la carrera a 27 segundos del ganador. Lewis Hamilton, por su parte, abandon\u00f3 en la primera vuelta tras chocar con Fernando Alonso.<\/p>\n\n\n\n<p class=\"wp-block-paragraph\">Luego de la disputa, el jefe Toto Wolff no se guard\u00f3 sus cr\u00edticas al W13 y dijo que en lugar de que el auto aparezca en el museo de la compa\u00f1\u00eda en su sede de Stuttgart, parece m\u00e1s probable que el equipo lo env\u00ede a una caverna\u2026 Y no lo vuelva a ver.<\/p>\n\n\n\n<p class=\"wp-block-paragraph\">&#8220;No creo que este coche tenga un lugar de los m\u00e1s altos en el museo de Mercedes en Stuttgart&#8221;, valor\u00f3 Toto Wolff, citando el edificio de la escuder\u00eda en Alemania que incluye los modelos hist\u00f3ricos y ganadores de la marca. Est\u00e1n ah\u00ed los \u00faltimos ocho modelos que se han llevado todos los Mundiales de Constructores de F1 desde 2014. &#8220;Tal vez ese vaya a las cavernas&#8221;, a\u00f1adi\u00f3.<\/p>\n\n\n\n<figure class=\"wp-block-image size-large\"><img decoding=\"async\" src=\"https:\/\/www.grandepremio.com\/br\/wp-content\/uploads\/2022\/08\/mercedes-georgerussell-03-1-1024x683.jpg\" alt=\"\" class=\"wp-image-607535\"\/><figcaption>Wolff lament\u00f3 la incoherencia en los datos del equipo sobre el W13, lo que hace dudar del proyecto para 2023 (Foto: Mercedes)<\/figcaption><\/figure>\n\n\n\n<p class=\"wp-block-paragraph\"><strong><strong><strong>\u00a1Conoce el canal de Grande Pr\u00eamio en Espa\u00f1ol en\u00a0<a href=\"https:\/\/www.youtube.com\/channel\/UCDxWojGVUi9gWYhrY0pGbIQ\" target=\"_blank\" rel=\"noreferrer noopener\">YouTube<\/a>!<br>\u00a1Sigue a\u00a0Grande Pr\u00eamio en Espa\u00f1ol\u00a0en\u00a0<a href=\"https:\/\/twitter.com\/grandepremioES\" target=\"_blank\" rel=\"noreferrer noopener\">Twitter\u00a0<\/a>y en\u00a0<a href=\"https:\/\/www.instagram.com\/grandepremioes\/\" target=\"_blank\" rel=\"noreferrer noopener\">Instagram<\/a>!<\/strong><\/strong><\/strong><\/p>\n\n\n\n<p class=\"wp-block-paragraph\">El reinado de Mercedes entre los Constructores tiene un largo camino por recorrer. Red Bull va camino de ganar los dos t\u00edtulos en juego esta temporada por primera vez desde 2013 con Sebastian Vettel. Wolff se\u00f1al\u00f3 que el concepto diferente de los pontones del equipo alem\u00e1n impide realizar pruebas m\u00e1s radicales. Adem\u00e1s, ya est\u00e1 pensando en qu\u00e9 hacer con el monoplaza del a\u00f1o que viene.<\/p>\n\n\n\n<p class=\"wp-block-paragraph\">&#8220;Es una situaci\u00f3n muy dif\u00edcil. Evidentemente tenemos un determinado concepto de coche&#8221;, explic\u00f3 Wolff, citando los sidepods que tanto llamaron la atenci\u00f3n en el W13. &#8220;No es que podamos probar muchas cosas este a\u00f1o y que podamos sacar cosas para probar&#8221;, lament\u00f3.<\/p>\n\n\n\n<p class=\"wp-block-paragraph\">En cuanto al W14, que ya est\u00e1 en la agenda de Mercedes para el campeonato de 2022, Wolff expuso el mayor dilema de la escuder\u00eda en este momento: como los datos recogidos por el equipo alem\u00e1n no se traducen en la pista y el coche sigue siendo bastante imprevisible, \u00bfcu\u00e1l ser\u00e1 el planteamiento del monoplaza del pr\u00f3ximo a\u00f1o?<\/p>\n\n\n\n<p class=\"wp-block-paragraph\"><strong>VER TAMBI\u00c9N<br><a href=\"https:\/\/grandepremio.com\/es\/\/f1\/mercedes-motor-lewis-hamilton-spa-formula-1\/\">Mercedes env\u00eda motor de Hamilton para an\u00e1lisis tras incidente con Alonso en Spa<\/a><br><a href=\"https:\/\/grandepremio.com\/es\/\/f1\/george-russell-spa-ferrari-formula-1\/\">Russell considera \u201cagridulce\u201d ser 4\u00b0 en Spa y ve a Mercedes \u201ccon mejor ritmo\u201d que Ferrari<\/a><\/strong><br><a href=\"https:\/\/grandepremio.com\/es\/\/f1\/formula-1-gp-belgica-calendario-2023\/\"><strong>F\u00f3rmula 1 confirma GP de B\u00e9lgica en el calendario de la temporada de 2023<\/strong><\/a><\/p>\n\n\n\n<p class=\"wp-block-paragraph\">&#8220;As\u00ed que cualquier decisi\u00f3n que tomemos para el pr\u00f3ximo a\u00f1o debe ser evaluada cuidadosamente&#8221;, continu\u00f3. &#8220;Porque est\u00e1 claro que nuestros datos no nos aportan los resultados, no se correlacionan con la realidad, y tenemos absurdos aumentos de rendimiento que no podemos ejecutar&#8221;, critic\u00f3.<\/p>\n\n\n\n<p class=\"wp-block-paragraph\">&#8220;Al tomar una decisi\u00f3n para el pr\u00f3ximo a\u00f1o en ese momento, sea lo que sea -quiz\u00e1s cambiando el concepto dr\u00e1sticamente-, \u00bfc\u00f3mo vamos a asegurarnos de que es la mejor direcci\u00f3n? Porque est\u00e1 claro que vamos a empezar muy atr\u00e1s&#8221;, valor\u00f3. &#8220;Ahora, eso va a ser parte de la discusi\u00f3n -que ya hemos tenido- en las pr\u00f3ximas semanas sobre lo que hacemos al respecto&#8221;, cerr\u00f3.<\/p>\n\n\n\n<figure class=\"wp-block-embed is-type-video is-provider-youtube wp-block-embed-youtube wp-embed-aspect-16-9 wp-has-aspect-ratio\"><div class=\"wp-block-embed__wrapper\">\n<iframe loading=\"lazy\" title=\"VERSTAPPEN REMONTA Y MUESTRA DOMINIO HUMILLANTE GANANDO EN B\u00c9LGICA | PADDOCK GP ES #14\" width=\"500\" height=\"281\" src=\"https:\/\/www.youtube.com\/embed\/PF6-uwVdVU4?feature=oembed\" frameborder=\"0\" allow=\"accelerometer; autoplay; clipboard-write; encrypted-media; gyroscope; picture-in-picture; web-share\" referrerpolicy=\"strict-origin-when-cross-origin\" allowfullscreen><\/iframe>\n<\/div><figcaption>Max Verstappen remont\u00f3 tras salir 14\u00ba y gan\u00f3 el GP de B\u00e9lgica de manera contundente | Paddock GP ES #14<\/figcaption><\/figure>\n","protected":false},"excerpt":{"rendered":"<p>El jefe de Mercedes, Toto Wolff, reconoci\u00f3 que el equipo a\u00fan tiene que definir su enfoque para construir el coche de 2023, pero ya sabe qu\u00e9 hacer con el modelo actual, el W13: enviarlo a las cavernas.<\/p>\n","protected":false},"author":0,"featured_media":1010081277,"comment_status":"closed","ping_status":"closed","sticky":false,"template":"","format":"standard","meta":{"42wp_featured_image_caption":"","42wp_featured_image_credits":"","42wp_featured_video":"","42wp_featured_image_hidden":false,"42wp_authors_list":[],"footnotes":""},"categories":[5],"tags":[181,1495,1676,179,646,1488,2237,199,197,637,400,569,1948,3270],"42wp_author":[14234],"class_list":["post-21858","post","type-post","status-publish","format-standard","has-post-thumbnail","hentry","category-f1","tag-f1","tag-f1-2022","tag-f1-2023","tag-formula-1","tag-gp-de-belgica","tag-grande-premio","tag-grandepremio","tag-lewis-hamilton","tag-mercedes","tag-spa-francorchamps","tag-stuttgart","tag-toto-wolff","tag-w13","tag-w14","42wp_author-douglas-rocha"],"_links":{"self":[{"href":"https:\/\/grandepremio.com\/es\/wp-json\/wp\/v2\/posts\/21858","targetHints":{"allow":["GET"]}}],"collection":[{"href":"https:\/\/grandepremio.com\/es\/wp-json\/wp\/v2\/posts"}],"about":[{"href":"https:\/\/grandepremio.com\/es\/wp-json\/wp\/v2\/types\/post"}],"replies":[{"embeddable":true,"href":"https:\/\/grandepremio.com\/es\/wp-json\/wp\/v2\/comments?post=21858"}],"version-history":[{"count":0,"href":"https:\/\/grandepremio.com\/es\/wp-json\/wp\/v2\/posts\/21858\/revisions"}],"wp:featuredmedia":[{"embeddable":true,"href":"https:\/\/grandepremio.com\/es\/wp-json\/wp\/v2\/media\/1010081277"}],"wp:attachment":[{"href":"https:\/\/grandepremio.com\/es\/wp-json\/wp\/v2\/media?parent=21858"}],"wp:term":[{"taxonomy":"category","embeddable":true,"href":"https:\/\/grandepremio.com\/es\/wp-json\/wp\/v2\/categories?post=21858"},{"taxonomy":"post_tag","embeddable":true,"href":"https:\/\/grandepremio.com\/es\/wp-json\/wp\/v2\/tags?post=21858"},{"taxonomy":"42wp_author","embeddable":true,"href":"https:\/\/grandepremio.com\/es\/wp-json\/wp\/v2\/42wp_author?post=21858"}],"curies":[{"name":"wp","href":"https:\/\/api.w.org\/{rel}","templated":true}]}}