{"id":21896,"date":"2022-08-27T18:24:22","date_gmt":"2022-08-27T21:24:22","guid":{"rendered":"https:\/\/grandepremio.com\/es\/2022\/08\/27\/ferrari-ritmo-alcanzar-red-bull-spa\/"},"modified":"2022-08-27T18:24:24","modified_gmt":"2022-08-27T21:24:24","slug":"ferrari-ritmo-alcanzar-red-bull-spa","status":"publish","type":"post","link":"https:\/\/grandepremio.com\/es\/f1\/ferrari-ritmo-alcanzar-red-bull-spa\/","title":{"rendered":"Ferrari apuesta por ritmo para alcanzar a Red Bull en Spa, pero Verstappen es un peligro"},"content":{"rendered":"\n<p class=\"wp-block-paragraph\">&#8220;Creo que nuestro ritmo de carrera es mejor que nuestro ritmo de clasificaci\u00f3n&#8221;: ah\u00ed es donde reside la confianza de Ferrari para superar a Red Bull en Spa este domingo. La frase la pronunci\u00f3 Carlos Sainz, todav\u00eda en el parque cerrado, justo despu\u00e9s de conocer el bot\u00edn que dej\u00f3 Max Verstappen -hombre m\u00e1s r\u00e1pido del d\u00eda, el holand\u00e9s tuvo que renunciar al puesto de honor por la sanci\u00f3n que tendr\u00e1 que cumplir por el cambio de motor Honda-. El vigente campe\u00f3n alinear\u00e1 el RB18 #1 en la 15\u00aa posici\u00f3n en la grilla del GP de B\u00e9lgica.<\/p>\n\n\n\n<p class=\"wp-block-paragraph\">La cuesti\u00f3n es que Ferrari ten\u00eda que aprovechar la oportunidad para intentar contrarrestar a un fuerte Red Bull en Spa, especialmente porque tambi\u00e9n optaron por un cambio de componentes en la unidad de potencia de Charles Leclerc. Por lo tanto, era imprescindible poner el otro coche rojo en el lugar m\u00e1s importante de la parrilla. Y as\u00ed fue, pero no sin el habitual drama que parece inherente al garaje de Ferrari.<\/p>\n\n\n\n<p class=\"wp-block-paragraph\">Y eso se notaba en la cara de Sainz al final de la sesi\u00f3n del s\u00e1bado. En primer lugar, porque no ha sido precisamente una pole, aunque esta segunda vez por delante de todos ir\u00e1 en los libros de estad\u00edsticas. El problema era la brecha en t\u00e9rminos de rendimiento. En ning\u00fan momento de la temporada, los austr\u00edacos -de hecho, Verstappen- fueron capaces de imponer tal diferencia. Max ni siquiera necesit\u00f3 un segundo intento en la Q3 para marcar un 1min43s665 &#8211; 0s632 mejor que Carlos. De ah\u00ed la preocupaci\u00f3n del equipo de Maranello.<\/p>\n\n\n\n<figure class=\"wp-block-image size-large\"><img decoding=\"async\" src=\"https:\/\/grandepremio.com\/es\/\/wp-content\/uploads\/2022\/08\/000_32H77Y6-scaled1-1024x683.jpg\" alt=\"\" class=\"wp-image-80931\"\/><figcaption>Sainz fue segundo en la qualy, pero se apoy\u00f3 en la sanci\u00f3n a Verstappen para salir al frente, con P\u00e9rez junto a \u00e9l en la primera fila (Foto: Geert Vanden Wijngaert\/AFP)<\/figcaption><\/figure>\n\n\n\n<p class=\"wp-block-paragraph\"><strong><strong>\u00a1Conoce el canal de Grande Pr\u00eamio en Espa\u00f1ol en\u00a0<a href=\"https:\/\/www.youtube.com\/channel\/UCDxWojGVUi9gWYhrY0pGbIQ\" target=\"_blank\" rel=\"noreferrer noopener\">YouTube<\/a>!<br>\u00a1Sigue a\u00a0Grande Pr\u00eamio en Espa\u00f1ol\u00a0en\u00a0<a href=\"https:\/\/twitter.com\/grandepremioES\" target=\"_blank\" rel=\"noreferrer noopener\">Twitter\u00a0<\/a>y en\u00a0<a href=\"https:\/\/www.instagram.com\/grandepremioes\/\" target=\"_blank\" rel=\"noreferrer noopener\">Instagram<\/a>!<\/strong><\/strong><\/p>\n\n\n\n<p class=\"wp-block-paragraph\">Esta enorme diferencia puede explicarse de varias maneras. Algunos se\u00f1alan la directiva t\u00e9cnica sobre rebotes que entr\u00f3 en vigor este fin de semana. No es ning\u00fan secreto que Ferrari necesitaba cambiar el F1-75, especialmente en lo que respecta a la configuraci\u00f3n de la suspensi\u00f3n, y tuvo que endurecer otros elementos del suelo. Es un hecho que ambos pilotos se quejaron del equilibrio del coche. Pero tambi\u00e9n hay otra cuesti\u00f3n: la elecci\u00f3n de una puesta a punto m\u00e1s orientada a la carrera. En otras palabras, un compromiso que apunta a una mayor carga aerodin\u00e1mica, aunque la Scuderia prob\u00f3 diferentes conjuntos de alas. Esta raz\u00f3n justifica el mejor rendimiento en el sector intermedio del circuito, por ejemplo.<\/p>\n\n\n\n<p class=\"wp-block-paragraph\">Tiene una raz\u00f3n a\u00fan m\u00e1s simple: la propia pista de Spa se adecua m\u00e1s a las caracter\u00edsticas actuales de Red Bull que de Ferrari.. Es cierto que al coche del equipoe austr\u00edaco le encantan los circuitos de alta velocidad con tramos rectos y fluidos. Tanto es as\u00ed que Max domin\u00f3 el primer y tercer sector de la pista. No cabe duda de que el RB18 cumple mejor esas caracter\u00edsticas que el F1-75. Sea lo que sea, lo cierto es que la escuder\u00eda italiana parece haber perdido rendimiento en la clasificaci\u00f3n, aunque es importante se\u00f1alar que hay una diferencia significativa en t\u00e9rminos de rendimiento en la clasificaci\u00f3n entre Sainz y su compa\u00f1ero de equipo Leclerc, el poseedor del r\u00e9cord de poles esta temporada. Ahora bien, el ritmo de carrera de los Ferrari fue lo m\u00e1s destacado del viernes.<\/p>\n\n\n\n<p class=\"wp-block-paragraph\">&#8220;Estoy contento de salir en la pole, pero obviamente no tan contento de ver la diferencia con Max este fin de semana y la diferencia que tiene Red Bull sobre nosotros&#8221;, reconoci\u00f3 el espa\u00f1ol. &#8220;Tenemos que seguir trabajando duro para ver por qu\u00e9 los Red Bull son tan r\u00e1pidos en esta pista, pero empezar por delante es bueno e intentaremos ganar ma\u00f1ana&#8221;, a\u00f1adi\u00f3.<\/p>\n\n\n\n<figure class=\"wp-block-image size-large\"><img decoding=\"async\" src=\"https:\/\/www.grandepremio.com\/br\/wp-content\/uploads\/2020\/05\/SI202208260288_news_2-1024x683.jpg\" alt=\"\" class=\"wp-image-606900\"\/><figcaption>Max Verstappen s\u00f3lo sale 15\u00ba el domingo (Foto: Mark Thompson\/Getty Images\/Red Bull Content Pool)<\/figcaption><\/figure>\n\n\n\n<p class=\"wp-block-paragraph\">&#8220;Pero a ritmo de carrera, nuestros dos coches parecen estar mucho m\u00e1s cerca, como ocurri\u00f3 ayer. Pero esperemos y veamos. Una diferencia as\u00ed en la clasificaci\u00f3n\u2026 Ser\u00e1 extra\u00f1o ver si se mantiene as\u00ed ma\u00f1ana&#8221;, enmend\u00f3 el monegasco, que apuesta por un cambio de rumbo ma\u00f1ana.<\/p>\n\n\n\n<p class=\"wp-block-paragraph\">De hecho, Red Bull tambi\u00e9n dio prioridad a la velocidad final, aunque tambi\u00e9n intent\u00f3 dotar al RB18 de una mayor carga aerodin\u00e1mica. Al igual que el viernes, Verstappen fue capaz de poner los neum\u00e1ticos en la ventana correcta y eso fue probablemente la clave del rendimiento. As\u00ed que la idea es reproducir la combinaci\u00f3n de esos elementos. Y dentro de eso, Max se convierte en una amenaza para aquellos que planean aprovecharse del festival de sanciones. Est\u00e1 claro que el campe\u00f3n vigente tendr\u00e1 trabajo que hacer. Parte de un bloque compacto y potencialmente arriesgado.<\/p>\n\n\n\n<p class=\"wp-block-paragraph\">Por otro lado, siempre es bueno recordar la carrera realizada por el holand\u00e9s en Hungr\u00eda, donde parti\u00f3 desde la d\u00e9cima posici\u00f3n hasta la victoria. Por supuesto, otros factores ayudaron, como los errores estrat\u00e9gicos de Ferrari, lo que no quiere decir que no se pueda repetir. Lejos de eso, hoy el equipo rojo ha dado una nueva muestra de confusi\u00f3n al mandar a Leclerc a la pista con neum\u00e1ticos nuevos cuando s\u00f3lo ten\u00eda que darle el vac\u00edo a su compa\u00f1ero.<\/p>\n\n\n\n<p class=\"wp-block-paragraph\"><strong>VER TAMBI\u00c9N<br><a href=\"https:\/\/grandepremio.com\/es\/\/f1\/carlos-sainz-pole-max-verstappen-gp-belgica-formula-1\/\">Sainz hereda la pole tras sanci\u00f3n a Verstappen en el GP de B\u00e9lgica<\/a><br><a href=\"https:\/\/grandepremio.com\/es\/\/f1\/parrilla-gp-de-belgica-penalizaciones\/\">\u00bfC\u00f3mo queda la parrilla del GP de B\u00e9lgica tras las penalizaciones por cambios de motor?<\/a><\/strong><\/p>\n\n\n\n<p class=\"wp-block-paragraph\">Aun as\u00ed, Verstappen sigue siendo una amenaza. &#8220;Ha sido una gran clasificaci\u00f3n, pero ha sido as\u00ed todo el fin de semana&#8221;, celebr\u00f3 Verstappen, destacando el poder de Red Bull en el circuito belga. &#8220;Los coches est\u00e1n funcionando bien, se trata b\u00e1sicamente de encontrar la mejor puesta a punto. Y todo funcion\u00f3 en la clasificaci\u00f3n&#8221;, subray\u00f3.<\/p>\n\n\n\n<p class=\"wp-block-paragraph\">&#8220;Ahora tenemos que ir a por todas, sobre todo con el coche que tenemos. Ser\u00eda una pena no estar en el podio&#8221;, cerr\u00f3 el holand\u00e9s.<\/p>\n\n\n\n<p class=\"wp-block-paragraph\">Y por delante, hay una oportunidad de oro para Sainz y Sergio P\u00e9rez, que comparten la primera fila. A pesar de una \u00faltima vuelta terrible, el piloto madrile\u00f1o fue capaz de detener el avance del mexicano, lo que fue una decepci\u00f3n, teniendo en cuenta que el coche de Red Bull estaba muy bien preparado para Spa. En cualquier caso, los focos est\u00e1n puestos en los dos escuderos que se enfrentar\u00e1n a otra batalla de estrategia y ajustes, con una pizca de clima, ya que la previsi\u00f3n apunta a un d\u00eda m\u00e1s c\u00e1lido.<\/p>\n\n\n\n<p class=\"wp-block-paragraph\">El outsider es Fernando Alonso (tercero), que intenta redimirse de la oportunidad que dej\u00f3 pasar en Canad\u00e1. A Mercedes tambi\u00e9n se le puede meter en esta bala, pero m\u00e1s por los cr\u00e9ditos de la temporada que por la problem\u00e1tica actuaci\u00f3n de este s\u00e1bado. Las Flechas de Plata suelen realizar un hechizo m\u00e1gico el domingo, as\u00ed que toca esperar y ver.<\/p>\n\n\n\n<p class=\"wp-block-paragraph\"><strong>GRANDE PR\u00caMIO<\/strong>&nbsp;sigue todas las actividades del Gran Premio de B\u00e9lgica de&nbsp;<a href=\"https:\/\/www.grandepremio.com\/br\/f1\/\" target=\"_blank\" rel=\"noreferrer noopener\">F\u00f3rmula 1<\/a>. El domingo, la salida est\u00e1 prevista para las 15:00 horas [local, GMT+2].<\/p>\n","protected":false},"excerpt":{"rendered":"<p>Ferrari parece haber decidido dar prioridad a la carrera en Spa, pero no ha ocultado su preocupaci\u00f3n por Red Bull. Y tienen raz\u00f3n: Max Verstappen fue tan dominante que ni siquiera necesit\u00f3 una segunda vuelta para marcar el mejor tiempo en la Q3 de Spa. Sin embargo, tendr\u00e1 que salir 15\u00ba, pero sigue siendo una amenaza real para los planes de Ferrari en B\u00e9lgica.<\/p>\n","protected":false},"author":0,"featured_media":1010080930,"comment_status":"closed","ping_status":"closed","sticky":false,"template":"","format":"standard","meta":{"42wp_featured_image_caption":"","42wp_featured_image_credits":"","42wp_featured_video":"","42wp_featured_image_hidden":false,"42wp_authors_list":[],"footnotes":""},"categories":[5],"tags":[247,1519,181,1495,185,179,646,1488,2237,249,206,294,637],"42wp_author":[14234,14222],"class_list":["post-21896","post","type-post","status-publish","format-standard","has-post-thumbnail","hentry","category-f1","tag-charles-leclerc","tag-clasificacion-f1","tag-f1","tag-f1-2022","tag-ferrari","tag-formula-1","tag-gp-de-belgica","tag-grande-premio","tag-grandepremio","tag-max-verstappen","tag-red-bull","tag-sergio-perez","tag-spa-francorchamps","42wp_author-douglas-rocha","42wp_author-evelyn-guimaraes"],"_links":{"self":[{"href":"https:\/\/grandepremio.com\/es\/wp-json\/wp\/v2\/posts\/21896","targetHints":{"allow":["GET"]}}],"collection":[{"href":"https:\/\/grandepremio.com\/es\/wp-json\/wp\/v2\/posts"}],"about":[{"href":"https:\/\/grandepremio.com\/es\/wp-json\/wp\/v2\/types\/post"}],"replies":[{"embeddable":true,"href":"https:\/\/grandepremio.com\/es\/wp-json\/wp\/v2\/comments?post=21896"}],"version-history":[{"count":0,"href":"https:\/\/grandepremio.com\/es\/wp-json\/wp\/v2\/posts\/21896\/revisions"}],"wp:featuredmedia":[{"embeddable":true,"href":"https:\/\/grandepremio.com\/es\/wp-json\/wp\/v2\/media\/1010080930"}],"wp:attachment":[{"href":"https:\/\/grandepremio.com\/es\/wp-json\/wp\/v2\/media?parent=21896"}],"wp:term":[{"taxonomy":"category","embeddable":true,"href":"https:\/\/grandepremio.com\/es\/wp-json\/wp\/v2\/categories?post=21896"},{"taxonomy":"post_tag","embeddable":true,"href":"https:\/\/grandepremio.com\/es\/wp-json\/wp\/v2\/tags?post=21896"},{"taxonomy":"42wp_author","embeddable":true,"href":"https:\/\/grandepremio.com\/es\/wp-json\/wp\/v2\/42wp_author?post=21896"}],"curies":[{"name":"wp","href":"https:\/\/api.w.org\/{rel}","templated":true}]}}