{"id":21936,"date":"2022-08-26T12:56:52","date_gmt":"2022-08-26T15:56:52","guid":{"rendered":"https:\/\/grandepremio.com\/es\/2022\/08\/26\/lewis-hamilton-mercedes-coche-de-carreras\/"},"modified":"2022-08-26T12:57:57","modified_gmt":"2022-08-26T15:57:57","slug":"lewis-hamilton-mercedes-coche-de-carreras","status":"publish","type":"post","link":"https:\/\/grandepremio.com\/es\/f1\/lewis-hamilton-mercedes-coche-de-carreras\/","title":{"rendered":"Hamilton dice que Mercedes &#8220;ahora tiene coche de carreras&#8221; y ve victoria m\u00e1s cerca"},"content":{"rendered":"\n<p class=\"wp-block-paragraph\">Lewis Hamilton ha valorado que Mercedes est\u00e1 cada vez m\u00e1s cerca de conseguir una victoria en la temporada 2022 de F\u00f3rmula 1. El brit\u00e1nico destac\u00f3 el progreso del equipo a lo largo del campeonato y consider\u00f3 que el W13 es cada vez m\u00e1s un &#8220;coche de carreras&#8221;.<\/p>\n\n\n\n<p class=\"wp-block-paragraph\">Dominante desde el inicio de la era de los motores V6 turbo, Mercedes sufri\u00f3 para adaptarse a la nueva normativa y se encontr\u00f3 por detr\u00e1s de Ferrari y Red Bull, sufriendo, sobre todo, por un volumen excesivo de rebotes.<\/p>\n\n\n\n<figure class=\"wp-block-image size-large\"><img decoding=\"async\" src=\"https:\/\/www.grandepremio.com\/br\/wp-content\/uploads\/2020\/05\/000_32H3446-1024x683.jpg\" alt=\"\" class=\"wp-image-606337\"\/><figcaption>Lewis Hamilton conf\u00eda en la capacidad de reacci\u00f3n de Mercedes y ve cerca la victoria (Foto: John Thys\/AFP)<\/figcaption><\/figure>\n\n\n\n<p class=\"wp-block-paragraph\"><strong><strong><strong>\u00a1Conoce el canal de Grande Pr\u00eamio en Espa\u00f1ol en\u00a0<a href=\"https:\/\/www.youtube.com\/channel\/UCDxWojGVUi9gWYhrY0pGbIQ\" target=\"_blank\" rel=\"noreferrer noopener\">YouTube<\/a>!<br>\u00a1Sigue a\u00a0Grande Pr\u00eamio en Espa\u00f1ol\u00a0en\u00a0<a href=\"https:\/\/twitter.com\/grandepremioES\" target=\"_blank\" rel=\"noreferrer noopener\">Twitter\u00a0<\/a>y en\u00a0<a href=\"https:\/\/www.instagram.com\/grandepremioes\/\" target=\"_blank\" rel=\"noreferrer noopener\">Instagram<\/a>!<\/strong><\/strong><\/strong><\/p>\n\n\n\n<p class=\"wp-block-paragraph\">Sin embargo, antes del par\u00f3n vacacional, la escuadra de Brackley hab\u00eda dado pasos importantes, con dobles podios en los GP de Francia y Hungr\u00eda. Al comienzo de la segunda mitad de la temporada, Hamilton mostr\u00f3 su confianza en que el W13 puede ir a\u00fan m\u00e1s lejos.<\/p>\n\n\n\n<p class=\"wp-block-paragraph\">Cuando se le pregunt\u00f3 si ve\u00eda a Mercedes m\u00e1s cerca de volver a ganar en la F\u00f3rmula 1, Hamilton respondi\u00f3: &#8220;S\u00ed, definitivamente. Creo que, por supuesto, hemos estado mejorando, tenemos esa consistencia que ha aparecido en las \u00faltimas carreras y un gran progreso que el equipo est\u00e1 haciendo, todo el mundo empujando juntos y continuando&#8221;.<\/p>\n\n\n\n<p class=\"wp-block-paragraph\"><strong>VER TAMBI\u00c9N<br><a href=\"https:\/\/grandepremio.com\/es\/\/f1\/mercedes-decoracion-retro-belgica-55-anos-amg\/\">Mercedes trae decoraci\u00f3n retro a B\u00e9lgica en homenaje a los 55 a\u00f1os de AMG<\/a><br><a href=\"https:\/\/grandepremio.com\/es\/\/f1\/campeones-mundiales-defensa-daniel-ricciardo-dimision\/\">Campeones mundiales se unen en defensa de Ricciardo tras dimisi\u00f3n: \u00abMucho que ofrecer\u00bb<\/a><br><a href=\"https:\/\/grandepremio.com\/es\/\/f1\/eric-calduch-mercedes-lucha-titulo-2023\/\">Eric Calduch predice que Mercedes estar\u00e1 en la lucha por el t\u00edtulo de F\u00f3rmula 1 en 2023<\/a><\/strong><\/p>\n\n\n\n<p class=\"wp-block-paragraph\">&#8220;Y el coche se est\u00e1 convirtiendo en un coche de carreras, que no es particularmente lo que era a principios de a\u00f1o, m\u00e1s bien un coche de carreras normal en el sentido de sus caracter\u00edsticas&#8221;, coment\u00f3 el brit\u00e1nico, que no ha ganado hace 14 pruebas, la sequ\u00eda m\u00e1s larga de su carrera. &#8220;Y en la \u00faltima carrera fue la mejor actuaci\u00f3n que hemos tenido hasta ahora. Para nosotros fue un gran impulso ver que podemos reducir la diferencia&#8221;, sigui\u00f3.<\/p>\n\n\n\n<p class=\"wp-block-paragraph\">&#8220;Naturalmente, va a seguir siendo dif\u00edcil, vamos a mantener la cabeza baja. Los dem\u00e1s est\u00e1n haciendo un trabajo incre\u00edble, pero creo que podemos reducir el retraso&#8221;, apost\u00f3.<\/p>\n\n\n\n<p class=\"wp-block-paragraph\">Su compa\u00f1ero de Mercedes, George Russell, dijo que &#8220;comparte la confianza de Hamilton&#8221;.<\/p>\n\n\n\n<p class=\"wp-block-paragraph\">&#8220;Creo que se basa en el hecho de que hemos logrado grandes avances. Creo que tambi\u00e9n estamos aportando m\u00e1s rendimiento al coche en las pr\u00f3ximas carreras, lo que es realmente emocionante, y creo que hemos aprendido mucho en las \u00faltimas carreras antes del par\u00f3n vacacional&#8221;, coment\u00f3 Russell.<\/p>\n\n\n\n<p class=\"wp-block-paragraph\">&#8220;As\u00ed que es realmente inspirador ver c\u00f3mo el equipo se ha unido en los momentos dif\u00edciles de principios de a\u00f1o y c\u00f3mo hemos cogido ese retraso. Creo que hay mucho m\u00e1s por venir y lo estamos dando todo&#8221;, cerr\u00f3.<\/p>\n","protected":false},"excerpt":{"rendered":"<p>Lewis Hamilton destac\u00f3 los progresos del W13 de Mercedes a lo largo de la temporada y se mostr\u00f3 confiado en que a\u00fan es posible acercarse m\u00e1s.<\/p>\n","protected":false},"author":0,"featured_media":1010080505,"comment_status":"closed","ping_status":"closed","sticky":false,"template":"","format":"standard","meta":{"42wp_featured_image_caption":"","42wp_featured_image_credits":"","42wp_featured_video":"","42wp_featured_image_hidden":false,"42wp_authors_list":[],"footnotes":""},"categories":[5],"tags":[181,1495,179,1488,2237,199,197,206,1948],"42wp_author":[14234],"class_list":["post-21936","post","type-post","status-publish","format-standard","has-post-thumbnail","hentry","category-f1","tag-f1","tag-f1-2022","tag-formula-1","tag-grande-premio","tag-grandepremio","tag-lewis-hamilton","tag-mercedes","tag-red-bull","tag-w13","42wp_author-douglas-rocha"],"_links":{"self":[{"href":"https:\/\/grandepremio.com\/es\/wp-json\/wp\/v2\/posts\/21936","targetHints":{"allow":["GET"]}}],"collection":[{"href":"https:\/\/grandepremio.com\/es\/wp-json\/wp\/v2\/posts"}],"about":[{"href":"https:\/\/grandepremio.com\/es\/wp-json\/wp\/v2\/types\/post"}],"replies":[{"embeddable":true,"href":"https:\/\/grandepremio.com\/es\/wp-json\/wp\/v2\/comments?post=21936"}],"version-history":[{"count":0,"href":"https:\/\/grandepremio.com\/es\/wp-json\/wp\/v2\/posts\/21936\/revisions"}],"wp:featuredmedia":[{"embeddable":true,"href":"https:\/\/grandepremio.com\/es\/wp-json\/wp\/v2\/media\/1010080505"}],"wp:attachment":[{"href":"https:\/\/grandepremio.com\/es\/wp-json\/wp\/v2\/media?parent=21936"}],"wp:term":[{"taxonomy":"category","embeddable":true,"href":"https:\/\/grandepremio.com\/es\/wp-json\/wp\/v2\/categories?post=21936"},{"taxonomy":"post_tag","embeddable":true,"href":"https:\/\/grandepremio.com\/es\/wp-json\/wp\/v2\/tags?post=21936"},{"taxonomy":"42wp_author","embeddable":true,"href":"https:\/\/grandepremio.com\/es\/wp-json\/wp\/v2\/42wp_author?post=21936"}],"curies":[{"name":"wp","href":"https:\/\/api.w.org\/{rel}","templated":true}]}}