{"id":21967,"date":"2022-08-24T10:57:03","date_gmt":"2022-08-24T13:57:03","guid":{"rendered":"https:\/\/grandepremio.com\/es\/2022\/08\/24\/haas-actualizaciones-belgica-formula-1\/"},"modified":"2022-08-24T10:57:07","modified_gmt":"2022-08-24T13:57:07","slug":"haas-actualizaciones-belgica-formula-1","status":"publish","type":"post","link":"https:\/\/grandepremio.com\/es\/f1\/haas-actualizaciones-belgica-formula-1\/","title":{"rendered":"Haas confirma atualizaciones en autos de Magnussen y Schumacher para B\u00e9lgica"},"content":{"rendered":"\n<p class=\"wp-block-paragraph\">A lo largo de la actual temporada de F\u00f3rmula 1, <a href=\"https:\/\/grandepremio.com\/es\/\/f1\/haas-problemas-produccion-componentes\/\" target=\"_blank\" rel=\"noreferrer noopener\">Haas debi\u00f3 lidiar con problemas para fabricar las piezas necesarias para evolucionar sus auto<\/a>, y s\u00f3lo en Hungr\u00eda pudo aportar actualizaciones al monoplaza de Kevin Magnussen. Pero tanto el dan\u00e9s como Mick Schumacher tendr\u00e1n un nuevo paquete de mejoras cuando se dispute el GP de B\u00e9lgica. Quien realiz\u00f3 esa confirmaci\u00f3n fue el jefe del equipo estadounidense, Guenther Steiner, que espera ver una evoluci\u00f3n del VF-22 en Spa, y sobre todo en ritmo de clasificaci\u00f3n.<\/p>\n\n\n\n<p class=\"wp-block-paragraph\">&#8220;Pudimos ver que los n\u00fameros del coche en la pista se correlacionaban con los del t\u00fanel de viento. Eso es siempre una buena se\u00f1al&#8221;, declar\u00f3 Steiner. &#8220;Ahora, tenemos que sacar el m\u00e1ximo a ritmo de vuelta lanzada. El equipo observ\u00f3 los datos de cerca antes de las vacaciones, y ahora que han vuelto har\u00e1n a\u00fan m\u00e1s&#8221;, subray\u00f3.<\/p>\n\n\n\n<p class=\"wp-block-paragraph\"><strong><strong>\u00a1Conoce el canal de Grande Pr\u00eamio en Espa\u00f1ol en\u00a0<a href=\"https:\/\/www.youtube.com\/channel\/UCDxWojGVUi9gWYhrY0pGbIQ\" target=\"_blank\" rel=\"noreferrer noopener\">YouTube<\/a>!<br>\u00a1Sigue a\u00a0Grande Pr\u00eamio en Espa\u00f1ol\u00a0en\u00a0<a href=\"https:\/\/twitter.com\/grandepremioES\" target=\"_blank\" rel=\"noreferrer noopener\">Twitter\u00a0<\/a>y en\u00a0<a href=\"https:\/\/www.instagram.com\/grandepremioes\/\" target=\"_blank\" rel=\"noreferrer noopener\">Instagram<\/a>!<\/strong><\/strong><\/p>\n\n\n\n<figure class=\"wp-block-image size-large\"><img decoding=\"async\" src=\"https:\/\/grandepremio.com\/es\/\/wp-content\/uploads\/2022\/03\/steiner-scaled-e1648564113638-1024x741.jpg\" alt=\"\" class=\"wp-image-57982\"\/><figcaption>Guenther Steiner, jefe de Haas, espera una mejora en el rendimiento en las sesiones de clasificaci\u00f3n. (Foto: LAT Images)<\/figcaption><\/figure>\n\n\n\n<p class=\"wp-block-paragraph\">&#8220;Pero de momento tiene buena pinta, espero que podamos mejorar nuestro tiempo por vuelta&#8221;, explic\u00f3. &#8220;Ambos coches recibir\u00e1n el paquete de actualizaciones&#8221;, revel\u00f3 a continuaci\u00f3n el italiano.<\/p>\n\n\n\n<p class=\"wp-block-paragraph\">Actualmente s\u00e9ptimo en el Campeonato del Mundo de Constructores con 34 puntos, el objetivo de Haas es mantenerse por delante de AlphaTauri, Aston Martin y Williams, los tres \u00faltimos equipos. Sin embargo, Steiner no descarta darle batalla a Alfa Romeo, que est\u00e1 un puesto por delante y tiene 17 puntos m\u00e1s.<\/p>\n\n\n\n<p class=\"wp-block-paragraph\">&#8220;Espero que podamos mantener esa posici\u00f3n en el campeonato. Esa es la batalla n\u00famero uno&#8221;, subray\u00f3. &#8220;El n\u00famero dos de la batalla est\u00e1 tratando de ascender al sexto puesto, pero ya veremos. Siempre nos esforzaremos por mejorar, o al menos por no quedarnos atr\u00e1s&#8221;, concluy\u00f3.<\/p>\n\n\n\n<p class=\"wp-block-paragraph\">El GP de B\u00e9lgica marcar\u00e1 el regreso de la F\u00f3rmula 1 tras las vacaciones, y est\u00e1 previsto entre el 26 y el 28 de agosto en Spa Francorchamps.<\/p>\n","protected":false},"excerpt":{"rendered":"<p>Guenther Steiner, jefe de Haas, revel\u00f3 que el equipo estadounidense presentar\u00e1 nuevos desarrollos en Spa Francorchamps, con los que espera una mejora notoria en su ritmo de clasificaci\u00f3n. <\/p>\n","protected":false},"author":0,"featured_media":1010080337,"comment_status":"closed","ping_status":"closed","sticky":false,"template":"","format":"standard","meta":{"42wp_featured_image_caption":"","42wp_featured_image_credits":"","42wp_featured_video":"","42wp_featured_image_hidden":false,"42wp_authors_list":[],"footnotes":""},"categories":[5],"tags":[181,1495,179,646,1469,414,430,371],"42wp_author":[14223],"class_list":["post-21967","post","type-post","status-publish","format-standard","has-post-thumbnail","hentry","category-f1","tag-f1","tag-f1-2022","tag-formula-1","tag-gp-de-belgica","tag-guenther-steiner","tag-haas","tag-kevin-magnussen","tag-mick-schumacher","42wp_author-esteban-nieto"],"_links":{"self":[{"href":"https:\/\/grandepremio.com\/es\/wp-json\/wp\/v2\/posts\/21967","targetHints":{"allow":["GET"]}}],"collection":[{"href":"https:\/\/grandepremio.com\/es\/wp-json\/wp\/v2\/posts"}],"about":[{"href":"https:\/\/grandepremio.com\/es\/wp-json\/wp\/v2\/types\/post"}],"replies":[{"embeddable":true,"href":"https:\/\/grandepremio.com\/es\/wp-json\/wp\/v2\/comments?post=21967"}],"version-history":[{"count":0,"href":"https:\/\/grandepremio.com\/es\/wp-json\/wp\/v2\/posts\/21967\/revisions"}],"wp:featuredmedia":[{"embeddable":true,"href":"https:\/\/grandepremio.com\/es\/wp-json\/wp\/v2\/media\/1010080337"}],"wp:attachment":[{"href":"https:\/\/grandepremio.com\/es\/wp-json\/wp\/v2\/media?parent=21967"}],"wp:term":[{"taxonomy":"category","embeddable":true,"href":"https:\/\/grandepremio.com\/es\/wp-json\/wp\/v2\/categories?post=21967"},{"taxonomy":"post_tag","embeddable":true,"href":"https:\/\/grandepremio.com\/es\/wp-json\/wp\/v2\/tags?post=21967"},{"taxonomy":"42wp_author","embeddable":true,"href":"https:\/\/grandepremio.com\/es\/wp-json\/wp\/v2\/42wp_author?post=21967"}],"curies":[{"name":"wp","href":"https:\/\/api.w.org\/{rel}","templated":true}]}}