{"id":21995,"date":"2022-08-22T04:30:00","date_gmt":"2022-08-22T07:30:00","guid":{"rendered":"https:\/\/grandepremio.com\/es\/2022\/08\/22\/aston-martin-era-vettel-trabajando-2023\/"},"modified":"2022-08-21T12:50:24","modified_gmt":"2022-08-21T15:50:24","slug":"aston-martin-era-vettel-trabajando-2023","status":"publish","type":"post","link":"https:\/\/grandepremio.com\/es\/f1\/aston-martin-era-vettel-trabajando-2023\/","title":{"rendered":"Aston Martin renuncia a la &#8216;Era Vettel&#8217; y revela: &#8220;Estamos trabajando para 2023&#8221;"},"content":{"rendered":"\n<p class=\"wp-block-paragraph\">Aston Martin ha renunciado al \u00faltimo a\u00f1o de carrera de Sebastian Vettel. Si hasta hace unas carreras se hablaba de desarrollar el coche para convencer al tetracampe\u00f3n de quedarse en la escuder\u00eda en 2023, la decisi\u00f3n de Vettel de retirarse hizo que la escuder\u00eda inglesa llegara al receso de la <a href=\"https:\/\/grandepremio.com\/es\/\/categoria\/f1\/\" target=\"_blank\" rel=\"noreferrer noopener\">F\u00f3rmula 1<\/a> pensando en 2023. Quien dijo que fue el jefe de rendimiento, Tom McCullough.<\/p>\n\n\n\n<p class=\"wp-block-paragraph\">Seg\u00fan el director de Aston Martin, todo lo que ha hecho el equipo de Silverstone esta temporada, sumado al hecho de que hay un nuevo l\u00edmite presupuestario en la F1, ha llevado a la decisi\u00f3n de detener el desarrollo durante el a\u00f1o. Aston Martin entiende que ha sacado suficiente provecho de 2022 en cuanto a entender el coche fabricado bajo las reglas que el campeonato debut\u00f3 en enero.<\/p>\n\n\n\n<p class=\"wp-block-paragraph\">\u201cEstablecimos un presupuesto de desarrollo, pero ya hemos desarrollado mucho y hemos modificado mucho el coche. Ahora estamos desarrollando el coche para la temporada 2023&#8243;, dijo a la revista alemana Motorsport-Total.<\/p>\n\n\n\n<p class=\"wp-block-paragraph\">El director dijo que a\u00fan es posible preparar \u201cpiezas grandes como alerones nuevos, pero el costo es bastante alto y se puede esperar hasta 2023\u201d.<\/p>\n\n\n\n<p class=\"wp-block-paragraph\"><strong><strong>\u00a1Conoce el canal de Grande Pr\u00eamio en Espa\u00f1ol en\u00a0<a href=\"https:\/\/www.youtube.com\/channel\/UCDxWojGVUi9gWYhrY0pGbIQ\" target=\"_blank\" rel=\"noreferrer noopener\">YouTube<\/a>!<br>\u00a1Sigue a\u00a0Grande Pr\u00eamio en Espa\u00f1ol\u00a0en\u00a0<a href=\"https:\/\/twitter.com\/grandepremioES\" target=\"_blank\" rel=\"noreferrer noopener\">Twitter\u00a0<\/a>y en\u00a0<a href=\"https:\/\/www.instagram.com\/grandepremioes\/\" target=\"_blank\" rel=\"noreferrer noopener\">Instagram<\/a>!<\/strong><\/strong><\/p>\n\n\n\n<figure class=\"wp-block-image size-large\"><img decoding=\"async\" src=\"https:\/\/www.grandepremio.com\/br\/wp-content\/uploads\/2022\/07\/astonmartin-lancestroll-01-15-1024x683.jpg\" alt=\"\" class=\"wp-image-599892\"\/><figcaption>Lance Stroll tendr\u00e1 a Fernando Alonso como compa\u00f1ero en 2023 (Foto: Aston Martin)<\/figcaption><\/figure>\n\n\n\n<p class=\"wp-block-paragraph\">\u201cEl l\u00edmite presupuestario es un factor en esta decisi\u00f3n. Podemos usar [el nuevo concepto de ala] de muchas maneras diferentes y en diferentes alas. Mejora la eficiencia\u201d, se\u00f1al\u00f3.<\/p>\n\n\n\n<p class=\"wp-block-paragraph\">\u201cTenemos toda una gama de alerones, por ejemplo, que ya hemos construido. Usamos muchos de ellos, debido a la diferencia en la parte de eficiencia. \u00bfPor qu\u00e9 volver\u00edamos a empezar el proyecto? Se trata de la relaci\u00f3n calidad-precio del dinero que gastamos\u201d, redonde\u00f3.<\/p>\n\n\n\n<p class=\"wp-block-paragraph\">De momento, Aston Martin tiene 20 puntos y es noveno y pen\u00faltimo en el Mundial de Constructores. Para 2023, Fernando Alonso reemplazar\u00e1 a Vettel, y se juntar\u00e1 al lado de Lance Stroll.<\/p>\n\n\n\n<p class=\"wp-block-paragraph\">La F\u00f3rmula 1 sigue en su par\u00f3n de verano y solo regresar\u00e1 entre el 26 y el 28 de agosto, en Spa-Francorchamps, con el GP de B\u00e9lgica.<\/p>\n","protected":false},"excerpt":{"rendered":"<p>El director de rendimiento de Aston Martin, Tom McCullough, abri\u00f3 el juego: el equipo dej\u00f3 de lado el 2022 y comenz\u00f3 a pensar en el pr\u00f3ximo a\u00f1o.<\/p>\n","protected":false},"author":0,"featured_media":1010079818,"comment_status":"closed","ping_status":"closed","sticky":false,"template":"","format":"standard","meta":{"42wp_featured_image_caption":"","42wp_featured_image_credits":"","42wp_featured_video":"","42wp_featured_image_hidden":false,"42wp_authors_list":[],"footnotes":""},"categories":[5],"tags":[209,181,1495,1676,184,179,3224,359,208,3223],"42wp_author":[14233],"class_list":["post-21995","post","type-post","status-publish","format-standard","has-post-thumbnail","hentry","category-f1","tag-aston-martin","tag-f1","tag-f1-2022","tag-f1-2023","tag-fernando-alonso","tag-formula-1","tag-jefe-de-rendimiento","tag-lance-stroll","tag-sebastian-vettel","tag-tom-mccullough","42wp_author-eric-calduch"],"_links":{"self":[{"href":"https:\/\/grandepremio.com\/es\/wp-json\/wp\/v2\/posts\/21995","targetHints":{"allow":["GET"]}}],"collection":[{"href":"https:\/\/grandepremio.com\/es\/wp-json\/wp\/v2\/posts"}],"about":[{"href":"https:\/\/grandepremio.com\/es\/wp-json\/wp\/v2\/types\/post"}],"replies":[{"embeddable":true,"href":"https:\/\/grandepremio.com\/es\/wp-json\/wp\/v2\/comments?post=21995"}],"version-history":[{"count":0,"href":"https:\/\/grandepremio.com\/es\/wp-json\/wp\/v2\/posts\/21995\/revisions"}],"wp:featuredmedia":[{"embeddable":true,"href":"https:\/\/grandepremio.com\/es\/wp-json\/wp\/v2\/media\/1010079818"}],"wp:attachment":[{"href":"https:\/\/grandepremio.com\/es\/wp-json\/wp\/v2\/media?parent=21995"}],"wp:term":[{"taxonomy":"category","embeddable":true,"href":"https:\/\/grandepremio.com\/es\/wp-json\/wp\/v2\/categories?post=21995"},{"taxonomy":"post_tag","embeddable":true,"href":"https:\/\/grandepremio.com\/es\/wp-json\/wp\/v2\/tags?post=21995"},{"taxonomy":"42wp_author","embeddable":true,"href":"https:\/\/grandepremio.com\/es\/wp-json\/wp\/v2\/42wp_author?post=21995"}],"curies":[{"name":"wp","href":"https:\/\/api.w.org\/{rel}","templated":true}]}}