{"id":21998,"date":"2022-08-21T13:32:00","date_gmt":"2022-08-21T16:32:00","guid":{"rendered":"https:\/\/grandepremio.com\/es\/2022\/08\/21\/mir-fractura-tobillo-accidente-austria\/"},"modified":"2022-08-21T12:59:50","modified_gmt":"2022-08-21T15:59:50","slug":"mir-fractura-tobillo-accidente-austria","status":"publish","type":"post","link":"https:\/\/grandepremio.com\/es\/motogp\/mir-fractura-tobillo-accidente-austria\/","title":{"rendered":"Mir revela fractura en el tobillo y explica accidente en Austria: &#8220;Perd\u00ed la trasera&#8221;"},"content":{"rendered":"\n<p class=\"wp-block-paragraph\">Joan Mir abandon\u00f3 el GP de Austria, disputado por <a href=\"https:\/\/grandepremio.com\/es\/\/categoria\/motogp\/\" target=\"_blank\" rel=\"noreferrer noopener\">MotoGP<\/a> este domingo, en las primeras curvas del Red Bull Ring. El piloto espa\u00f1ol perdi\u00f3 el control de la moto en la cuarta curva del trazado austriaco y acab\u00f3 en la grava, provocando un panorama preocupante y abandonando la carrera en el inicio. Tras ser atendido por m\u00e9dicos, el piloto de 24 a\u00f1os comparti\u00f3 una foto en la que aparece bien para tranquilizar a los fans y explic\u00f3 el momento de la ca\u00edda.<\/p>\n\n\n\n<p class=\"wp-block-paragraph\">\u201cTuve una fuerte ca\u00edda en la curva 4. Perd\u00ed la parte trasera y eso provoc\u00f3 un &#8216;highside&#8217; [accidente de motociclismo en el que la rotaci\u00f3n de la moto hace que golpee y arroje al piloto]\u201d, dijo Mir despu\u00e9s de la carrera. \u201cPodr\u00eda haber sido mucho peor, as\u00ed que me siento afortunado\u201d, agradeci\u00f3.<\/p>\n\n\n\n<p class=\"wp-block-paragraph\"><strong>\u00a1Conoce el canal de Grande Pr\u00eamio en Espa\u00f1ol en&nbsp;<a href=\"https:\/\/www.youtube.com\/channel\/UCDxWojGVUi9gWYhrY0pGbIQ\" target=\"_blank\" rel=\"noreferrer noopener\">YouTube<\/a>!<br>\u00a1Sigue a&nbsp;Grande Pr\u00eamio en Espa\u00f1ol&nbsp;en&nbsp;<a href=\"https:\/\/twitter.com\/grandepremioES\" target=\"_blank\" rel=\"noreferrer noopener\">Twitter&nbsp;<\/a>y en&nbsp;<a href=\"https:\/\/www.instagram.com\/grandepremioes\/\" target=\"_blank\" rel=\"noreferrer noopener\">Instagram<\/a>!<\/strong><\/p>\n\n\n\n<figure class=\"wp-block-video\"><video class=\"video-js vjs-big-play-centered\" data-gp-vjs=\"1\" controls src=\"https:\/\/www.grandepremio.com\/br\/wp-content\/uploads\/2022\/08\/Mir.mp4\"><\/video><figcaption>Joan Mir sali\u00f3 disparado de la moto en una fuerte ca\u00edda en el Red Bull Ring (V\u00eddeo: MotoGP)<\/figcaption><\/figure>\n\n\n\n<p class=\"wp-block-paragraph\">Aunque no sufri\u00f3 heridas de consideraci\u00f3n, Mir dijo que los primeros contactos con los m\u00e9dicos revelaron la existencia de algunos fragmentos \u00f3seos en su cuerpo, as\u00ed como una fractura en el tobillo derecho.<\/p>\n\n\n\n<p class=\"wp-block-paragraph\">\u201cLos primeros escaneos mostraron algunos fragmentos de huesos y fracturas en mi tobillo\u201d, revel\u00f3 el piloto de Suzuki. &#8220;Ma\u00f1ana me someter\u00e9 a m\u00e1s procedimientos y una resonancia magn\u00e9tica&#8221;, concluy\u00f3.<\/p>\n\n\n\n<p class=\"wp-block-paragraph\">En cuanto a la carrera de Austria, Pecco Bagnaia adelant\u00f3 a Enea Bastianini en los primeros metros de carrera y se fue directo a la victoria para conseguir su tercer triunfo consecutivo, con Fabio Quartararo y Jack Miller completando el podio.<\/p>\n","protected":false},"excerpt":{"rendered":"<p>Joan Mir pr\u00e1cticamente no particip\u00f3 en el GP de Austria, abandonando la disputa en los primeros metros tras sufrir una fuerte ca\u00edda en el Red Bull Ring<\/p>\n","protected":false},"author":0,"featured_media":1010079855,"comment_status":"closed","ping_status":"closed","sticky":false,"template":"","format":"standard","meta":{"42wp_featured_image_caption":"","42wp_featured_image_credits":"","42wp_featured_video":"","42wp_featured_image_hidden":false,"42wp_authors_list":[],"footnotes":""},"categories":[8],"tags":[205,2640,329,1521,1616,855,1293,1341,1764,243,1427],"42wp_author":[14233],"class_list":["post-21998","post","type-post","status-publish","format-standard","has-post-thumbnail","hentry","category-motogp","tag-austria","tag-caida","tag-gp-de-austria","tag-joan-mir","tag-lesion","tag-motociclismo","tag-motogp","tag-motogp-2022","tag-mundial-de-motociclismo","tag-red-bull-ring","tag-suzuki","42wp_author-eric-calduch"],"_links":{"self":[{"href":"https:\/\/grandepremio.com\/es\/wp-json\/wp\/v2\/posts\/21998","targetHints":{"allow":["GET"]}}],"collection":[{"href":"https:\/\/grandepremio.com\/es\/wp-json\/wp\/v2\/posts"}],"about":[{"href":"https:\/\/grandepremio.com\/es\/wp-json\/wp\/v2\/types\/post"}],"replies":[{"embeddable":true,"href":"https:\/\/grandepremio.com\/es\/wp-json\/wp\/v2\/comments?post=21998"}],"version-history":[{"count":0,"href":"https:\/\/grandepremio.com\/es\/wp-json\/wp\/v2\/posts\/21998\/revisions"}],"wp:featuredmedia":[{"embeddable":true,"href":"https:\/\/grandepremio.com\/es\/wp-json\/wp\/v2\/media\/1010079855"}],"wp:attachment":[{"href":"https:\/\/grandepremio.com\/es\/wp-json\/wp\/v2\/media?parent=21998"}],"wp:term":[{"taxonomy":"category","embeddable":true,"href":"https:\/\/grandepremio.com\/es\/wp-json\/wp\/v2\/categories?post=21998"},{"taxonomy":"post_tag","embeddable":true,"href":"https:\/\/grandepremio.com\/es\/wp-json\/wp\/v2\/tags?post=21998"},{"taxonomy":"42wp_author","embeddable":true,"href":"https:\/\/grandepremio.com\/es\/wp-json\/wp\/v2\/42wp_author?post=21998"}],"curies":[{"name":"wp","href":"https:\/\/api.w.org\/{rel}","templated":true}]}}