{"id":22033,"date":"2022-08-17T10:36:49","date_gmt":"2022-08-17T13:36:49","guid":{"rendered":"https:\/\/grandepremio.com\/es\/2022\/08\/17\/bagnaia-salto-motogp-campeonato\/"},"modified":"2022-08-17T10:36:50","modified_gmt":"2022-08-17T13:36:50","slug":"bagnaia-salto-motogp-campeonato","status":"publish","type":"post","link":"https:\/\/grandepremio.com\/es\/motogp\/bagnaia-salto-motogp-campeonato\/","title":{"rendered":"Bagnaia evita emoci\u00f3n con salto en MotoGP: &#8220;No quiero pensar en el campeonato&#8221;"},"content":{"rendered":"\n<p class=\"wp-block-paragraph\">Francesco Bagnaia llega al GP de Austria en una gran fase en <a href=\"https:\/\/grandepremio.com\/es\/\/categoria\/f1\/\" target=\"_blank\" rel=\"noreferrer noopener\">MotoGP<\/a>. Procedente de victorias en los GP de Holanda y Gran Breta\u00f1a, el italiano volvi\u00f3 al tercer lugar en el Campeonato de Pilotos y ahora est\u00e1 a 49 puntos del l\u00edder Fabio Quartararo.<\/p>\n\n\n\n<p class=\"wp-block-paragraph\">Pero a pesar de la buena recuperaci\u00f3n en la clasificaci\u00f3n, Pecco evita dejarse llevar y opta por seguir pensando paso a paso. A juicio del piloto de Ducati, el camino sigue siendo centrarse carrera a carrera y no pensar en el campeonato.<\/p>\n\n\n\n<p class=\"wp-block-paragraph\"><strong>\u00a1Conoce el canal de Grande Pr\u00eamio en Espa\u00f1ol en\u00a0<a href=\"https:\/\/www.youtube.com\/channel\/UCDxWojGVUi9gWYhrY0pGbIQ\" target=\"_blank\" rel=\"noreferrer noopener\">YouTube<\/a>!<br>\u00a1Sigue a\u00a0Grande Pr\u00eamio en Espa\u00f1ol\u00a0en\u00a0<a href=\"https:\/\/twitter.com\/grandepremioES\" target=\"_blank\" rel=\"noreferrer noopener\">Twitter\u00a0<\/a>y en\u00a0<a href=\"https:\/\/www.instagram.com\/grandepremioes\/\" target=\"_blank\" rel=\"noreferrer noopener\">Instagram<\/a>!<\/strong><\/p>\n\n\n\n<figure class=\"wp-block-image size-large\"><img decoding=\"async\" src=\"https:\/\/www.grandepremio.com\/br\/wp-content\/uploads\/2022\/08\/DS_7467-1024x682.jpg\" alt=\"\" class=\"wp-image-602485\"\/><figcaption>Francesco Bagnaia llega para el GP de Austria en un buen momento (Foto: Divulgaci\u00f3n\/MotoGP)<\/figcaption><\/figure>\n\n\n\n<p class=\"wp-block-paragraph\">\u201cEn Silverstone recuperamos muchos puntos en la clasificaci\u00f3n general, pero por el momento no quiero pensar en el campeonato\u201d, dijo Pecco. \u201cDebo mantenerme concentrado, carrera a carrera, tratando de obtener el mejor resultado posible\u201d, ponder\u00f3.<\/p>\n\n\n\n<p class=\"wp-block-paragraph\">\u201cEn el \u00faltimo GP consegu\u00ed una victoria inesperada, y creo que fue una de las mejores de mi carrera\u201d, consider\u00f3.<\/p>\n\n\n\n<p class=\"wp-block-paragraph\">Ducati, sin embargo, tiene un s\u00f3lido historial en Red Bull Ring, con seis victorias desde 2016, cuando el Campeonato del Mundo de MotoGP volvi\u00f3 a Spielberg tras 16 a\u00f1os de ausencia.<\/p>\n\n\n\n<p class=\"wp-block-paragraph\">\u201cAhora vamos a Austria, una pista que hist\u00f3ricamente siempre ha sido favorable a Ducati. Habr\u00e1 que ver c\u00f3mo va la chicane nueva, pero estoy convencido de que las condiciones est\u00e1n dadas para que lo hagamos bien\u201d, coment\u00f3. \u201c\u00a1Estoy listo y emocionado de correr de nuevo en el Red Bull Ring!\u201d, concluy\u00f3.<\/p>\n","protected":false},"excerpt":{"rendered":"<p>Francesco Bagnaia valor\u00f3 que debe mantenerse centrado, pensando carrera a carrera y buscando el mejor resultado posible en cada prueba de MotoGP<\/p>\n","protected":false},"author":0,"featured_media":1010079666,"comment_status":"closed","ping_status":"closed","sticky":false,"template":"","format":"standard","meta":{"42wp_featured_image_caption":"","42wp_featured_image_credits":"","42wp_featured_video":"","42wp_featured_image_hidden":false,"42wp_authors_list":[],"footnotes":""},"categories":[8],"tags":[205,1340,1376,329,855,1293,1341,1764,243],"42wp_author":[14233],"class_list":["post-22033","post","type-post","status-publish","format-standard","has-post-thumbnail","hentry","category-motogp","tag-austria","tag-ducati","tag-francesco-bagnaia","tag-gp-de-austria","tag-motociclismo","tag-motogp","tag-motogp-2022","tag-mundial-de-motociclismo","tag-red-bull-ring","42wp_author-eric-calduch"],"_links":{"self":[{"href":"https:\/\/grandepremio.com\/es\/wp-json\/wp\/v2\/posts\/22033","targetHints":{"allow":["GET"]}}],"collection":[{"href":"https:\/\/grandepremio.com\/es\/wp-json\/wp\/v2\/posts"}],"about":[{"href":"https:\/\/grandepremio.com\/es\/wp-json\/wp\/v2\/types\/post"}],"replies":[{"embeddable":true,"href":"https:\/\/grandepremio.com\/es\/wp-json\/wp\/v2\/comments?post=22033"}],"version-history":[{"count":0,"href":"https:\/\/grandepremio.com\/es\/wp-json\/wp\/v2\/posts\/22033\/revisions"}],"wp:featuredmedia":[{"embeddable":true,"href":"https:\/\/grandepremio.com\/es\/wp-json\/wp\/v2\/media\/1010079666"}],"wp:attachment":[{"href":"https:\/\/grandepremio.com\/es\/wp-json\/wp\/v2\/media?parent=22033"}],"wp:term":[{"taxonomy":"category","embeddable":true,"href":"https:\/\/grandepremio.com\/es\/wp-json\/wp\/v2\/categories?post=22033"},{"taxonomy":"post_tag","embeddable":true,"href":"https:\/\/grandepremio.com\/es\/wp-json\/wp\/v2\/tags?post=22033"},{"taxonomy":"42wp_author","embeddable":true,"href":"https:\/\/grandepremio.com\/es\/wp-json\/wp\/v2\/42wp_author?post=22033"}],"curies":[{"name":"wp","href":"https:\/\/api.w.org\/{rel}","templated":true}]}}