{"id":22036,"date":"2022-08-17T08:20:42","date_gmt":"2022-08-17T11:20:42","guid":{"rendered":"https:\/\/grandepremio.com\/es\/2022\/08\/17\/alonso-podio-alpine-necesita-ayuda\/"},"modified":"2022-08-17T08:20:43","modified_gmt":"2022-08-17T11:20:43","slug":"alonso-podio-alpine-necesita-ayuda","status":"publish","type":"post","link":"https:\/\/grandepremio.com\/es\/f1\/alonso-podio-alpine-necesita-ayuda\/","title":{"rendered":"Alonso sue\u00f1a con podio, pero dice que Alpine &#8220;necesita ayuda de los tres mejores equipos&#8221;"},"content":{"rendered":"\n<p class=\"wp-block-paragraph\">Fernando Alonso deja Alpine, pero todav\u00eda tiene grandes planes con el equipo franc\u00e9s. Tras un comienzo discreto en <a href=\"https:\/\/grandepremio.com\/es\/\/categoria\/f1\/\" target=\"_blank\" rel=\"noreferrer noopener\">F1 2022<\/a>, con abandonos y mucha mala suerte, el bicampe\u00f3n sigue so\u00f1ando con un podio en la presente temporada. El espa\u00f1ol sabe que para eso hay que contar con problemas de Red Bull, Ferrari y Mercedes, pero cree que esa es una posibilidad real.<\/p>\n\n\n\n<p class=\"wp-block-paragraph\">\u201cObviamente necesitamos la ayuda de los tres mejores equipos que tenemos delante, pero siempre vemos uno o dos abandonos de ellos. Vimos en Austria que Checo tuvo problemas, algunas carreras atr\u00e1s Carlos y Checo tuvieron problemas, por lo que siempre existe esa posibilidad de terminar entre los cinco o seis primeros\u201d, dijo Alonso.<\/p>\n\n\n\n<p class=\"wp-block-paragraph\">\u201cComo vimos en las \u00faltimas vueltas en Silverstone, cualquier cosa puede pasar frente a nosotros. El podio est\u00e1 cerca, as\u00ed que tengo pensamientos positivos. Desde nuestro punto de vista, la segunda mitad de la temporada es muy optimista en t\u00e9rminos de rendimiento y, si tenemos fines de semana limpios, sumaremos muchos puntos\u201d, dijo el espa\u00f1ol.<\/p>\n\n\n\n<p class=\"wp-block-paragraph\"><strong>\u00a1Conoce el canal de Grande Pr\u00eamio en Espa\u00f1ol en\u00a0<a href=\"https:\/\/www.youtube.com\/channel\/UCDxWojGVUi9gWYhrY0pGbIQ\" target=\"_blank\" rel=\"noreferrer noopener\">YouTube<\/a>!<br>\u00a1Sigue a\u00a0Grande Pr\u00eamio en Espa\u00f1ol\u00a0en\u00a0<a href=\"https:\/\/twitter.com\/grandepremioES\" target=\"_blank\" rel=\"noreferrer noopener\">Twitter\u00a0<\/a>y en\u00a0<a href=\"https:\/\/www.instagram.com\/grandepremioes\/\" target=\"_blank\" rel=\"noreferrer noopener\">Instagram<\/a>!<\/strong><\/p>\n\n\n\n<figure class=\"wp-block-image size-large\"><img decoding=\"async\" src=\"https:\/\/www.grandepremio.com\/br\/wp-content\/uploads\/2022\/07\/alpine-fernandoalonso-02-afp-1024x683.jpg\" alt=\"\" class=\"wp-image-599454\"\/><figcaption>Fernando Alonso tiene como mejor resultado un quinto lugar en 2022 (Foto: AFP)<\/figcaption><\/figure>\n\n\n\n<p class=\"wp-block-paragraph\">La lucha de Alpine en la temporada se queda un poco m\u00e1s atr\u00e1s, con McLaren. La escuder\u00eda francesa tiene cuatro puntos de ventaja en el Mundial de Constructores, y Alonso espera una intensa lucha hasta finales de 2022. El asturiano destaca el buen desempe\u00f1o de la escuder\u00eda brit\u00e1nica en las carreras, pero se muestra optimista con el rendimiento del coche.<\/p>\n\n\n\n<p class=\"wp-block-paragraph\">&#8220;Ser\u00e1 interesante. Creo que hemos sido un poco m\u00e1s r\u00e1pidos que ellos este a\u00f1o, pero son muy fuertes los domingos. Siempre entregan todo lo posible, especialmente con Lando, que suma puntos todos los fines de semana, por lo que debemos vencerlos con ambos coches si es posible. Ser\u00e1 una buena pelea, pero soy optimista de que estamos tratando de ser m\u00e1s r\u00e1pidos que ellos\u201d, concluy\u00f3 Fernando.<\/p>\n\n\n\n<p class=\"wp-block-paragraph\">Alonso a\u00fan tiene nueve carreras m\u00e1s antes de dejar Alpine por Aston Martin en 2023. La F\u00f3rmula 1 est\u00e1 de vacaciones y solo volver\u00e1 el 28 de agosto, para el GP de B\u00e9lgica, en el circuito de Spa-Francorchamps.<\/p>\n","protected":false},"excerpt":{"rendered":"<p>Fernando Alonso habl\u00f3 sobre las posibilidades de podio de Alpine en 2022 y dijo que espera una dura pelea con McLaren al final de la temporada.<\/p>\n","protected":false},"author":0,"featured_media":1010079650,"comment_status":"closed","ping_status":"closed","sticky":false,"template":"","format":"standard","meta":{"42wp_featured_image_caption":"","42wp_featured_image_credits":"","42wp_featured_video":"","42wp_featured_image_hidden":false,"42wp_authors_list":[],"footnotes":""},"categories":[5],"tags":[678,181,1495,184,179,269,394],"42wp_author":[14233],"class_list":["post-22036","post","type-post","status-publish","format-standard","has-post-thumbnail","hentry","category-f1","tag-alpine","tag-f1","tag-f1-2022","tag-fernando-alonso","tag-formula-1","tag-mclaren","tag-podio","42wp_author-eric-calduch"],"_links":{"self":[{"href":"https:\/\/grandepremio.com\/es\/wp-json\/wp\/v2\/posts\/22036","targetHints":{"allow":["GET"]}}],"collection":[{"href":"https:\/\/grandepremio.com\/es\/wp-json\/wp\/v2\/posts"}],"about":[{"href":"https:\/\/grandepremio.com\/es\/wp-json\/wp\/v2\/types\/post"}],"replies":[{"embeddable":true,"href":"https:\/\/grandepremio.com\/es\/wp-json\/wp\/v2\/comments?post=22036"}],"version-history":[{"count":0,"href":"https:\/\/grandepremio.com\/es\/wp-json\/wp\/v2\/posts\/22036\/revisions"}],"wp:featuredmedia":[{"embeddable":true,"href":"https:\/\/grandepremio.com\/es\/wp-json\/wp\/v2\/media\/1010079650"}],"wp:attachment":[{"href":"https:\/\/grandepremio.com\/es\/wp-json\/wp\/v2\/media?parent=22036"}],"wp:term":[{"taxonomy":"category","embeddable":true,"href":"https:\/\/grandepremio.com\/es\/wp-json\/wp\/v2\/categories?post=22036"},{"taxonomy":"post_tag","embeddable":true,"href":"https:\/\/grandepremio.com\/es\/wp-json\/wp\/v2\/tags?post=22036"},{"taxonomy":"42wp_author","embeddable":true,"href":"https:\/\/grandepremio.com\/es\/wp-json\/wp\/v2\/42wp_author?post=22036"}],"curies":[{"name":"wp","href":"https:\/\/api.w.org\/{rel}","templated":true}]}}