{"id":2206,"date":"2026-03-14T06:40:50","date_gmt":"2026-03-14T09:40:50","guid":{"rendered":"https:\/\/grandepremio.com\/es\/2026\/03\/14\/colapinto-ve-mejora-china-lamenta-caida-q2-f1-2026\/"},"modified":"2026-03-14T06:40:59","modified_gmt":"2026-03-14T09:40:59","slug":"colapinto-ve-mejora-china-lamenta-caida-q2-f1-2026","status":"publish","type":"post","link":"https:\/\/grandepremio.com\/es\/f1\/colapinto-ve-mejora-china-lamenta-caida-q2-f1-2026\/","title":{"rendered":"Colapinto ve mejora en China, pero lamenta ca\u00edda en Q2: &#8220;Da bronca&#8221;"},"content":{"rendered":"\n<p class=\"wp-block-paragraph\"><strong>Franco Colapinto<\/strong> complet\u00f3 la clasificaci\u00f3n del <strong>Gran Premio de China<\/strong> concretando una mejor\u00eda respecto al desempe\u00f1o mostrado en la sesi\u00f3n de ordenamiento de la grilla para la carrera corta. Sin embargo, el argentino de <strong>Alpine<\/strong> lament\u00f3 la eliminaci\u00f3n en Q2 por un escaso margen, mientras su compa\u00f1ero, <strong>Pierre Gasly<\/strong>, alcanz\u00f3 la Q3 y se coloc\u00f3 detr\u00e1s de los equipos punteros.<\/p>\n\n\n\n<p class=\"wp-block-paragraph\">El #43 marc\u00f3 <strong>1min33s357<\/strong> en la Q2 y qued\u00f3 a <strong>0s005<\/strong> de avanzar a la \u00faltima instancia de clasificaci\u00f3n, por lo que largar\u00e1 12\u00b0 en <strong>Shangh\u00e1i<\/strong>. Tras su eliminaci\u00f3n, se pudo ver al director de la escuder\u00eda, <a href=\"https:\/\/grandepremio.com\/es\/video\/f1\/franco-colapinto-alpine-abrazo-flavio-briatore-clasificacion-gp-china-f1-2026\/\"><strong>Flavio Briatore<\/strong>, reconociendo el trabajo de Colapinto<\/a> en la sesi\u00f3n. El propio italiano hab\u00eda confirmado antes de la sprint que el <strong>A526<\/strong> del pilarense hab\u00eda sufrido algunos problemas que no fueron solucionados, que luego se confirm\u00f3 que se trataba de una caja de cambios desactualizada debido a la rotura de la original y actualizaciones que solo se utilizaron en el coche del franc\u00e9s.<\/p>\n\n\n\n<p class=\"wp-block-paragraph\">\ud83d\udfe5&nbsp;<strong><em>\u00a1Todas las novedades te esperan en el canal de&nbsp;<\/em><\/strong><a href=\"https:\/\/www.youtube.com\/@GrandePremioES\"><em>YouTube<\/em><\/a><strong><em>&nbsp;de Grande Pr\u00eamio en Espa\u00f1ol!<\/em><\/strong>&nbsp;\ud83d\udfe8<\/p>\n\n\n\n<figure class=\"wp-block-embed is-type-video is-provider-youtube wp-block-embed-youtube wp-embed-aspect-16-9 wp-has-aspect-ratio\"><div class=\"wp-block-embed__wrapper\">\n<iframe loading=\"lazy\" title=\"GP DE CHINA 2026 - LA PREVIA\" width=\"500\" height=\"281\" src=\"https:\/\/www.youtube.com\/embed\/tncaFLsZOmw?feature=oembed\" frameborder=\"0\" allow=\"accelerometer; autoplay; clipboard-write; encrypted-media; gyroscope; picture-in-picture; web-share\" referrerpolicy=\"strict-origin-when-cross-origin\" allowfullscreen><\/iframe>\n<\/div><\/figure>\n\n\n\n<p class=\"wp-block-paragraph\">&#8220;S\u00ed mejoramos, creo que sabemos d\u00f3nde nos falta y que tengo dos d\u00e9cimas de tiempo en el auto y eso es algo que sabemos el equipo y yo y lo tenemos claro, pero cuando te falta tan poco por pasar y por estar un poquito m\u00e1s cerca de los puntos para ma\u00f1ana, da mucha bronca&#8221;, declar\u00f3 Franco tras la eliminaci\u00f3n a <em>ESPN<\/em>.<\/p>\n\n\n\n<p class=\"wp-block-paragraph\">&#8220;Fue una clasificaci\u00f3n buena, la \u00faltima vuelta fue buena. Bloque\u00e9, tuve muchos bloqueos todo el fin de semana, bloque\u00e9 en una curva lenta, perd\u00ed un poco de tiempo, despu\u00e9s saliendo de la \u00faltima curva tuve clipping y me qued\u00e9 sin energ\u00eda, perd\u00ed media d\u00e9cima m\u00e1s, entonces cuando trat\u00e1s de buscar esa diferencia tan chica es muy f\u00e1cil encontrarla y da m\u00e1s bronca todav\u00eda&#8221;, agreg\u00f3.<\/p>\n\n\n\n<p class=\"wp-block-paragraph\">A continuaci\u00f3n, Colapinto fue consultado por los problemas en el monoplaza que el directivo italiano hab\u00eda mencionado antes de la sprint, que fueron confirmados por Franco.<\/p>\n\n\n\n<figure class=\"wp-block-image size-large\"><img decoding=\"async\" src=\"https:\/\/grandepremio.com\/es\/wp-content\/uploads\/2026\/03\/6abd36460d51e4cff0a659809a366dab-l.png-1024x682.webp\" alt=\"\" class=\"wp-image-395431\"\/><figcaption class=\"wp-element-caption\">Franco Colapinto lament\u00f3 el escaso margen de eliminaci\u00f3n en la Q2. (Foto: Alpine)<\/figcaption><\/figure>\n\n\n\n<p class=\"wp-block-paragraph\">\u23e9&nbsp;<strong><em>\u00a1Seguinos en redes por&nbsp;<\/em><\/strong><a href=\"https:\/\/twitter.com\/grandepremioES\"><em>Twitter&nbsp;<\/em><\/a><strong><em>e&nbsp;<\/em><\/strong><a href=\"https:\/\/www.instagram.com\/grandepremioes\/\"><em>Instagram!<\/em><\/a><br>\u23e9&nbsp;<strong><em>Adem\u00e1s, tenemos nuestro&nbsp;<\/em><\/strong><a href=\"https:\/\/whatsapp.com\/channel\/0029VaDZ5zb0gcfDxuwxBM05\"><em>canal de Whatsapp<\/em><\/a><strong><em>&nbsp;con toda la informaci\u00f3n al instante<\/em><\/strong>&nbsp;\ud83c\udfc1<\/p>\n\n\n\n<p class=\"wp-block-paragraph\">&#8220;Es la realidad. Ayer ten\u00eda muchas diferencias, problemas que fueron encontrando. Obviamente cuando hac\u00e9s dos autos nuevos as\u00ed de cero es muy dif\u00edcil replicarlos exactamente y creo que tuvimos un par de temas que tuvieron un upgrade en <strong>Melbourne<\/strong> que yo no ten\u00eda y despu\u00e9s ac\u00e1 funciona tres veces mejor de lo que pensaba&#8221;, detall\u00f3.<\/p>\n\n\n\n<p class=\"wp-block-paragraph\">&#8220;Es parte de este proceso de autos nuevos y conf\u00edo mucho en el equipo, me est\u00e1n ayudando a entender las cosas que tienen pocas explicaciones por momentos y obviamente que lo aprecio mucho, as\u00ed que estamos trabajando bien entre todos los ingenieros y los pilotos as\u00ed que creo que vamos por buen camino, ojal\u00e1 que sea un buen d\u00eda ma\u00f1ana&#8221;, finaliz\u00f3.<\/p>\n\n\n\n<p class=\"wp-block-paragraph\">El&nbsp;<strong>GP de China<\/strong>&nbsp;de&nbsp;<strong>F\u00f3rmula 1<\/strong>&nbsp;se disputar\u00e1 este domingo por la madrugada a las 04h00 (hora de Buenos Aires) en el trazado de&nbsp;<strong>Shangh\u00e1i<\/strong>.<\/p>\n","protected":false},"excerpt":{"rendered":"<p>Franco Colapinto qued\u00f3 a 0s005 de pasar a la Q3 del GP de China. A pesar de mejorar respecto a la clasificaci\u00f3n sprint, en la que fue 16\u00b0, el argentino lament\u00f3 el escaso margen por el que no accedi\u00f3 a la \u00faltima instancia de calificaci\u00f3n.<\/p>\n","protected":false},"author":0,"featured_media":1010395429,"comment_status":"closed","ping_status":"closed","sticky":false,"template":"","format":"standard","meta":{"42wp_featured_image_caption":"","42wp_featured_image_credits":"","42wp_featured_video":"","42wp_featured_image_hidden":false,"42wp_authors_list":[],"footnotes":""},"categories":[5],"tags":[13445,678,1680,2326,179,814,1728,427,10176],"42wp_author":[14240],"class_list":["post-2206","post","type-post","status-publish","format-standard","has-post-thumbnail","hentry","category-f1","tag-a526","tag-alpine","tag-f1-2026","tag-flavio-briatore","tag-formula-1","tag-franco-colapinto","tag-gp-de-china","tag-pierre-gasly","tag-shanghai-2","42wp_author-ignacio-bogado"],"_links":{"self":[{"href":"https:\/\/grandepremio.com\/es\/wp-json\/wp\/v2\/posts\/2206","targetHints":{"allow":["GET"]}}],"collection":[{"href":"https:\/\/grandepremio.com\/es\/wp-json\/wp\/v2\/posts"}],"about":[{"href":"https:\/\/grandepremio.com\/es\/wp-json\/wp\/v2\/types\/post"}],"replies":[{"embeddable":true,"href":"https:\/\/grandepremio.com\/es\/wp-json\/wp\/v2\/comments?post=2206"}],"version-history":[{"count":0,"href":"https:\/\/grandepremio.com\/es\/wp-json\/wp\/v2\/posts\/2206\/revisions"}],"wp:featuredmedia":[{"embeddable":true,"href":"https:\/\/grandepremio.com\/es\/wp-json\/wp\/v2\/media\/1010395429"}],"wp:attachment":[{"href":"https:\/\/grandepremio.com\/es\/wp-json\/wp\/v2\/media?parent=2206"}],"wp:term":[{"taxonomy":"category","embeddable":true,"href":"https:\/\/grandepremio.com\/es\/wp-json\/wp\/v2\/categories?post=2206"},{"taxonomy":"post_tag","embeddable":true,"href":"https:\/\/grandepremio.com\/es\/wp-json\/wp\/v2\/tags?post=2206"},{"taxonomy":"42wp_author","embeddable":true,"href":"https:\/\/grandepremio.com\/es\/wp-json\/wp\/v2\/42wp_author?post=2206"}],"curies":[{"name":"wp","href":"https:\/\/api.w.org\/{rel}","templated":true}]}}