{"id":22068,"date":"2022-08-13T14:29:26","date_gmt":"2022-08-13T17:29:26","guid":{"rendered":"https:\/\/grandepremio.com\/es\/2022\/08\/13\/pato-oward-sueno-lejano-f1-mclaren\/"},"modified":"2022-08-13T14:31:55","modified_gmt":"2022-08-13T17:31:55","slug":"pato-oward-sueno-lejano-f1-mclaren","status":"publish","type":"post","link":"https:\/\/grandepremio.com\/es\/f1\/pato-oward-sueno-lejano-f1-mclaren\/","title":{"rendered":"O&#8217;Ward ve &#8220;sue\u00f1o lejano&#8221; de ir a la F1 con McLaren: &#8220;La misma promesa a muchos&#8221;"},"content":{"rendered":"\n<p class=\"wp-block-paragraph\">En otras ocasiones, Pato O&#8217;Ward ha dejado claro que s\u00ed le gustar\u00eda tener la oportunidad de ser piloto de F1. Junto a McLaren, parec\u00eda tener una situaci\u00f3n perfecta para moverse entre campeonatos, pero ahora la esperanza es muy escasa. El mexicano fue m\u00e1s all\u00e1: cree que Zak Brown, director general de McLaren, est\u00e1 haciendo las mismas promesas a varios pilotos.<\/p>\n\n\n\n<p class=\"wp-block-paragraph\"><strong><strong><strong>\u00a1Conoce el canal de Grande Pr\u00eamio en Espa\u00f1ol en\u00a0<a href=\"https:\/\/www.youtube.com\/channel\/UCDxWojGVUi9gWYhrY0pGbIQ\" target=\"_blank\" rel=\"noreferrer noopener\">YouTube<\/a>!<br>\u00a1Sigue a\u00a0Grande Pr\u00eamio en Espa\u00f1ol\u00a0en\u00a0<a href=\"https:\/\/twitter.com\/grandepremioES\" target=\"_blank\" rel=\"noreferrer noopener\">Twitter\u00a0<\/a>y en\u00a0<a href=\"https:\/\/www.instagram.com\/grandepremioes\/\" target=\"_blank\" rel=\"noreferrer noopener\">Instagram<\/a>!<\/strong><\/strong><\/strong><\/p>\n\n\n\n<p class=\"wp-block-paragraph\">La declaraci\u00f3n de O&#8217;Ward no es una novedad y, aunque nadie haya dicho nada en este sentido antes, ya se pod\u00eda imaginar que la F1 estaba acostumbrada a atraer a tantos pilotos en tan poco tiempo.<\/p>\n\n\n\n<p class=\"wp-block-paragraph\">&#8220;No es bueno que me haga ilusiones sobre la F\u00f3rmula 1. Es un sue\u00f1o que est\u00e1 muy lejos. Aunque est\u00e9 rindiendo a un nivel incre\u00edblemente alto, no ser\u00eda suficiente para convencerlos&#8221;, se\u00f1al\u00f3 en una entrevista con la cadena inglesa ESPN. &#8220;Brown ha prometido la misma recompensa para muchos otros pilotos&#8221;, subray\u00f3.<\/p>\n\n\n\n<figure class=\"wp-block-image size-large\"><img decoding=\"async\" src=\"https:\/\/www.grandepremio.com\/br\/wp-content\/uploads\/2021\/10\/FCZZPvqXIAY-Kd4-1024x791.jpg\" alt=\"DANIEL RICCIARDO; ZAK BROWN;; NASCAR; DALE EARNHARDT;\" class=\"wp-image-519047\"\/><figcaption>Zak Brown est\u00e1 prometiendo la butaca de Ricciardo a muchos pilotos (Foto: F\u00f3rmula 1)<\/figcaption><\/figure>\n\n\n\n<p class=\"wp-block-paragraph\">Adem\u00e1s de renovar con el piloto mexicano, McLaren se llev\u00f3 a Colton Herta para hacer pruebas y firm\u00f3 con \u00c1lex Palou, campe\u00f3n de la Indy en 2021, que <a href=\"https:\/\/grandepremio.com\/es\/\/indy\/alex-palou-ganassi-disputa-legal-duracion-proceso\/\">entr\u00f3 en litigio para dejar Ganassi en aras de la oportunidad en la F1<\/a>. Aun as\u00ed, <a href=\"https:\/\/grandepremio.com\/es\/\/f1\/oscar-piastri-mclaren-alpine-acuerdo-formula-1\/\">ha asegurado a Oscar Piastri para ocupar el asiento de Daniel Ricciardo en la F1 en 2023<\/a>. Lando Norris nunca ha sido amenazado.<\/p>\n\n\n\n<p class=\"wp-block-paragraph\">La situaci\u00f3n de Piastri, que, al igual que Palou, entr\u00f3 en guerra con Alpine para desvincularse e irse a McLaren, tambi\u00e9n entr\u00f3 en la rueda de conversaciones con Pato.<\/p>\n\n\n\n<p class=\"wp-block-paragraph\">&#8220;Hay muchas cosas que entran en juego y est\u00e1n lejos de m\u00ed. A fin de cuentas, s\u00f3lo hay una butaca disponible en McLaren para la F\u00f3rmula 1, no cinco. Toda la situaci\u00f3n con Piastri y Alpine me hizo gracia. Me ech\u00e9 a re\u00edr cuando vi lo que hab\u00eda pasado&#8221;, termin\u00f3 O&#8217;Ward.<\/p>\n\n\n\n<p class=\"wp-block-paragraph\">El acuerdo entre McLaren y Piastri a\u00fan no se ha hecho oficial, pero ya est\u00e1 arreglado.<\/p>\n","protected":false},"excerpt":{"rendered":"<p>Pato O&#8217;Ward ya no tiene muchas esperanzas de hacer la transici\u00f3n de la Indy a la F1 por McLaren. Y confirma algunas sospechas sobre Zak Brown.<\/p>\n","protected":false},"author":0,"featured_media":1010079401,"comment_status":"closed","ping_status":"closed","sticky":false,"template":"","format":"standard","meta":{"42wp_featured_image_caption":"","42wp_featured_image_credits":"","42wp_featured_video":"","42wp_featured_image_hidden":false,"42wp_authors_list":[],"footnotes":""},"categories":[5],"tags":[1667,736,365,181,1495,1676,179,2247,1488,268,269,278,328],"42wp_author":[14234],"class_list":["post-22068","post","type-post","status-publish","format-standard","has-post-thumbnail","hentry","category-f1","tag-alex-palou-2","tag-colton-herta","tag-daniel-ricciardo","tag-f1","tag-f1-2022","tag-f1-2023","tag-formula-1","tag-formula-indy","tag-grande-premio","tag-lando-norris","tag-mclaren","tag-oscar-piastri","tag-zak-brown","42wp_author-douglas-rocha"],"_links":{"self":[{"href":"https:\/\/grandepremio.com\/es\/wp-json\/wp\/v2\/posts\/22068","targetHints":{"allow":["GET"]}}],"collection":[{"href":"https:\/\/grandepremio.com\/es\/wp-json\/wp\/v2\/posts"}],"about":[{"href":"https:\/\/grandepremio.com\/es\/wp-json\/wp\/v2\/types\/post"}],"replies":[{"embeddable":true,"href":"https:\/\/grandepremio.com\/es\/wp-json\/wp\/v2\/comments?post=22068"}],"version-history":[{"count":0,"href":"https:\/\/grandepremio.com\/es\/wp-json\/wp\/v2\/posts\/22068\/revisions"}],"wp:featuredmedia":[{"embeddable":true,"href":"https:\/\/grandepremio.com\/es\/wp-json\/wp\/v2\/media\/1010079401"}],"wp:attachment":[{"href":"https:\/\/grandepremio.com\/es\/wp-json\/wp\/v2\/media?parent=22068"}],"wp:term":[{"taxonomy":"category","embeddable":true,"href":"https:\/\/grandepremio.com\/es\/wp-json\/wp\/v2\/categories?post=22068"},{"taxonomy":"post_tag","embeddable":true,"href":"https:\/\/grandepremio.com\/es\/wp-json\/wp\/v2\/tags?post=22068"},{"taxonomy":"42wp_author","embeddable":true,"href":"https:\/\/grandepremio.com\/es\/wp-json\/wp\/v2\/42wp_author?post=22068"}],"curies":[{"name":"wp","href":"https:\/\/api.w.org\/{rel}","templated":true}]}}