{"id":22097,"date":"2022-08-10T04:30:00","date_gmt":"2022-08-10T07:30:00","guid":{"rendered":"https:\/\/grandepremio.com\/es\/2022\/08\/10\/periodistas-entrada-las-vegas-2023\/"},"modified":"2022-08-10T09:40:47","modified_gmt":"2022-08-10T12:40:47","slug":"periodistas-entrada-las-vegas-2023","status":"publish","type":"post","link":"https:\/\/grandepremio.com\/es\/f1\/periodistas-entrada-las-vegas-2023\/","title":{"rendered":"Periodistas critican posible entrada del GP de Las Vegas como pen\u00faltima prueba de la F1 2023"},"content":{"rendered":"\n<p class=\"wp-block-paragraph\">La F\u00f3rmula 1 ha fijado <a href=\"https:\/\/grandepremio.com\/es\/\/f1\/f1-las-vegas-retorno-2023\/\">el 18 de noviembre de 2023, un s\u00e1bado, como fecha preliminar para el regreso de Las Vegas al calendario de la F\u00f3rmula 1<\/a>. La prueba ser\u00eda la pen\u00faltima de la pr\u00f3xima temporada y tendr\u00eda lugar justo una semana antes de la \u00faltima carrera del a\u00f1o, en Abu Dhabi.<\/p>\n\n\n\n<p class=\"wp-block-paragraph\">Durante el Paddock GP ES #11, los periodistas participantes salen en desacuerdo con la decisi\u00f3n de los oficiales de la categor\u00eda. Esteban Nieto ha recordado que el trayecto entre Las Vegas y Abu Dhabi es de m\u00e1s de 13.000 kil\u00f3metros y que esto puede ser estresante para los pilotos y todos los implicados en la categor\u00eda.<\/p>\n\n\n\n<p class=\"wp-block-paragraph\">Douglas Rocha, por su parte, respald\u00f3 la opini\u00f3n de su compa\u00f1ero de espect\u00e1culo haciendo una comparaci\u00f3n con la necesidad de descanso en otros deportes. Adem\u00e1s, dijo que el circuito de Interlagos, en Sao Paulo, es m\u00e1s interesante para una pen\u00faltima carrera que un trazado urbano.<\/p>\n\n\n\n<p class=\"wp-block-paragraph\"><strong><strong>\u00a1Conoce el canal de Grande Pr\u00eamio en Espa\u00f1ol en&nbsp;<a href=\"https:\/\/www.youtube.com\/channel\/UCDxWojGVUi9gWYhrY0pGbIQ\" target=\"_blank\" rel=\"noreferrer noopener\">YouTube<\/a>!<br>\u00a1Sigue a&nbsp;Grande Pr\u00eamio en Espa\u00f1ol&nbsp;en&nbsp;<a href=\"https:\/\/twitter.com\/grandepremioES\" target=\"_blank\" rel=\"noreferrer noopener\">Twitter&nbsp;<\/a>y en&nbsp;<a href=\"https:\/\/www.instagram.com\/grandepremioes\/\" target=\"_blank\" rel=\"noreferrer noopener\">Instagram<\/a>!<\/strong><\/strong><\/p>\n\n\n\n<h2 class=\"wp-block-heading\">Mira los comentarios en el extracto a continuaci\u00f3n:<\/h2>\n\n\n\n<figure class=\"wp-block-embed is-type-video is-provider-youtube wp-block-embed-youtube wp-embed-aspect-16-9 wp-has-aspect-ratio\"><div class=\"wp-block-embed__wrapper\">\n<iframe loading=\"lazy\" title=\"PIASTRI, ENTRE EL FLECHAZO CON MCLAREN Y LA OBSTINACI\u00d3N DE ALPINE | F\u00d3RMULA 1 2022\" width=\"500\" height=\"281\" src=\"https:\/\/www.youtube.com\/embed\/x6Zr405CHBo?start=4310&amp;feature=oembed\" frameborder=\"0\" allow=\"accelerometer; autoplay; clipboard-write; encrypted-media; gyroscope; picture-in-picture; web-share\" referrerpolicy=\"strict-origin-when-cross-origin\" allowfullscreen><\/iframe>\n<\/div><\/figure>\n","protected":false},"excerpt":{"rendered":"<p>La F\u00f3rmula 1 ha fijado el 18 de noviembre de 2023, un s\u00e1bado, como fecha preliminar para el regreso de Las Vegas al calendario de la F\u00f3rmula 1. La prueba ser\u00eda la pen\u00faltima de la pr\u00f3xima temporada y tendr\u00eda lugar justo una semana antes de la \u00faltima carrera del a\u00f1o, en Abu Dhabi. Durante el [&hellip;]<\/p>\n","protected":false},"author":0,"featured_media":1010050357,"comment_status":"closed","ping_status":"closed","sticky":false,"template":"","format":"standard","meta":{"42wp_featured_image_caption":"","42wp_featured_image_credits":"","42wp_featured_video":"","42wp_featured_image_hidden":false,"42wp_authors_list":[],"footnotes":""},"categories":[5],"tags":[1300,181,1495,1676,179,3166,492,2138,1488,2237],"42wp_author":[14234],"class_list":["post-22097","post","type-post","status-publish","format-standard","has-post-thumbnail","hentry","category-f1","tag-calendario-f1","tag-f1","tag-f1-2022","tag-f1-2023","tag-formula-1","tag-gp-de-adu-dhabi","tag-gp-de-brasil","tag-gp-de-las-vegas","tag-grande-premio","tag-grandepremio","42wp_author-douglas-rocha"],"_links":{"self":[{"href":"https:\/\/grandepremio.com\/es\/wp-json\/wp\/v2\/posts\/22097","targetHints":{"allow":["GET"]}}],"collection":[{"href":"https:\/\/grandepremio.com\/es\/wp-json\/wp\/v2\/posts"}],"about":[{"href":"https:\/\/grandepremio.com\/es\/wp-json\/wp\/v2\/types\/post"}],"replies":[{"embeddable":true,"href":"https:\/\/grandepremio.com\/es\/wp-json\/wp\/v2\/comments?post=22097"}],"version-history":[{"count":0,"href":"https:\/\/grandepremio.com\/es\/wp-json\/wp\/v2\/posts\/22097\/revisions"}],"wp:featuredmedia":[{"embeddable":true,"href":"https:\/\/grandepremio.com\/es\/wp-json\/wp\/v2\/media\/1010050357"}],"wp:attachment":[{"href":"https:\/\/grandepremio.com\/es\/wp-json\/wp\/v2\/media?parent=22097"}],"wp:term":[{"taxonomy":"category","embeddable":true,"href":"https:\/\/grandepremio.com\/es\/wp-json\/wp\/v2\/categories?post=22097"},{"taxonomy":"post_tag","embeddable":true,"href":"https:\/\/grandepremio.com\/es\/wp-json\/wp\/v2\/tags?post=22097"},{"taxonomy":"42wp_author","embeddable":true,"href":"https:\/\/grandepremio.com\/es\/wp-json\/wp\/v2\/42wp_author?post=22097"}],"curies":[{"name":"wp","href":"https:\/\/api.w.org\/{rel}","templated":true}]}}