{"id":22142,"date":"2022-08-04T13:12:33","date_gmt":"2022-08-04T16:12:33","guid":{"rendered":"https:\/\/grandepremio.com\/es\/2022\/08\/04\/fabio-quartararo-inglaterra-motogp\/"},"modified":"2022-08-04T13:27:45","modified_gmt":"2022-08-04T16:27:45","slug":"fabio-quartararo-inglaterra-motogp","status":"publish","type":"post","link":"https:\/\/grandepremio.com\/es\/motogp\/fabio-quartararo-inglaterra-motogp\/","title":{"rendered":"Quartararo prev\u00e9 carrera complicada en Inglaterra por tener que cumplir sanci\u00f3n"},"content":{"rendered":"\n<p class=\"wp-block-paragraph\"><a href=\"https:\/\/grandepremio.com\/es\/\/motogp\/bagnaia-gana-gp-holanda-quartararo-abandona\/\" target=\"_blank\" rel=\"noreferrer noopener\">Fabio Quartararo advirti\u00f3 que la sanci\u00f3n que recibi\u00f3 por el incidente con Aleix Espargar\u00f3 en el GP de Holanda<\/a> lo motiva para ser a\u00fan mejor en el dif\u00edcil GP de Gran Breta\u00f1a de MotoGP que le tocar\u00e1 este fin de semana. El franc\u00e9s deber\u00e1 cumplir con una vuelta larga en Silverstone, lo que supone una p\u00e9rdida de algunos segundos con respecto a los dem\u00e1s competidores en el trazado ingl\u00e9s.<\/p>\n\n\n\n<p class=\"wp-block-paragraph\">La causa de esta penalizaci\u00f3n ocurri\u00f3 en la quinta vuelta de la carrera de Assen. Quartararo trat\u00f3 de atacar a Aleix en De Strubben, la curva 5 del circuito, pero cometi\u00f3 un error y se cay\u00f3, empujando al piloto de Aprilia fuera de la pista. Ambos consiguieron volver a la contienda, pero Fabio no logr\u00f3 cruzar la bandera a cuadros ya que en el incidente se da\u00f1\u00f3 el control de tracci\u00f3n, lo que provoc\u00f3 su ca\u00edda de la YZR-M1 m\u00e1s tarde en la carrera.<\/p>\n\n\n\n<p class=\"wp-block-paragraph\">El mayor de los Espargar\u00f3, por su parte, se apoy\u00f3 en el buen rendimiento de la RS-GP para escalar posiciones y se situ\u00f3 cuarto. Despu\u00e9s de la carrera, el panel de comisarios juzg\u00f3 a Fabio como &#8220;demasiado ambicioso&#8221; y decidi\u00f3 aplicar una vuelta larga, que tendr\u00e1 que ser aplicada en este GP de Gran Breta\u00f1a.<\/p>\n\n\n\n<p class=\"wp-block-paragraph\"><strong><strong>\u00a1Conoce el canal de Grande Pr\u00eamio en Espa\u00f1ol en\u00a0<a href=\"https:\/\/www.youtube.com\/channel\/UCDxWojGVUi9gWYhrY0pGbIQ\" target=\"_blank\" rel=\"noreferrer noopener\">YouTube<\/a>!<br>\u00a1Sigue a\u00a0Grande Pr\u00eamio en Espa\u00f1ol\u00a0en\u00a0<a href=\"https:\/\/twitter.com\/grandepremioES\" target=\"_blank\" rel=\"noreferrer noopener\">Twitter\u00a0<\/a>y en\u00a0<a href=\"https:\/\/www.instagram.com\/grandepremioes\/\" target=\"_blank\" rel=\"noreferrer noopener\">Instagram<\/a>!<\/strong><\/strong><\/p>\n\n\n\n<figure class=\"wp-block-video\"><video class=\"video-js vjs-big-play-centered\" data-gp-vjs=\"1\" controls src=\"https:\/\/www.grandepremio.com\/br\/wp-content\/uploads\/2022\/06\/nY8m5bDdiyEcfE8v.mp4\"><\/video><figcaption>Fabio Quartararo cay\u00f3 y provoc\u00f3 la salida de pista de Aleix Espargar\u00f3 en el GP de Holanda (V\u00eddeo: DAZN)<\/figcaption><\/figure>\n\n\n\n<p class=\"wp-block-paragraph\">La c\u00fapula de Yamaha se quej\u00f3 de la sanci\u00f3n a Quartararo, que calific\u00f3 de &#8220;dura e incoherente&#8221;. El director del equipo, Lin Jarvis, admiti\u00f3 que hab\u00eda considerado la posibilidad de recurrir al Tribunal de Arbitraje Deportivo, pero no le qued\u00f3 otra alternativa, ya que las decisiones del Panel de Comisarios no son apelables.<\/p>\n\n\n\n<p class=\"wp-block-paragraph\">En v\u00edsperas de la carrera de Silverstone, Fabio reconoci\u00f3 que la sanci\u00f3n har\u00e1 m\u00e1s dif\u00edcil la carrera, pero cont\u00f3 que est\u00e1 a\u00fan m\u00e1s motivado para conseguir un buen resultado. &#8220;El Diablo&#8221; ya gan\u00f3 tres veces este a\u00f1o.<\/p>\n\n\n\n<p class=\"wp-block-paragraph\">&#8220;Estoy contento de volver a correr&#8221;, cont\u00f3 Quartararo. &#8220;Aprovech\u00e9 las vacaciones de verano para descansar un poco, pero tambi\u00e9n pas\u00e9 muchas horas entrenando. Mi mentalidad siempre ha sido volver a salir a la actividad en la mejor forma posible&#8221;, subray\u00f3.<\/p>\n\n\n\n<p class=\"wp-block-paragraph\">&#8220;Tengo muchas ganas de ir a Silverstone, ya que gan\u00e9 all\u00ed el a\u00f1o pasado&#8221;, record\u00f3. &#8220;Esta vez ser\u00e1 complicado, ya que sabemos que tendr\u00e9 que dar esa vuelta larga de castigo\u2026 Pero, si soy realmente sincero, eso s\u00f3lo me motiva a hacerlo a\u00fan mejor&#8221;, cerr\u00f3.<\/p>\n","protected":false},"excerpt":{"rendered":"<p>Fabio Quartararo deber\u00e1 cumplir con una vuelta larga en el GP de Gran Breta\u00f1a debido a un incidente que protagoniz\u00f3 en el GP de Holanda con Aleix Espargar\u00f3.<\/p>\n","protected":false},"author":0,"featured_media":1010077766,"comment_status":"closed","ping_status":"closed","sticky":false,"template":"","format":"standard","meta":{"42wp_featured_image_caption":"","42wp_featured_image_credits":"","42wp_featured_video":"","42wp_featured_image_hidden":false,"42wp_authors_list":[],"footnotes":""},"categories":[8],"tags":[1377,1306,507,1443,1293,1341,1309],"42wp_author":[14223],"class_list":["post-22142","post","type-post","status-publish","format-standard","has-post-thumbnail","hentry","category-motogp","tag-aleix-espargaro","tag-fabio-quartararo","tag-gp-de-gran-bretana","tag-gp-de-holanda","tag-motogp","tag-motogp-2022","tag-yamaha","42wp_author-esteban-nieto"],"_links":{"self":[{"href":"https:\/\/grandepremio.com\/es\/wp-json\/wp\/v2\/posts\/22142","targetHints":{"allow":["GET"]}}],"collection":[{"href":"https:\/\/grandepremio.com\/es\/wp-json\/wp\/v2\/posts"}],"about":[{"href":"https:\/\/grandepremio.com\/es\/wp-json\/wp\/v2\/types\/post"}],"replies":[{"embeddable":true,"href":"https:\/\/grandepremio.com\/es\/wp-json\/wp\/v2\/comments?post=22142"}],"version-history":[{"count":0,"href":"https:\/\/grandepremio.com\/es\/wp-json\/wp\/v2\/posts\/22142\/revisions"}],"wp:featuredmedia":[{"embeddable":true,"href":"https:\/\/grandepremio.com\/es\/wp-json\/wp\/v2\/media\/1010077766"}],"wp:attachment":[{"href":"https:\/\/grandepremio.com\/es\/wp-json\/wp\/v2\/media?parent=22142"}],"wp:term":[{"taxonomy":"category","embeddable":true,"href":"https:\/\/grandepremio.com\/es\/wp-json\/wp\/v2\/categories?post=22142"},{"taxonomy":"post_tag","embeddable":true,"href":"https:\/\/grandepremio.com\/es\/wp-json\/wp\/v2\/tags?post=22142"},{"taxonomy":"42wp_author","embeddable":true,"href":"https:\/\/grandepremio.com\/es\/wp-json\/wp\/v2\/42wp_author?post=22142"}],"curies":[{"name":"wp","href":"https:\/\/api.w.org\/{rel}","templated":true}]}}