{"id":22158,"date":"2022-08-02T16:03:26","date_gmt":"2022-08-02T19:03:26","guid":{"rendered":"https:\/\/grandepremio.com\/es\/2022\/08\/02\/oscar-piastri-desmiente-alpine-f1-2023\/"},"modified":"2022-08-02T16:06:20","modified_gmt":"2022-08-02T19:06:20","slug":"oscar-piastri-desmiente-alpine-f1-2023","status":"publish","type":"post","link":"https:\/\/grandepremio.com\/es\/f1\/oscar-piastri-desmiente-alpine-f1-2023\/","title":{"rendered":"Piastri desmiente a Alpine y dice que no pilotar\u00e1 para el equipo en la F\u00f3rmula 1 2023"},"content":{"rendered":"\n<p class=\"wp-block-paragraph\">Horas despu\u00e9s del <a href=\"https:\/\/grandepremio.com\/es\/\/f1\/alpine-oscar-piastri-formula-1-2023-2\/\">anuncio de Alpine<\/a>, el piloto Oscar Piastri sali\u00f3 a la palestra para desmentir la informaci\u00f3n difundida por el equipo franc\u00e9s. En una publicaci\u00f3n en Twitter, el australiano cit\u00f3 que la escuder\u00eda de Enstone public\u00f3 un comunicado de prensa sin su aprobaci\u00f3n, que no firm\u00f3 un contrato y que no pilotar\u00e1 para el equipo en 2023.<\/p>\n\n\n\n<p class=\"wp-block-paragraph\">Alpine ha anunciado este martes el ascenso de Piastri al puesto de piloto titular del equipo en la F1 para 2023. El australiano sustituir\u00eda a Fernando Alonso, que se marchar\u00e1 a Aston Martin la pr\u00f3xima temporada. La noticia era esperada ya que \u00d3scar es el actual reserva y el principal nombre de la academia de pilotos del equipo, con t\u00edtulos en F3 en 2020 y F2 en 2021.<\/p>\n\n\n\n<p class=\"wp-block-paragraph\">Sin embargo, en la prensa internacional circularon informaciones que insinuaban que el acuerdo no era tan f\u00e1cil. Es que Mark Webber, antiguo piloto y m\u00e1nager de Piastri, estaba negociando con McLaren. Cabe recordar que, a principios de 2022, Oscar fue anunciado por los de Woking como reserva, en un acuerdo entre ambos equipos.<\/p>\n\n\n\n<p class=\"wp-block-paragraph\"><strong>\u00a1Conoce el canal de Grande Pr\u00eamio en Espa\u00f1ol en&nbsp;<a href=\"https:\/\/www.youtube.com\/channel\/UCDxWojGVUi9gWYhrY0pGbIQ\" target=\"_blank\" rel=\"noreferrer noopener\">YouTube<\/a>!<br>\u00a1Sigue a&nbsp;Grande Pr\u00eamio en Espa\u00f1ol&nbsp;en&nbsp;<a href=\"https:\/\/twitter.com\/grandepremioES\" target=\"_blank\" rel=\"noreferrer noopener\">Twitter&nbsp;<\/a>y en&nbsp;<a href=\"https:\/\/www.instagram.com\/grandepremioes\/\" target=\"_blank\" rel=\"noreferrer noopener\">Instagram<\/a>!<\/strong><\/p>\n\n\n\n<figure class=\"wp-block-image size-large\"><img decoding=\"async\" src=\"https:\/\/www.grandepremio.com\/br\/wp-content\/uploads\/2021\/12\/FGbRji5XwAIzRbk-1024x685.jpg\" alt=\"OSCAR PIASTRI; CAMPE\u00c3O; CAMPE\u00c3O F\u00d3RMULA 2;\" class=\"wp-image-532291\"\/><figcaption>Oscar Piastri y su trofeo de la F2: la trayectoria se ve recompensada con una plaza en Alpine (Foto: F\u00f3rmula 2)<\/figcaption><\/figure>\n\n\n\n<p class=\"wp-block-paragraph\">Otro factor que ya indicaba que el anuncio de Alpine no era tan sencillo es la ausencia del discurso de Piastri en el comunicado de prensa. La noticia se dio a conocer al mundo en la madrugada australiana, lo que va en contra de las estrategias para llegar al p\u00fablico local.<\/p>\n\n\n\n<p class=\"wp-block-paragraph\">El embrollo de Piastri con Alpine es similar al de \u00c1lex Palou con Ganassi. La escuder\u00eda estadounidense anunci\u00f3 el 15 de julio que hab\u00eda ejercido su opci\u00f3n para mantener al vigente campe\u00f3n de la Indy en 2023. Sin embargo, horas despu\u00e9s, Palou desminti\u00f3 la informaci\u00f3n, y posteriormente McLaren anunci\u00f3 su fichaje. Las dos partes ya han presentado diferentes cargos en los tribunales estadounidenses.<\/p>\n\n\n\n<p class=\"wp-block-paragraph\">Piastri est\u00e1 sin competir este 2022, precisamente porque fue campe\u00f3n en la F2 del a\u00f1o pasado. Al estar afiliado a Alpine, que no ten\u00eda ninguna vacante que ofrecer, tuvo que tomarse un a\u00f1o sab\u00e1tico. No obstante, acompa\u00f1a al equipo en gran parte de las carreras del a\u00f1o.<\/p>\n\n\n\n<figure class=\"wp-block-image size-large\"><img decoding=\"async\" src=\"https:\/\/www.grandepremio.com\/br\/wp-content\/uploads\/2021\/11\/jm2118no74-scaled-e1659464085593-1024x698.jpg\" alt=\"OSCAR PIASTRI; ALPINE; F1; F\u00d3RMULA 1; LOSAIL; CATAR;\" class=\"wp-image-526182\"\/><figcaption>Oscar Piastri (Foto: Alpine)<\/figcaption><\/figure>\n\n\n\n<p class=\"wp-block-paragraph\">El piloto de 21 a\u00f1os destaca como el gran nombre de su generaci\u00f3n. Despu\u00e9s de una cosecha muy fuerte de pilotos tirada por nombres como Max Verstappen, Charles Leclerc, Pierre Gasly, Lando Norris y George Russell, la temporada baja fue algo m\u00e1s que natural. Pero Piastri trat\u00f3 de destacarse en el medio.<\/p>\n\n\n\n<p class=\"wp-block-paragraph\">Los logros del australiano en las categor\u00edas inferiores son incuestionables y comparables a los de las estrellas emergentes m\u00e1s importantes de los \u00faltimos tiempos. Oscar simplemente ha reunido tres grandes t\u00edtulos en tres a\u00f1os, algo muy raro que ocurra.<\/p>\n\n\n\n<p class=\"wp-block-paragraph\"><strong>VER TAMBI\u00c9N<br><a href=\"https:\/\/grandepremio.com\/es\/\/f1\/alpine-aston-martin-fernando-alonso-formula-1\/\">Alpine revela que se enter\u00f3 de la ida de Alonso para Aston Martin en 2023 por la prensa<br><\/a><a href=\"https:\/\/grandepremio.com\/es\/\/f1\/logan-sargeant-latifi-williams-estados-unidos-formula-1\/\">Williams confirma a Sargeant en lugar de Latifi para el primer ensayo del GP de Estados Unidos<\/a><\/strong><\/p>\n\n\n\n<p class=\"wp-block-paragraph\">Due\u00f1o de una buena, pero no espectacular carrera en el karting, Piastri hizo la transici\u00f3n a los monoplazas a finales de 2016, en la F4 de los Emiratos \u00c1rabes Unidos, cerrando el campeonato en sexto lugar. 2017 lo vio terminar subcampe\u00f3n en la F4 brit\u00e1nica y debutar en la segunda clase de F-Renault. En 2018, un a\u00f1o m\u00e1s discreto en F-Renault, el \u00faltimo antes de la espectacular secuencia de t\u00edtulos.<\/p>\n\n\n\n<p class=\"wp-block-paragraph\">En F-Renault 2019, el joven australiano comenz\u00f3 a mostrar su valor y llev\u00f3 a R-Ace GP al t\u00edtulo, superando a nombres como Victor Martins y Caio Collet. Luego lleg\u00f3 el acuerdo con Prema, v\u00e1lido para F2 y F3, con dos campeonatos m\u00e1s ganados entre 2020 y 2021, asombrando al paddock de la F1 por la naturalidad con la que se adapt\u00f3 a ambas categor\u00edas.<\/p>\n\n\n\n<p class=\"wp-block-paragraph\">En la F3, Piastri se impuso a rivales de la talla de Th\u00e9o Pourchaire, Logan Sargeant, Frederik Vesti, Liam Lawson y Enzo Fittipaldi. En la F2, totalmente dominada por Oscar, nombres como Robert Shwartzman, Guanyu Zhou, J\u00fcri Vips, Pourchaire, Lawson y Christian Lundgaard se quedaron en el camino.<\/p>\n\n\n\n<p class=\"wp-block-paragraph\">Piastri no tuvo acceso inmediato a la F1 en 2022 y pas\u00f3 el a\u00f1o s\u00f3lo como piloto de pruebas, tambi\u00e9n cedido en McLaren, desarrollando las mismas funciones. Ahora, en 2023, la esperada oportunidad, enfrent\u00e1ndose a Esteban Ocon dentro de los boxes, otro piloto que tuvo mucho \u00e9xito en categor\u00edas inferiores y que ya est\u00e1 bien asentado en la parrilla de la F1, incluso como ganador de carreras, en el GP de Hungr\u00eda de 2021.<\/p>\n","protected":false},"excerpt":{"rendered":"<p>Oscar Piastri ha desmentido el comunicado de Alpine y ha dicho que no pilotar\u00e1 para el equipo en 2023. El australiano cit\u00f3 que la nota de prensa fue emitida sin aprobaci\u00f3n.<\/p>\n","protected":false},"author":0,"featured_media":1010077695,"comment_status":"closed","ping_status":"closed","sticky":false,"template":"","format":"standard","meta":{"42wp_featured_image_caption":"","42wp_featured_image_credits":"","42wp_featured_video":"","42wp_featured_image_hidden":false,"42wp_authors_list":[],"footnotes":""},"categories":[5],"tags":[209,181,1495,1676,184,179,2369,2237,1170,269,278],"42wp_author":[14234],"class_list":["post-22158","post","type-post","status-publish","format-standard","has-post-thumbnail","hentry","category-f1","tag-aston-martin","tag-f1","tag-f1-2022","tag-f1-2023","tag-fernando-alonso","tag-formula-1","tag-formula-1-hoy","tag-grandepremio","tag-mark-webber","tag-mclaren","tag-oscar-piastri","42wp_author-douglas-rocha"],"_links":{"self":[{"href":"https:\/\/grandepremio.com\/es\/wp-json\/wp\/v2\/posts\/22158","targetHints":{"allow":["GET"]}}],"collection":[{"href":"https:\/\/grandepremio.com\/es\/wp-json\/wp\/v2\/posts"}],"about":[{"href":"https:\/\/grandepremio.com\/es\/wp-json\/wp\/v2\/types\/post"}],"replies":[{"embeddable":true,"href":"https:\/\/grandepremio.com\/es\/wp-json\/wp\/v2\/comments?post=22158"}],"version-history":[{"count":0,"href":"https:\/\/grandepremio.com\/es\/wp-json\/wp\/v2\/posts\/22158\/revisions"}],"wp:featuredmedia":[{"embeddable":true,"href":"https:\/\/grandepremio.com\/es\/wp-json\/wp\/v2\/media\/1010077695"}],"wp:attachment":[{"href":"https:\/\/grandepremio.com\/es\/wp-json\/wp\/v2\/media?parent=22158"}],"wp:term":[{"taxonomy":"category","embeddable":true,"href":"https:\/\/grandepremio.com\/es\/wp-json\/wp\/v2\/categories?post=22158"},{"taxonomy":"post_tag","embeddable":true,"href":"https:\/\/grandepremio.com\/es\/wp-json\/wp\/v2\/tags?post=22158"},{"taxonomy":"42wp_author","embeddable":true,"href":"https:\/\/grandepremio.com\/es\/wp-json\/wp\/v2\/42wp_author?post=22158"}],"curies":[{"name":"wp","href":"https:\/\/api.w.org\/{rel}","templated":true}]}}