{"id":2216,"date":"2026-03-14T01:02:13","date_gmt":"2026-03-14T04:02:13","guid":{"rendered":"https:\/\/grandepremio.com\/es\/2026\/03\/14\/joshua-durksen-invicta-f2-participacion-rookie-test-formula-e-citroen-2026\/"},"modified":"2026-03-14T01:02:20","modified_gmt":"2026-03-14T04:02:20","slug":"joshua-durksen-invicta-f2-participacion-rookie-test-formula-e-citroen-2026","status":"publish","type":"post","link":"https:\/\/grandepremio.com\/es\/formula-e\/joshua-durksen-invicta-f2-participacion-rookie-test-formula-e-citroen-2026\/","title":{"rendered":"Citro\u00ebn anuncia a D\u00fcrksen para la prueba de novatos de F\u00f3rmula E"},"content":{"rendered":"\n<p class=\"wp-block-paragraph\"><strong>Joshua D\u00fcrksen<\/strong> suma una nueva experiencia en el automovilismo. El piloto paraguayo, ganador de la carrera sprint en la primera fecha de <strong>F\u00f3rmula 2<\/strong> 2026 en <strong>Australia<\/strong>, participar\u00e1 en el rookie test de la <strong>F\u00f3rmula E<\/strong> con <strong>Citro\u00ebn Racing<\/strong>, compartiendo alineaci\u00f3n con el franc\u00e9s <strong>Theo Pourchaire<\/strong>. <\/p>\n\n\n\n<p class=\"wp-block-paragraph\">\ud83d\udfe5&nbsp;<strong><em>\u00a1Todas las novedades te esperan en el canal de&nbsp;<\/em><\/strong><a href=\"https:\/\/www.youtube.com\/@GrandePremioES\"><em>YouTube<\/em><\/a><strong><em>&nbsp;de Grande Pr\u00eamio en&nbsp;<a>Espa\u00f1ol<\/a><\/em><\/strong>! \ud83d\udfe8<a><\/a><\/p>\n\n\n\n<p class=\"wp-block-paragraph\">La prueba de pilotos novatos de la categor\u00eda de monoplazas el\u00e9ctricos se realizar\u00e1 el domingo 22 de marzo, el d\u00eda posterior al <strong>ePrix de Madrid<\/strong>, en el <strong>Circuito del Jarama<\/strong>. En este test oficial, que se realiza desde los equipos colocan a dos pilotos sin experiencia previa en la <strong>F\u00f3rmula E<\/strong>, con el objetivo de conocer el funcionamiento de la categor\u00eda y los coches. del campeonato.<\/p>\n\n\n\n<p class=\"wp-block-paragraph\">Esta ser\u00e1 la primera incursi\u00f3n de <strong>D\u00fcrksen<\/strong> en la categor\u00eda e implica una oportunidad para continuar con su formaci\u00f3n como piloto. Actualmente, el piloto de <strong>Asunci\u00f3n <\/strong>disputa su tercera temporada en <strong>F\u00f3rmula 2,<\/strong> compitiendo con <strong>Invicta Racing<\/strong>, e integra el programa de desarrollo de pilotos de <strong>Mercedes <\/strong>en la <strong>F1<\/strong>. <\/p>\n\n\n\n<p class=\"wp-block-paragraph\">El anuncio de la participaci\u00f3n de <strong>Joshua<\/strong> en el test se realiz\u00f3 el viernes por la ma\u00f1ana a trav\u00e9s de una publicaci\u00f3n divulgada en las redes sociales de <strong>Citro\u00ebn Racing<\/strong>, que tambi\u00e9n confirm\u00f3 el regreso de <strong>Theo Pourchaire<\/strong> a la prueba de novatos. El piloto franc\u00e9s, que representa a <strong>Peugeot <\/strong>en el <strong>WEC, <\/strong>form\u00f3 parte del rookie test que se realiz\u00f3 en <strong>Miami<\/strong> y regresar\u00e1 en la sesi\u00f3n de <strong>Madrid<\/strong>. <\/p>\n\n\n\n<p class=\"wp-block-paragraph\">&#8220;Estamos entusiasmados por trabajar con <strong>Joshua <\/strong>por primera vez. Es un piloto al que venimos siguiendo de cerca, y este tipo de pruebas busca dar una oportunidad a los talentos emergentes de demostrar su capacidad en la <strong>F\u00f3rmula E.<\/strong> Ser\u00e1 una experiencia valiosa, tanto para <strong>Joshua <\/strong>como para nosotros, mientras continuamos con el desarrollo del paquete Gen3 Evo&#8221;, declar\u00f3 <strong>Cyril Blais<\/strong>, director de <strong>Citro\u00ebn Racing<\/strong>. <\/p>\n\n\n\n<p class=\"wp-block-paragraph\">\u23e9\u00a0<strong><em>\u00a1Seguinos en redes por\u00a0<\/em><\/strong><a href=\"https:\/\/twitter.com\/grandepremioES\"><em>Twitter\u00a0<\/em><\/a><strong><em>e\u00a0<\/em><\/strong><a href=\"https:\/\/www.instagram.com\/grandepremioes\/\"><em>Instagram!<br><\/em><\/a>\u23e9\u00a0<strong><em>Adem\u00e1s, tenemos nuestro\u00a0<\/em><\/strong><a href=\"https:\/\/whatsapp.com\/channel\/0029VaDZ5zb0gcfDxuwxBM05\"><em>canal de Whatsapp<\/em><\/a><strong><em>\u00a0con toda la informaci\u00f3n al instante<\/em><\/strong>\u00a0\ud83c\udfc1<\/p>\n\n\n\n<figure class=\"wp-block-image size-full\"><img decoding=\"async\" src=\"https:\/\/grandepremio.com\/es\/wp-content\/uploads\/..\/gp_br_uploads\/2026\/02\/2261479449-2048x2048-1.jpg\" alt=\"\" class=\"wp-image-392589\"\/><figcaption class=\"wp-element-caption\">Joshua Duerksen conducir\u00e1 un monoplaza de Citro\u00ebn Racing en el test de novatos de F\u00f3rmula E en Madrid (Foto: F\u00f3rmula E)<\/figcaption><\/figure>\n\n\n\n<p class=\"wp-block-paragraph\"><strong>D\u00fcrksen<\/strong>, por su parte, mencion\u00f3 el entusiasmo de participar en la prueba para novatos: &#8220;Estoy muy entusiasmado por unirme a <strong>Citro\u00ebn <\/strong>y participar del rookie test de la <strong>F\u00f3rmula E<\/strong> en <strong>Madrid<\/strong>. Es un campeonato completamente nuevo, y tener la oportunidad de conducir el <strong>Gen3 Evo<\/strong> junto a un equipo tan experimentado es una experiencia \u00fanica&#8221;. <\/p>\n\n\n\n<p class=\"wp-block-paragraph\">En cuanto a sus objetivos para el test, mencion\u00f3 la importancia de adaptarse al monoplaza y gestionar correctamente la energ\u00eda el\u00e9ctrica.<\/p>\n\n\n\n<p class=\"wp-block-paragraph\">&#8220;Quiero aprender lo m\u00e1ximo posible. Conocer el auto en profundidad, los sistemas y el funcionamiento de un equipo de <strong>F\u00f3rmula E<\/strong>. Es un desaf\u00edo \u00fanico en todos los aspectos, as\u00ed que debo estar atento a todos los detalles. Agradezco a <strong>Citro\u00ebn Racing<\/strong> por la confianza, y har\u00e9 todo lo posible para aprovechar al m\u00e1ximo esta oportunidad&#8221;, concluy\u00f3. <\/p>\n\n\n\n<p class=\"wp-block-paragraph\"><strong>La F\u00f3rmula E vuelve a la acci\u00f3n entre el 20 y 21 de marzo con el ePrix de Madrid, sexta fecha de la temporada 2025\/26. <\/strong><\/p>\n\n\n\n<figure class=\"wp-block-embed is-type-video is-provider-youtube wp-block-embed-youtube wp-embed-aspect-16-9 wp-has-aspect-ratio\"><div class=\"wp-block-embed__wrapper\">\n<iframe loading=\"lazy\" title=\"GP DE CHINA 2026 - LA PREVIA\" width=\"500\" height=\"281\" src=\"https:\/\/www.youtube.com\/embed\/tncaFLsZOmw?feature=oembed\" frameborder=\"0\" allow=\"accelerometer; autoplay; clipboard-write; encrypted-media; gyroscope; picture-in-picture; web-share\" referrerpolicy=\"strict-origin-when-cross-origin\" allowfullscreen><\/iframe>\n<\/div><\/figure>\n","protected":false},"excerpt":{"rendered":"<p>Joshua D\u00fcrksen participar\u00e1 en la prueba para pilotos novatos de la F\u00f3rmula E en Madrid. El piloto paraguayo realizar\u00e1 la prueba junto a Citro\u00ebn en el Circuito del Jarama<\/p>\n","protected":false},"author":0,"featured_media":1010395409,"comment_status":"closed","ping_status":"closed","sticky":false,"template":"","format":"standard","meta":{"42wp_featured_image_caption":"","42wp_featured_image_credits":"","42wp_featured_video":"","42wp_featured_image_hidden":false,"42wp_authors_list":[],"footnotes":""},"categories":[18],"tags":[3121,10262,257,211,462,13733,12475,1488,8413,9543,12935],"42wp_author":[14239],"class_list":["post-2216","post","type-post","status-publish","format-standard","has-post-thumbnail","hentry","category-formula-e","tag-citroen","tag-cyril-blais","tag-f2","tag-formula-2","tag-formula-e","tag-formula-e-2025-26-2","tag-formula-e-2026","tag-grande-premio","tag-invicta","tag-joshua-duerksen","tag-temporada-2025-26-formula-e-2","42wp_author-jp-otrosky"],"_links":{"self":[{"href":"https:\/\/grandepremio.com\/es\/wp-json\/wp\/v2\/posts\/2216","targetHints":{"allow":["GET"]}}],"collection":[{"href":"https:\/\/grandepremio.com\/es\/wp-json\/wp\/v2\/posts"}],"about":[{"href":"https:\/\/grandepremio.com\/es\/wp-json\/wp\/v2\/types\/post"}],"replies":[{"embeddable":true,"href":"https:\/\/grandepremio.com\/es\/wp-json\/wp\/v2\/comments?post=2216"}],"version-history":[{"count":0,"href":"https:\/\/grandepremio.com\/es\/wp-json\/wp\/v2\/posts\/2216\/revisions"}],"wp:featuredmedia":[{"embeddable":true,"href":"https:\/\/grandepremio.com\/es\/wp-json\/wp\/v2\/media\/1010395409"}],"wp:attachment":[{"href":"https:\/\/grandepremio.com\/es\/wp-json\/wp\/v2\/media?parent=2216"}],"wp:term":[{"taxonomy":"category","embeddable":true,"href":"https:\/\/grandepremio.com\/es\/wp-json\/wp\/v2\/categories?post=2216"},{"taxonomy":"post_tag","embeddable":true,"href":"https:\/\/grandepremio.com\/es\/wp-json\/wp\/v2\/tags?post=2216"},{"taxonomy":"42wp_author","embeddable":true,"href":"https:\/\/grandepremio.com\/es\/wp-json\/wp\/v2\/42wp_author?post=2216"}],"curies":[{"name":"wp","href":"https:\/\/api.w.org\/{rel}","templated":true}]}}