{"id":22182,"date":"2022-07-31T16:40:47","date_gmt":"2022-07-31T19:40:47","guid":{"rendered":"https:\/\/grandepremio.com\/es\/2022\/07\/31\/norris-se-conforma-7o-lugar-hungria\/"},"modified":"2022-07-31T16:40:48","modified_gmt":"2022-07-31T19:40:48","slug":"norris-se-conforma-7o-lugar-hungria","status":"publish","type":"post","link":"https:\/\/grandepremio.com\/es\/f1\/norris-se-conforma-7o-lugar-hungria\/","title":{"rendered":"Norris se conforma y dice que el 7\u00ba lugar &#8220;era lo que daba para hacer&#8221; en Hungr\u00eda"},"content":{"rendered":"\n<p class=\"wp-block-paragraph\">Lando Norris volvi\u00f3 a ser el mejor del resto, pero termin\u00f3 la carrera muy lejos de los seis primeros en <a href=\"https:\/\/grandepremio.com\/es\/\/f1\/max-verstappen-charles-leclerc-hungria-formula-1-2\/\" target=\"_blank\" rel=\"noreferrer noopener\">Hungr\u00eda<\/a>. Este domingo, el ingl\u00e9s prefiri\u00f3 valorar la cuarta plaza de la clasificaci\u00f3n y la victoria en el enfrentamiento directo con Alpine, reconociendo que eso es lo que McLaren puede ofrecer actualmente.<\/p>\n\n\n\n<p class=\"wp-block-paragraph\">Norris celebr\u00f3 la s\u00e9ptima posici\u00f3n y explic\u00f3 que no hab\u00eda forma de que McLaren pudiera contener al d\u00fao de Red Bull y Lewis Hamilton en la carrera h\u00fangara. Para Lando, lo que se sal\u00eda de lo com\u00fan era ser cuarto en la parrilla.<\/p>\n\n\n\n<p class=\"wp-block-paragraph\">\u201cFeliz con el s\u00e9ptimo lugar. Por supuesto, despu\u00e9s de la clasificaci\u00f3n, quer\u00edamos un poco m\u00e1s que eso, pero hoy no ten\u00edamos el ritmo, hab\u00eda coches m\u00e1s r\u00e1pidos detr\u00e1s de nosotros. Es solo que hicimos un trabajo extremadamente bueno ayer\u201d, dijo.<\/p>\n\n\n\n<p class=\"wp-block-paragraph\"><strong><strong>\u00a1Conoce el canal de Grande Pr\u00eamio en Espa\u00f1ol en\u00a0<a href=\"https:\/\/www.youtube.com\/channel\/UCDxWojGVUi9gWYhrY0pGbIQ\" target=\"_blank\" rel=\"noreferrer noopener\">YouTube<\/a>!<br>\u00a1Sigue a\u00a0Grande Pr\u00eamio en Espa\u00f1ol\u00a0en\u00a0<a href=\"https:\/\/twitter.com\/grandepremioES\" target=\"_blank\" rel=\"noreferrer noopener\">Twitter\u00a0<\/a>y en\u00a0<a href=\"https:\/\/www.instagram.com\/grandepremioes\/\" target=\"_blank\" rel=\"noreferrer noopener\">Instagram<\/a>!<\/strong><\/strong><\/p>\n\n\n\n<figure class=\"wp-block-image size-large\"><img decoding=\"async\" src=\"https:\/\/www.grandepremio.com\/br\/wp-content\/uploads\/2022\/07\/mclaren-landonorris-01-16-1024x683.jpg\" alt=\"\" class=\"wp-image-600492\"\/><figcaption>Lando Norris lleg\u00f3 al s\u00e9ptimo puesto en Hungr\u00eda (Foto: McLaren)<\/figcaption><\/figure>\n\n\n\n<p class=\"wp-block-paragraph\">El brit\u00e1nico volvi\u00f3 a defender que McLaren ten\u00eda el resultado que permite el actual estado del monoplaza y record\u00f3: al menos termin\u00f3 al frente de la pareja de Alpine, rival directo en el Mundial de Constructores.<\/p>\n\n\n\n<p class=\"wp-block-paragraph\">\u201cEstoy feliz porque hicimos lo m\u00e1ximo que pudimos haber hecho hoy con los coches que ven\u00edan delante de nosotros. El s\u00e9ptimo fue lo que pudimos hacer con lo que ten\u00edamos y nos adelantamos a nuestros rivales directos\u201d, a\u00f1adi\u00f3.<\/p>\n\n\n\n<p class=\"wp-block-paragraph\">Norris llega s\u00e9ptimo con 76 puntos, 18 m\u00e1s que Esteban Ocon, competidor en la lucha por la virtual victoria en la &#8216;F1 B&#8217;. McLaren tiene 95 puntos, 4 menos que Alpine.<\/p>\n\n\n\n<p class=\"wp-block-paragraph\">La F\u00f3rmula 1 cierra actividades por el par\u00f3n veraniego. Solo dentro de cuatro semanas, entre el 26 y el 28 de agosto, en Spa-Francorchamps, con el GP de B\u00e9lgica.<\/p>\n","protected":false},"excerpt":{"rendered":"<p>Lando Norris prefiri\u00f3 poner en valor la enorme clasificaci\u00f3n de Hungr\u00eda y reconocer que, al fin y al cabo, ser s\u00e9ptimo en carrera es mucho m\u00e1s acorde con lo que hoy puede ofrecer McLaren.<\/p>\n","protected":false},"author":0,"featured_media":1010077405,"comment_status":"closed","ping_status":"closed","sticky":false,"template":"","format":"standard","meta":{"42wp_featured_image_caption":"","42wp_featured_image_credits":"","42wp_featured_video":"","42wp_featured_image_hidden":false,"42wp_authors_list":[],"footnotes":""},"categories":[5],"tags":[3099,181,1495,179,421,378,380,268,269],"42wp_author":[14233],"class_list":["post-22182","post","type-post","status-publish","format-standard","has-post-thumbnail","hentry","category-f1","tag-budapest","tag-f1","tag-f1-2022","tag-formula-1","tag-gp-de-hungria","tag-hungaroring","tag-hungria","tag-lando-norris","tag-mclaren","42wp_author-eric-calduch"],"_links":{"self":[{"href":"https:\/\/grandepremio.com\/es\/wp-json\/wp\/v2\/posts\/22182","targetHints":{"allow":["GET"]}}],"collection":[{"href":"https:\/\/grandepremio.com\/es\/wp-json\/wp\/v2\/posts"}],"about":[{"href":"https:\/\/grandepremio.com\/es\/wp-json\/wp\/v2\/types\/post"}],"replies":[{"embeddable":true,"href":"https:\/\/grandepremio.com\/es\/wp-json\/wp\/v2\/comments?post=22182"}],"version-history":[{"count":0,"href":"https:\/\/grandepremio.com\/es\/wp-json\/wp\/v2\/posts\/22182\/revisions"}],"wp:featuredmedia":[{"embeddable":true,"href":"https:\/\/grandepremio.com\/es\/wp-json\/wp\/v2\/media\/1010077405"}],"wp:attachment":[{"href":"https:\/\/grandepremio.com\/es\/wp-json\/wp\/v2\/media?parent=22182"}],"wp:term":[{"taxonomy":"category","embeddable":true,"href":"https:\/\/grandepremio.com\/es\/wp-json\/wp\/v2\/categories?post=22182"},{"taxonomy":"post_tag","embeddable":true,"href":"https:\/\/grandepremio.com\/es\/wp-json\/wp\/v2\/tags?post=22182"},{"taxonomy":"42wp_author","embeddable":true,"href":"https:\/\/grandepremio.com\/es\/wp-json\/wp\/v2\/42wp_author?post=22182"}],"curies":[{"name":"wp","href":"https:\/\/api.w.org\/{rel}","templated":true}]}}