{"id":22202,"date":"2022-07-30T16:47:05","date_gmt":"2022-07-30T19:47:05","guid":{"rendered":"https:\/\/grandepremio.com\/es\/2022\/07\/30\/ocon-quinto-lugar-gp-hungria\/"},"modified":"2022-07-30T16:47:07","modified_gmt":"2022-07-30T19:47:07","slug":"ocon-quinto-lugar-gp-hungria","status":"publish","type":"post","link":"https:\/\/grandepremio.com\/es\/f1\/ocon-quinto-lugar-gp-hungria\/","title":{"rendered":"Ocon celebra quinto lugar en parrilla y dice que &#8220;est\u00e1 todo abierto&#8221; para el GP de Hungr\u00eda"},"content":{"rendered":"\n<p class=\"wp-block-paragraph\">El \u00faltimo recuerdo de Alpine del <a href=\"https:\/\/grandepremio.com\/es\/\/f1\/george-russell-pole-mercedes-formula-1-2\/\" target=\"_blank\" rel=\"noreferrer noopener\">GP de Hungr\u00eda<\/a> es bastante dulce. Hace un a\u00f1o, Esteban Ocon ganaba por primera vez en su carrera y Fernando Alonso era cuarto con derecho a brillar por defender mucho tiempo a Lewis Hamilton. Esta vez, los dos salen desde la tercera fila en lo que fue un s\u00e1bado que anim\u00f3 al piloto franc\u00e9s.<\/p>\n\n\n\n<p class=\"wp-block-paragraph\">Ocon, que sale quinto, justo por delante de Alonso, estaba encantado con la actuaci\u00f3n. El objetivo del domingo es enfrentarse a McLaren, que ocupa la cuarta posici\u00f3n con Lando Norris. Queda por ver si tendr\u00e1 un coche mejor.<\/p>\n\n\n\n<p class=\"wp-block-paragraph\"><strong>\u00a1Conoce el canal de Grande Pr\u00eamio en Espa\u00f1ol en\u00a0<a href=\"https:\/\/www.youtube.com\/channel\/UCDxWojGVUi9gWYhrY0pGbIQ\" target=\"_blank\" rel=\"noreferrer noopener\">YouTube<\/a>!<br>\u00a1Sigue a\u00a0Grande Pr\u00eamio en Espa\u00f1ol\u00a0en\u00a0<a href=\"https:\/\/twitter.com\/grandepremioES\" target=\"_blank\" rel=\"noreferrer noopener\">Twitter\u00a0<\/a>y en\u00a0<a href=\"https:\/\/www.instagram.com\/grandepremioes\/\" target=\"_blank\" rel=\"noreferrer noopener\">Instagram<\/a>!<\/strong><\/p>\n\n\n\n<figure class=\"wp-block-image size-large\"><img decoding=\"async\" src=\"https:\/\/www.grandepremio.com\/br\/wp-content\/uploads\/2022\/07\/alpine-estebanocon-01-17-1024x683.jpg\" alt=\"\" class=\"wp-image-599890\"\/><figcaption>Esteban Ocon est\u00e1 animado con Alpine en Hungr\u00eda (Foto: Alpine)<\/figcaption><\/figure>\n\n\n\n<p class=\"wp-block-paragraph\">&#8220;Estoy satisfecho con la clasificaci\u00f3n de hoy, es un resultado muy s\u00f3lido y necesito agradecerle al equipo, adem\u00e1s de su gran trabajo para mejorar mucho el coche durante el fin de semana&#8221;, dijo.<\/p>\n\n\n\n<p class=\"wp-block-paragraph\">\u201cIgualamos nuestra mejor clasificaci\u00f3n del a\u00f1o, por lo que definitivamente estamos satisfechos con el rendimiento. Norris est\u00e1 por delante y parec\u00eda un poco m\u00e1s r\u00e1pido que nosotros hoy. Veamos c\u00f3mo nos comparamos con McLaren ma\u00f1ana&#8221;, afirm\u00f3.<\/p>\n\n\n\n<p class=\"wp-block-paragraph\">\u201cEst\u00e1 todo abierto para la carrera, que es cuando se reparten los puntos. Todo puede pasar, como el a\u00f1o pasado. Es una pista dif\u00edcil de adelantar y deber\u00edamos estar en una buena posici\u00f3n para sumar m\u00e1s puntos merecidos\u201d, concluy\u00f3.<\/p>\n","protected":false},"excerpt":{"rendered":"<p>Esteban Ocon partir\u00e1 en quinto lugar en una tercera fila 100% de Alpine. Y el franc\u00e9s espera luchar con McLaren el domingo en Hungaroring.<\/p>\n","protected":false},"author":0,"featured_media":1010077293,"comment_status":"closed","ping_status":"closed","sticky":false,"template":"","format":"standard","meta":{"42wp_featured_image_caption":"","42wp_featured_image_credits":"","42wp_featured_video":"","42wp_featured_image_hidden":false,"42wp_authors_list":[],"footnotes":""},"categories":[5],"tags":[678,3099,362,181,1495,179,421,378,380],"42wp_author":[14233],"class_list":["post-22202","post","type-post","status-publish","format-standard","has-post-thumbnail","hentry","category-f1","tag-alpine","tag-budapest","tag-esteban-ocon","tag-f1","tag-f1-2022","tag-formula-1","tag-gp-de-hungria","tag-hungaroring","tag-hungria","42wp_author-eric-calduch"],"_links":{"self":[{"href":"https:\/\/grandepremio.com\/es\/wp-json\/wp\/v2\/posts\/22202","targetHints":{"allow":["GET"]}}],"collection":[{"href":"https:\/\/grandepremio.com\/es\/wp-json\/wp\/v2\/posts"}],"about":[{"href":"https:\/\/grandepremio.com\/es\/wp-json\/wp\/v2\/types\/post"}],"replies":[{"embeddable":true,"href":"https:\/\/grandepremio.com\/es\/wp-json\/wp\/v2\/comments?post=22202"}],"version-history":[{"count":0,"href":"https:\/\/grandepremio.com\/es\/wp-json\/wp\/v2\/posts\/22202\/revisions"}],"wp:featuredmedia":[{"embeddable":true,"href":"https:\/\/grandepremio.com\/es\/wp-json\/wp\/v2\/media\/1010077293"}],"wp:attachment":[{"href":"https:\/\/grandepremio.com\/es\/wp-json\/wp\/v2\/media?parent=22202"}],"wp:term":[{"taxonomy":"category","embeddable":true,"href":"https:\/\/grandepremio.com\/es\/wp-json\/wp\/v2\/categories?post=22202"},{"taxonomy":"post_tag","embeddable":true,"href":"https:\/\/grandepremio.com\/es\/wp-json\/wp\/v2\/tags?post=22202"},{"taxonomy":"42wp_author","embeddable":true,"href":"https:\/\/grandepremio.com\/es\/wp-json\/wp\/v2\/42wp_author?post=22202"}],"curies":[{"name":"wp","href":"https:\/\/api.w.org\/{rel}","templated":true}]}}