{"id":22204,"date":"2022-07-30T15:57:47","date_gmt":"2022-07-30T18:57:47","guid":{"rendered":"https:\/\/grandepremio.com\/es\/2022\/07\/30\/alonso-gran-resultado-alpine-hungria\/"},"modified":"2022-07-30T15:57:49","modified_gmt":"2022-07-30T18:57:49","slug":"alonso-gran-resultado-alpine-hungria","status":"publish","type":"post","link":"https:\/\/grandepremio.com\/es\/f1\/alonso-gran-resultado-alpine-hungria\/","title":{"rendered":"Alonso valora &#8220;gran resultado para Alpine&#8221; con la tercera fila de parrilla en Hungr\u00eda"},"content":{"rendered":"\n<p class=\"wp-block-paragraph\">Fernando Alonso tuvo una clasificaci\u00f3n en Hungr\u00eda peor que la de su compa\u00f1ero de equipo, Esteban Ocon, pero no le molest\u00f3 lo m\u00e1s m\u00ednimo. Este s\u00e1bado, <a href=\"https:\/\/grandepremio.com\/es\/\/f1\/george-russell-pole-mercedes-formula-1-2\/\" target=\"_blank\" rel=\"noreferrer noopener\">el espa\u00f1ol se ha asegurado la sexta posici\u00f3n en parrilla<\/a>, por detr\u00e1s de Ocon, pero m\u00e1s que eso: con Alpine colocando ambos coches en la tercera fila, algo m\u00e1s de lo esperado por el equipo franc\u00e9s.<\/p>\n\n\n\n<p class=\"wp-block-paragraph\">Alonso dijo que Alpine quer\u00eda tener los dos coches en la Q3, es decir, al menos en las cinco primeras filas. Con ambos en la tercera, la actuaci\u00f3n super\u00f3 con creces las expectativas.<\/p>\n\n\n\n<p class=\"wp-block-paragraph\">\u201cFue una buena clasificaci\u00f3n. El objetivo era estar en la Q3, salir entre los diez primeros y lo conseguimos f\u00e1cilmente, saliendo en la tercera fila con los dos coches, lo que es un gran resultado para el equipo\u201d, dijo.<\/p>\n\n\n\n<p class=\"wp-block-paragraph\"><strong>\u00a1Conoce el canal de Grande Pr\u00eamio en Espa\u00f1ol en\u00a0<a href=\"https:\/\/www.youtube.com\/channel\/UCDxWojGVUi9gWYhrY0pGbIQ\" target=\"_blank\" rel=\"noreferrer noopener\">YouTube<\/a>!<br>\u00a1Sigue a\u00a0Grande Pr\u00eamio en Espa\u00f1ol\u00a0en\u00a0<a href=\"https:\/\/twitter.com\/grandepremioES\" target=\"_blank\" rel=\"noreferrer noopener\">Twitter\u00a0<\/a>y en\u00a0<a href=\"https:\/\/www.instagram.com\/grandepremioes\/\" target=\"_blank\" rel=\"noreferrer noopener\">Instagram<\/a>!<\/strong><\/p>\n\n\n\n<figure class=\"wp-block-image size-large\"><img decoding=\"async\" src=\"https:\/\/www.grandepremio.com\/br\/wp-content\/uploads\/2022\/07\/alpine-fernandoalonso-01-15-1024x683.jpg\" alt=\"\" class=\"wp-image-599891\"\/><figcaption>Fernando Alonso mostr\u00f3 un gran rendimiento en Hungr\u00eda (Foto: Alpine)<\/figcaption><\/figure>\n\n\n\n<p class=\"wp-block-paragraph\">El bicampe\u00f3n ya proyecta la pelea con McLaren, que marca no solo la disputa de la tabla media en Hungr\u00eda, sino la temporada en su conjunto. Lando Norris sale cuarto, con Daniel Ricciardo noveno.<\/p>\n\n\n\n<p class=\"wp-block-paragraph\">\u201cNecesitamos sumar buenos puntos ma\u00f1ana, la carrera es lo m\u00e1s importante. La pelea con McLaren va a ser feroz, Norris empieza delante de nosotros, estoy en el lado sucio, tendr\u00e9 que defenderme bien. Y tambi\u00e9n puede llover, la carrera ser\u00e1 buena\u201d, a\u00f1adi\u00f3.<\/p>\n","protected":false},"excerpt":{"rendered":"<p>Fernando Alonso partir\u00e1 en sexta posici\u00f3n en una tercera fila totalmente de Alpine en Hungr\u00eda. El espa\u00f1ol aspira a sumar puntos en carrera, pero ya se ha marchado muy satisfecho con el rendimiento del equipo en la clasificaci\u00f3n.<\/p>\n","protected":false},"author":0,"featured_media":1010077282,"comment_status":"closed","ping_status":"closed","sticky":false,"template":"","format":"standard","meta":{"42wp_featured_image_caption":"","42wp_featured_image_credits":"","42wp_featured_video":"","42wp_featured_image_hidden":false,"42wp_authors_list":[],"footnotes":""},"categories":[5],"tags":[678,3099,181,1495,184,179,421,378,380],"42wp_author":[14233],"class_list":["post-22204","post","type-post","status-publish","format-standard","has-post-thumbnail","hentry","category-f1","tag-alpine","tag-budapest","tag-f1","tag-f1-2022","tag-fernando-alonso","tag-formula-1","tag-gp-de-hungria","tag-hungaroring","tag-hungria","42wp_author-eric-calduch"],"_links":{"self":[{"href":"https:\/\/grandepremio.com\/es\/wp-json\/wp\/v2\/posts\/22204","targetHints":{"allow":["GET"]}}],"collection":[{"href":"https:\/\/grandepremio.com\/es\/wp-json\/wp\/v2\/posts"}],"about":[{"href":"https:\/\/grandepremio.com\/es\/wp-json\/wp\/v2\/types\/post"}],"replies":[{"embeddable":true,"href":"https:\/\/grandepremio.com\/es\/wp-json\/wp\/v2\/comments?post=22204"}],"version-history":[{"count":0,"href":"https:\/\/grandepremio.com\/es\/wp-json\/wp\/v2\/posts\/22204\/revisions"}],"wp:featuredmedia":[{"embeddable":true,"href":"https:\/\/grandepremio.com\/es\/wp-json\/wp\/v2\/media\/1010077282"}],"wp:attachment":[{"href":"https:\/\/grandepremio.com\/es\/wp-json\/wp\/v2\/media?parent=22204"}],"wp:term":[{"taxonomy":"category","embeddable":true,"href":"https:\/\/grandepremio.com\/es\/wp-json\/wp\/v2\/categories?post=22204"},{"taxonomy":"post_tag","embeddable":true,"href":"https:\/\/grandepremio.com\/es\/wp-json\/wp\/v2\/tags?post=22204"},{"taxonomy":"42wp_author","embeddable":true,"href":"https:\/\/grandepremio.com\/es\/wp-json\/wp\/v2\/42wp_author?post=22204"}],"curies":[{"name":"wp","href":"https:\/\/api.w.org\/{rel}","templated":true}]}}