{"id":22218,"date":"2022-07-30T04:45:00","date_gmt":"2022-07-30T07:45:00","guid":{"rendered":"https:\/\/grandepremio.com\/es\/2022\/07\/30\/norris-mclaren-hungria-fp2\/"},"modified":"2022-07-30T01:39:56","modified_gmt":"2022-07-30T04:39:56","slug":"norris-mclaren-hungria-fp2","status":"publish","type":"post","link":"https:\/\/grandepremio.com\/es\/f1\/norris-mclaren-hungria-fp2\/","title":{"rendered":"Norris elogia a McLaren en Hungr\u00eda, pero alerta: &#8220;Somos mejores en FP2 que el s\u00e1bado&#8221;"},"content":{"rendered":"\n<p class=\"wp-block-paragraph\">McLaren sorprendi\u00f3 el viernes desde Hungr\u00eda, con ambos coches entre los cinco primeros de los FP2. <a href=\"https:\/\/grandepremio.com\/es\/\/f1\/charles-leclerc-ferrari-hungria-formula-1\/\" target=\"_blank\" rel=\"noreferrer noopener\">Lando Norris fue segundo<\/a>, solo por detr\u00e1s de Charles Leclerc, pero no se fue tan emocionado. El ingl\u00e9s, por mucho que sepa tiene entre manos un coche r\u00e1pido, record\u00f3 que McLaren tiene un historial de ser m\u00e1s fuerte en los FP2 que en la definici\u00f3n de la parrilla.<\/p>\n\n\n\n<p class=\"wp-block-paragraph\">Norris elogi\u00f3 el rendimiento del coche y tambi\u00e9n indic\u00f3 que Hungaroring encaja bien con las caracter\u00edsticas del coche naranja. Pero prefiere calma antes que dise\u00f1ar cualquier otra cosa.<\/p>\n\n\n\n<p class=\"wp-block-paragraph\">\u201cParece que las cosas van bien. El coche funciona bien, parece haber coincidido un poco m\u00e1s con las caracter\u00edsticas de la pista. Pero tambi\u00e9n siempre somos m\u00e1s r\u00e1pidos en los FP2 que en la clasificaci\u00f3n\u201d, dijo.<\/p>\n\n\n\n<p class=\"wp-block-paragraph\"><strong>\u00a1Conoce el canal de Grande Pr\u00eamio en Espa\u00f1ol en\u00a0<a href=\"https:\/\/www.youtube.com\/channel\/UCDxWojGVUi9gWYhrY0pGbIQ\" target=\"_blank\" rel=\"noreferrer noopener\">YouTube<\/a>!<br>\u00a1Sigue a\u00a0Grande Pr\u00eamio en Espa\u00f1ol\u00a0en\u00a0<a href=\"https:\/\/twitter.com\/grandepremioES\" target=\"_blank\" rel=\"noreferrer noopener\">Twitter\u00a0<\/a>y en\u00a0<a href=\"https:\/\/www.instagram.com\/grandepremioes\/\" target=\"_blank\" rel=\"noreferrer noopener\">Instagram<\/a>!<\/strong><\/p>\n\n\n\n<figure class=\"wp-block-image size-large\"><img decoding=\"async\" src=\"https:\/\/www.grandepremio.com\/br\/wp-content\/uploads\/2022\/07\/mclaren-landonorris-02-afp-2-1024x575.jpg\" alt=\"\" class=\"wp-image-599457\"\/><figcaption>Lando Norris tuvo un gran rendimiento en el FP2 con McLaren en Hungr\u00eda (Foto: AFP)<\/figcaption><\/figure>\n\n\n\n<p class=\"wp-block-paragraph\">Un poco m\u00e1s emocionado, Lando record\u00f3 que comenz\u00f3 en la tercera fila en Paul Ricard y dijo que podr\u00eda llegar a\u00fan m\u00e1s adelante en Hungr\u00eda.<\/p>\n\n\n\n<p class=\"wp-block-paragraph\">\u201cSabemos que todos, especialmente Ferrari, Red Bull y Mercedes, suelen crecer para el s\u00e1bado. Creo que estamos bien, el coche est\u00e1 en condiciones razonables durante el fin de semana. Creo que un poco mejor de lo que est\u00e1bamos en Paul Ricard. No espero luchar por la pole, sino estar en mejor posici\u00f3n que en Francia\u201d, a\u00f1adi\u00f3.<\/p>\n\n\n\n<p class=\"wp-block-paragraph\">Norris ocupa el s\u00e9ptimo lugar esta temporada con 70 puntos, mientras que McLaren aparece quinto en el Mundial de Constructores con 89 tantos.<\/p>\n","protected":false},"excerpt":{"rendered":"<p>Lando Norris termin\u00f3 segundo el FP2 de Hungr\u00eda y ve a McLaren en condiciones de ponerse a punto en la clasificaci\u00f3n, pero sabe que el equipo no suele mantener el ritmo el s\u00e1bado<\/p>\n","protected":false},"author":0,"featured_media":1010077189,"comment_status":"closed","ping_status":"closed","sticky":false,"template":"","format":"standard","meta":{"42wp_featured_image_caption":"","42wp_featured_image_credits":"","42wp_featured_video":"","42wp_featured_image_hidden":false,"42wp_authors_list":[],"footnotes":""},"categories":[5],"tags":[3099,181,1495,179,421,378,380,268,269],"42wp_author":[14233],"class_list":["post-22218","post","type-post","status-publish","format-standard","has-post-thumbnail","hentry","category-f1","tag-budapest","tag-f1","tag-f1-2022","tag-formula-1","tag-gp-de-hungria","tag-hungaroring","tag-hungria","tag-lando-norris","tag-mclaren","42wp_author-eric-calduch"],"_links":{"self":[{"href":"https:\/\/grandepremio.com\/es\/wp-json\/wp\/v2\/posts\/22218","targetHints":{"allow":["GET"]}}],"collection":[{"href":"https:\/\/grandepremio.com\/es\/wp-json\/wp\/v2\/posts"}],"about":[{"href":"https:\/\/grandepremio.com\/es\/wp-json\/wp\/v2\/types\/post"}],"replies":[{"embeddable":true,"href":"https:\/\/grandepremio.com\/es\/wp-json\/wp\/v2\/comments?post=22218"}],"version-history":[{"count":0,"href":"https:\/\/grandepremio.com\/es\/wp-json\/wp\/v2\/posts\/22218\/revisions"}],"wp:featuredmedia":[{"embeddable":true,"href":"https:\/\/grandepremio.com\/es\/wp-json\/wp\/v2\/media\/1010077189"}],"wp:attachment":[{"href":"https:\/\/grandepremio.com\/es\/wp-json\/wp\/v2\/media?parent=22218"}],"wp:term":[{"taxonomy":"category","embeddable":true,"href":"https:\/\/grandepremio.com\/es\/wp-json\/wp\/v2\/categories?post=22218"},{"taxonomy":"post_tag","embeddable":true,"href":"https:\/\/grandepremio.com\/es\/wp-json\/wp\/v2\/tags?post=22218"},{"taxonomy":"42wp_author","embeddable":true,"href":"https:\/\/grandepremio.com\/es\/wp-json\/wp\/v2\/42wp_author?post=22218"}],"curies":[{"name":"wp","href":"https:\/\/api.w.org\/{rel}","templated":true}]}}