{"id":22221,"date":"2022-07-30T04:00:00","date_gmt":"2022-07-30T07:00:00","guid":{"rendered":"https:\/\/grandepremio.com\/es\/2022\/07\/30\/vettel-ritmo-aston-martin-hungria\/"},"modified":"2022-07-30T00:23:50","modified_gmt":"2022-07-30T03:23:50","slug":"vettel-ritmo-aston-martin-hungria","status":"publish","type":"post","link":"https:\/\/grandepremio.com\/es\/f1\/vettel-ritmo-aston-martin-hungria\/","title":{"rendered":"Vettel elogia ritmo de Aston Martin en Hungr\u00eda, pero admite: &#8220;Coche dif\u00edcil de pilotar&#8221;"},"content":{"rendered":"\n<p class=\"wp-block-paragraph\">La gran estrella del fin de semana de F\u00f3rmula 1 en Hungr\u00eda es, sin duda, Sebastian Vettel. El tetracampe\u00f3n del mundo acapar\u00f3 todo el protagonismo al anunciar que dejar\u00e1 la categor\u00eda al final de la temporada -dentro de las pistas, sin embargo, Aston Martin sigue sin llamar la atenci\u00f3n. El alem\u00e1n incluso logr\u00f3 entrar en el Top 10 y <a href=\"https:\/\/grandepremio.com\/es\/\/f1\/charles-leclerc-ferrari-hungria-formula-1\/\" target=\"_blank\" rel=\"noreferrer noopener\">cerr\u00f3 los FP2 de Hungaroring en el s\u00e9ptimo lugar<\/a>, pero admiti\u00f3 que todav\u00eda tiene dificultades para conducir el AMR22.<\/p>\n\n\n\n<p class=\"wp-block-paragraph\">\u201cA primera vista, nuestro ritmo de hoy se sinti\u00f3 bastante bueno: nuestras tandas largas fueron bastante competitivas y creo que hicimos un trabajo s\u00f3lido como equipo\u201d, dijo el campe\u00f3n de 2010, 2011, 2012 y 2013. \u201cPero el coche sigue siendo muy dif\u00edcil de pilotar\u201d, reconoci\u00f3.<\/p>\n\n\n\n<p class=\"wp-block-paragraph\">Vettel registr\u00f3 un 1min20s383 en su mejor vuelta en la primera sesi\u00f3n de libres, lo que le vali\u00f3 el 11\u00ba puesto, un lugar y 0s034 por delante de su compa\u00f1ero de equipo Lance Stroll. En la segunda sesi\u00f3n del d\u00eda, el alem\u00e1n cerr\u00f3 un 1min19s253 en s\u00e9ptima posici\u00f3n, siete posiciones por delante del canadiense y dejando atr\u00e1s a los dos Mercedes, adem\u00e1s de los dos Alfa Romeo y el Alpine de Esteban Ocon.<\/p>\n\n\n\n<p class=\"wp-block-paragraph\"><strong>\u00a1Conoce el canal de Grande Pr\u00eamio en Espa\u00f1ol en\u00a0<a href=\"https:\/\/www.youtube.com\/channel\/UCDxWojGVUi9gWYhrY0pGbIQ\" target=\"_blank\" rel=\"noreferrer noopener\">YouTube<\/a>!<br>\u00a1Sigue a\u00a0Grande Pr\u00eamio en Espa\u00f1ol\u00a0en\u00a0<a href=\"https:\/\/twitter.com\/grandepremioES\" target=\"_blank\" rel=\"noreferrer noopener\">Twitter\u00a0<\/a>y en\u00a0<a href=\"https:\/\/www.instagram.com\/grandepremioes\/\" target=\"_blank\" rel=\"noreferrer noopener\">Instagram<\/a>!<\/strong><\/p>\n\n\n\n<figure class=\"wp-block-image size-large\"><img decoding=\"async\" src=\"https:\/\/www.grandepremio.com\/br\/wp-content\/uploads\/2022\/07\/astonmartin-sebastianvettel-02-11-1024x683.jpg\" alt=\"\" class=\"wp-image-599429\"\/><figcaption>Vettel dijo que apoyar\u00e1 la presencia de la lluvia en el Hungaroring (Foto: Aston Martin)<\/figcaption><\/figure>\n\n\n\n<p class=\"wp-block-paragraph\">A pesar de la buena posici\u00f3n, Vettel es consciente de que los entrenamientos libres han representado poco para Aston Martin respecto a los s\u00e1bados, que han sido la verdadera debilidad del equipo en 2022. El alem\u00e1n admiti\u00f3 la dificultad del equipo brit\u00e1nico en el ritmo de clasificaci\u00f3n y dijo esperar que la previsi\u00f3n de lluvia porque el fin de semana en realidad se agitar\u00eda, barajando la parrilla y posiblemente brindando la oportunidad de ser m\u00e1s competitivo.<\/p>\n\n\n\n<p class=\"wp-block-paragraph\">\u201c\u00daltimamente, hemos tenido problemas en la clasificaci\u00f3n en pista seca. As\u00ed que soy optimista de que la fuerte lluvia que se espera para ma\u00f1ana podr\u00eda brindarnos una oportunidad\u201d, explic\u00f3. &#8220;Me encanta pilotar en este circuito y realmente espero que el clima no nos impida ofrecer un gran espect\u00e1culo para los aficionados ma\u00f1ana&#8221;, concluy\u00f3.<\/p>\n","protected":false},"excerpt":{"rendered":"<p>En el primer d\u00eda de actividades tras anunciar que dejar\u00e1 la F\u00f3rmula 1, Sebastian Vettel dijo que esperaba que lloviera y se debat\u00eda entre el buen ritmo de Aston Martin y la dificultad de conducir el monoplaza.<\/p>\n","protected":false},"author":0,"featured_media":1010077170,"comment_status":"closed","ping_status":"closed","sticky":false,"template":"","format":"standard","meta":{"42wp_featured_image_caption":"","42wp_featured_image_credits":"","42wp_featured_video":"","42wp_featured_image_hidden":false,"42wp_authors_list":[],"footnotes":""},"categories":[5],"tags":[209,3099,181,1495,179,421,378,380,208],"42wp_author":[14233],"class_list":["post-22221","post","type-post","status-publish","format-standard","has-post-thumbnail","hentry","category-f1","tag-aston-martin","tag-budapest","tag-f1","tag-f1-2022","tag-formula-1","tag-gp-de-hungria","tag-hungaroring","tag-hungria","tag-sebastian-vettel","42wp_author-eric-calduch"],"_links":{"self":[{"href":"https:\/\/grandepremio.com\/es\/wp-json\/wp\/v2\/posts\/22221","targetHints":{"allow":["GET"]}}],"collection":[{"href":"https:\/\/grandepremio.com\/es\/wp-json\/wp\/v2\/posts"}],"about":[{"href":"https:\/\/grandepremio.com\/es\/wp-json\/wp\/v2\/types\/post"}],"replies":[{"embeddable":true,"href":"https:\/\/grandepremio.com\/es\/wp-json\/wp\/v2\/comments?post=22221"}],"version-history":[{"count":0,"href":"https:\/\/grandepremio.com\/es\/wp-json\/wp\/v2\/posts\/22221\/revisions"}],"wp:featuredmedia":[{"embeddable":true,"href":"https:\/\/grandepremio.com\/es\/wp-json\/wp\/v2\/media\/1010077170"}],"wp:attachment":[{"href":"https:\/\/grandepremio.com\/es\/wp-json\/wp\/v2\/media?parent=22221"}],"wp:term":[{"taxonomy":"category","embeddable":true,"href":"https:\/\/grandepremio.com\/es\/wp-json\/wp\/v2\/categories?post=22221"},{"taxonomy":"post_tag","embeddable":true,"href":"https:\/\/grandepremio.com\/es\/wp-json\/wp\/v2\/tags?post=22221"},{"taxonomy":"42wp_author","embeddable":true,"href":"https:\/\/grandepremio.com\/es\/wp-json\/wp\/v2\/42wp_author?post=22221"}],"curies":[{"name":"wp","href":"https:\/\/api.w.org\/{rel}","templated":true}]}}