{"id":22236,"date":"2022-07-29T12:38:56","date_gmt":"2022-07-29T15:38:56","guid":{"rendered":"https:\/\/grandepremio.com\/es\/2022\/07\/29\/jos-verstappen-mundial-rallyes-belgica\/"},"modified":"2022-07-29T12:39:30","modified_gmt":"2022-07-29T15:39:30","slug":"jos-verstappen-mundial-rallyes-belgica","status":"publish","type":"post","link":"https:\/\/grandepremio.com\/es\/rally\/jos-verstappen-mundial-rallyes-belgica\/","title":{"rendered":"Jos Verstappen debutar\u00e1 en el Mundial de Rallyes durante el Rally de B\u00e9lgica"},"content":{"rendered":"\n<p class=\"wp-block-paragraph\">El ex piloto de F\u00f3rmula 1, Jos Verstappen est\u00e1 inscrito para el Rally de B\u00e9lgica, la novena prueba de la temporada 2022 del <a href=\"https:\/\/grandepremio.com\/es\/\/categoria\/rally\/\" target=\"_blank\" rel=\"noreferrer noopener\">WRC<\/a>, que se disputar\u00e1 entre el 18 y el 21 de agosto en Ypres.<\/p>\n\n\n\n<p class=\"wp-block-paragraph\">Ser\u00e1 el mayor desaf\u00edo para Jos en su carrera de Rally, ya que el holand\u00e9s competir\u00e1 en la categor\u00eda Rally2, en una lista de 88 coches que participar\u00e1n en el evento. A pesar de esto, Verstappen est\u00e1 familiarizado con la categor\u00eda despu\u00e9s de apariciones en escenarios similares en 2022.<\/p>\n\n\n\n<p class=\"wp-block-paragraph\">El piloto de 50 a\u00f1os tendr\u00e1 como compa\u00f1ero a su compatriota Harm van Koppen. Verstappen ha tenido una aparici\u00f3n bastante regular en la escena de los rallies belgas este a\u00f1o. Conduciendo un C3 Rally2, su mejor resultado fue un segundo puesto en el Rally Station Le Seau Monteburg, en mayo.<\/p>\n\n\n\n<p class=\"wp-block-paragraph\"><strong><strong>\u00a1Conoce el canal de Grande Pr\u00eamio en Espa\u00f1ol en\u00a0<a href=\"https:\/\/www.youtube.com\/channel\/UCDxWojGVUi9gWYhrY0pGbIQ\" target=\"_blank\" rel=\"noreferrer noopener\">YouTube<\/a>!<br>\u00a1Sigue a\u00a0Grande Pr\u00eamio en Espa\u00f1ol\u00a0en\u00a0<a href=\"https:\/\/twitter.com\/grandepremioES\" target=\"_blank\" rel=\"noreferrer noopener\">Twitter\u00a0<\/a>y en\u00a0<a href=\"https:\/\/www.instagram.com\/grandepremioes\/\" target=\"_blank\" rel=\"noreferrer noopener\">Instagram<\/a>!<\/strong><\/strong><\/p>\n\n\n\n<figure class=\"wp-block-image size-full is-resized\"><img loading=\"lazy\" decoding=\"async\" src=\"https:\/\/www.grandepremio.com\/br\/wp-content\/uploads\/2022\/02\/JosVerstappen.jpg\" alt=\"\" class=\"wp-image-538853\" width=\"840\" height=\"559\"\/><figcaption>Jos Verstappen entr\u00f3 en el mundo del off-road en 2022 (Foto: Frits van Eldik\/verstappen.com)<\/figcaption><\/figure>\n\n\n\n<p class=\"wp-block-paragraph\">La inclusi\u00f3n del padre del actual campe\u00f3n del mundo de F\u00f3rmula 1, Max Verstappen, se produce poco menos de seis meses despu\u00e9s de su debut en el Campeonato de B\u00e9lgica de Rallyes con Citro\u00ebn el pasado mes de febrero.<\/p>\n\n\n\n<p class=\"wp-block-paragraph\">Otros resultados del holand\u00e9s fueron un octavo puesto en van Haspengouw ,en febrero, una retirada en el sur de B\u00e9lgica en marzo y un accidente en van Wervik, en junio.<\/p>\n\n\n\n<p class=\"wp-block-paragraph\">En Rally2, hay dos equipos franceses que utilizan el C3: PH Sport y Saint\u00e9loc, que es un equipo junior. Sin embargo, no hay confirmaci\u00f3n de si Verstappen conducir\u00e1 para PH o para un equipo spot.<\/p>\n\n\n\n<p class=\"wp-block-paragraph\">Antes de la prueba de B\u00e9lgica, el WRC disputar\u00e1 la prueba de Finlandia, en la ciudad de Jyv\u00e4skyl\u00e4, entre el 4 y el 7 de agosto. Jos Verstappen tiene 106 apariciones en F\u00f3rmula 1 y ha corrido para Benetton, Simtek, Footwork, Tyrrell, Stewart, Arrows y Minardi en su carrera.<\/p>\n","protected":false},"excerpt":{"rendered":"<p>El padre de Max Verstappen dio un nuevo paso en el mundo del off-road al ser confirmado para la prueba del WRC en agosto, en Ypres, B\u00e9lgica.<\/p>\n","protected":false},"author":0,"featured_media":1010077089,"comment_status":"closed","ping_status":"closed","sticky":false,"template":"","format":"standard","meta":{"42wp_featured_image_caption":"","42wp_featured_image_credits":"","42wp_featured_video":"","42wp_featured_image_hidden":false,"42wp_authors_list":[],"footnotes":""},"categories":[9],"tags":[1622,3121,181,179,823,1746,452,1537,1226,2577,3120],"42wp_author":[14233],"class_list":["post-22236","post","type-post","status-publish","format-standard","has-post-thumbnail","hentry","category-rally","tag-belgica","tag-citroen","tag-f1","tag-formula-1","tag-jos-verstappen","tag-mundial-de-rallyes","tag-rally","tag-rally-de-belgica","tag-wrc","tag-wrc-2022","tag-ypres","42wp_author-eric-calduch"],"_links":{"self":[{"href":"https:\/\/grandepremio.com\/es\/wp-json\/wp\/v2\/posts\/22236","targetHints":{"allow":["GET"]}}],"collection":[{"href":"https:\/\/grandepremio.com\/es\/wp-json\/wp\/v2\/posts"}],"about":[{"href":"https:\/\/grandepremio.com\/es\/wp-json\/wp\/v2\/types\/post"}],"replies":[{"embeddable":true,"href":"https:\/\/grandepremio.com\/es\/wp-json\/wp\/v2\/comments?post=22236"}],"version-history":[{"count":0,"href":"https:\/\/grandepremio.com\/es\/wp-json\/wp\/v2\/posts\/22236\/revisions"}],"wp:featuredmedia":[{"embeddable":true,"href":"https:\/\/grandepremio.com\/es\/wp-json\/wp\/v2\/media\/1010077089"}],"wp:attachment":[{"href":"https:\/\/grandepremio.com\/es\/wp-json\/wp\/v2\/media?parent=22236"}],"wp:term":[{"taxonomy":"category","embeddable":true,"href":"https:\/\/grandepremio.com\/es\/wp-json\/wp\/v2\/categories?post=22236"},{"taxonomy":"post_tag","embeddable":true,"href":"https:\/\/grandepremio.com\/es\/wp-json\/wp\/v2\/tags?post=22236"},{"taxonomy":"42wp_author","embeddable":true,"href":"https:\/\/grandepremio.com\/es\/wp-json\/wp\/v2\/42wp_author?post=22236"}],"curies":[{"name":"wp","href":"https:\/\/api.w.org\/{rel}","templated":true}]}}