{"id":22241,"date":"2022-07-29T09:57:55","date_gmt":"2022-07-29T12:57:55","guid":{"rendered":"https:\/\/grandepremio.com\/es\/2022\/07\/29\/leclerc-mensaje-vettel-accidente-francia\/"},"modified":"2022-07-29T09:57:58","modified_gmt":"2022-07-29T12:57:58","slug":"leclerc-mensaje-vettel-accidente-francia","status":"publish","type":"post","link":"https:\/\/grandepremio.com\/es\/f1\/leclerc-mensaje-vettel-accidente-francia\/","title":{"rendered":"Leclerc revela mensaje de &#8220;amigo&#8221; Vettel tras accidente en Francia: &#8220;Me hizo sentir mejor&#8221;"},"content":{"rendered":"\n<p class=\"wp-block-paragraph\">Sin duda, Sebastian Vettel dejar\u00e1 huella en la F\u00f3rmula 1 no solo por sus logros en la pista, sino tambi\u00e9n en la relaci\u00f3n con sus compa\u00f1eros de profesi\u00f3n, como bien recordaba Charles Leclerc. Para la revista Autosport, el monegasco de Ferrari revel\u00f3 que recibi\u00f3 un mensaje del tetracampe\u00f3n tras el abandono en el GP de Francia y dijo que es algo com\u00fan, ya que Vettel &#8220;siempre trata de hacerlo sentir mejor&#8221;.<\/p>\n\n\n\n<p class=\"wp-block-paragraph\">El accidente de la vuelta 18 se produjo por un error de Leclerc en la curva 11 del circuito de Paul Ricard. Iba en cabeza cuando perdi\u00f3 el control del coche y acab\u00f3 en la protecci\u00f3n de neum\u00e1ticos. Casualmente, algo muy similar sucedi\u00f3 con el propio Vettel en 2018, en el GP de Alemania \u2014 el alem\u00e1n se estrell\u00f3 cuando lideraba y abri\u00f3 el camino para que ganara Lewis Hamilton, quien tomar\u00eda la delantera en el campeonato hasta vencerlo.<\/p>\n\n\n\n<p class=\"wp-block-paragraph\"><strong>\u00a1Conoce el canal de Grande Pr\u00eamio en Espa\u00f1ol en\u00a0<a href=\"https:\/\/www.youtube.com\/channel\/UCDxWojGVUi9gWYhrY0pGbIQ\" target=\"_blank\" rel=\"noreferrer noopener\">YouTube<\/a>!<br>\u00a1Sigue a\u00a0Grande Pr\u00eamio en Espa\u00f1ol\u00a0en\u00a0<a href=\"https:\/\/twitter.com\/grandepremioES\" target=\"_blank\" rel=\"noreferrer noopener\">Twitter\u00a0<\/a>y en\u00a0<a href=\"https:\/\/www.instagram.com\/grandepremioes\/\" target=\"_blank\" rel=\"noreferrer noopener\">Instagram<\/a>!<\/strong><\/p>\n\n\n\n<figure class=\"wp-block-image size-large\"><img decoding=\"async\" src=\"https:\/\/www.grandepremio.com\/br\/wp-content\/uploads\/2020\/07\/20002-styrian-gp-preview-1024x683.jpg\" alt=\"Sebastian Vettel e Charles Leclerc\" class=\"wp-image-393874\"\/><figcaption>Sebastian Vettel y Charles Leclerc durante la temporada 2020 (Foto: Scuderia Ferrari)<\/figcaption><\/figure>\n\n\n\n<p class=\"wp-block-paragraph\">&#8220;Son muchos momentos, pero definitivamente no es uno en la pista&#8221;, dijo Leclerc cuando se le pregunt\u00f3 sobre los recuerdos favoritos de Vettel. \u201cTodos los momentos en la f\u00e1brica y la forma en que nuestra relaci\u00f3n ha evolucionado a lo largo de los a\u00f1os, cuando llegu\u00e9 a mi primer a\u00f1o [en Ferrari] y me qued\u00e9 impresionado\u201d, afirm\u00f3.<\/p>\n\n\n\n<p class=\"wp-block-paragraph\">Vettel y Leclerc fueron compa\u00f1eros de equipo en Ferrari durante dos temporadas, 2019 y 2020. Junto al cuatro veces campe\u00f3n, llev\u00f3 a Ferrari al cuarto lugar en el primer a\u00f1o, el mejor resultado de la pareja en el Mundial de Constructores.<\/p>\n\n\n\n<p class=\"wp-block-paragraph\">\u201cCreo que pens\u00f3 que yo era raro porque era t\u00edmido y no sab\u00eda qu\u00e9 decir cuando estaba con \u00e9l. Pero es un amigo y siempre me manda mensajes, como lo hizo despu\u00e9s del domingo\u201d, revel\u00f3 el piloto sobre la \u00faltima carrera.<\/p>\n\n\n\n<p class=\"wp-block-paragraph\">\u201c\u00c9l siempre trata de hacerme sentir mejor cuando estoy pasando por un momento dif\u00edcil. As\u00ed que es bueno ver cu\u00e1nto he crecido desde que lo conoc\u00ed\u201d, dijo.<\/p>\n\n\n\n<p class=\"wp-block-paragraph\">Vettel anunci\u00f3 el jueves, a los 35 a\u00f1os,<a href=\"https:\/\/grandepremio.com\/es\/\/f1\/vettel-dejar-formula-1-retirada-2022-1\/\" target=\"_blank\" rel=\"noreferrer noopener\"> que terminar\u00e1 su carrera en el Mundial al final de la temporada 2022.<\/a> La semana pasada, el tetracampe\u00f3n hab\u00eda expresado su inter\u00e9s en renovar su relaci\u00f3n con Aston Martin, pero explic\u00f3 que quiere pasar m\u00e1s tiempo con su familia.<\/p>\n","protected":false},"excerpt":{"rendered":"<p>Charles Leclerc corri\u00f3 con Sebastian Vettel durante dos temporadas en Ferrari y dijo que los mejores recuerdos que tiene son por lo que el alem\u00e1n suele hacer fuera de la pista.<\/p>\n","protected":false},"author":0,"featured_media":1010077058,"comment_status":"closed","ping_status":"closed","sticky":false,"template":"","format":"standard","meta":{"42wp_featured_image_caption":"","42wp_featured_image_credits":"","42wp_featured_video":"","42wp_featured_image_hidden":false,"42wp_authors_list":[],"footnotes":""},"categories":[5],"tags":[364,209,3099,247,181,1495,185,179,1428,421,380,208],"42wp_author":[14233],"class_list":["post-22241","post","type-post","status-publish","format-standard","has-post-thumbnail","hentry","category-f1","tag-accidente","tag-aston-martin","tag-budapest","tag-charles-leclerc","tag-f1","tag-f1-2022","tag-ferrari","tag-formula-1","tag-gp-de-francia","tag-gp-de-hungria","tag-hungria","tag-sebastian-vettel","42wp_author-eric-calduch"],"_links":{"self":[{"href":"https:\/\/grandepremio.com\/es\/wp-json\/wp\/v2\/posts\/22241","targetHints":{"allow":["GET"]}}],"collection":[{"href":"https:\/\/grandepremio.com\/es\/wp-json\/wp\/v2\/posts"}],"about":[{"href":"https:\/\/grandepremio.com\/es\/wp-json\/wp\/v2\/types\/post"}],"replies":[{"embeddable":true,"href":"https:\/\/grandepremio.com\/es\/wp-json\/wp\/v2\/comments?post=22241"}],"version-history":[{"count":0,"href":"https:\/\/grandepremio.com\/es\/wp-json\/wp\/v2\/posts\/22241\/revisions"}],"wp:featuredmedia":[{"embeddable":true,"href":"https:\/\/grandepremio.com\/es\/wp-json\/wp\/v2\/media\/1010077058"}],"wp:attachment":[{"href":"https:\/\/grandepremio.com\/es\/wp-json\/wp\/v2\/media?parent=22241"}],"wp:term":[{"taxonomy":"category","embeddable":true,"href":"https:\/\/grandepremio.com\/es\/wp-json\/wp\/v2\/categories?post=22241"},{"taxonomy":"post_tag","embeddable":true,"href":"https:\/\/grandepremio.com\/es\/wp-json\/wp\/v2\/tags?post=22241"},{"taxonomy":"42wp_author","embeddable":true,"href":"https:\/\/grandepremio.com\/es\/wp-json\/wp\/v2\/42wp_author?post=22241"}],"curies":[{"name":"wp","href":"https:\/\/api.w.org\/{rel}","templated":true}]}}