{"id":22244,"date":"2022-07-29T04:00:00","date_gmt":"2022-07-29T07:00:00","guid":{"rendered":"https:\/\/grandepremio.com\/es\/2022\/07\/29\/fernando-alonso-extranaran-vettel-f1\/"},"modified":"2022-07-28T17:10:55","modified_gmt":"2022-07-28T20:10:55","slug":"fernando-alonso-extranaran-vettel-f1","status":"publish","type":"post","link":"https:\/\/grandepremio.com\/es\/f1\/fernando-alonso-extranaran-vettel-f1\/","title":{"rendered":"Alonso dice que &#8220;extra\u00f1ar\u00e1n&#8221; a Vettel en la F\u00f3rmula 1: &#8220;Hombre de grandes valores&#8221;"},"content":{"rendered":"\n<p class=\"wp-block-paragraph\">El bicampe\u00f3n del mundo Fernando Alonso tiene un contrato que expira con Alpine, y a\u00fan no sabe si seguir\u00e1 en el equipo en 2023. A sus 41 a\u00f1os, el espa\u00f1ol ha subrayado que quiere seguir en la escuder\u00eda de Enstone el pr\u00f3ximo a\u00f1o junto al franc\u00e9s Esteban Ocon.<\/p>\n\n\n\n<p class=\"wp-block-paragraph\">En la rueda de prensa del GP de Hungr\u00eda, Fernando mencion\u00f3 que la negociaci\u00f3n deber\u00eda pasar por una &#8220;videollamada&#8221;, ya que la F\u00f3rmula 1 entrar\u00e1 en el famoso periodo de vacaciones de verano europeo despu\u00e9s de la carrera de Hungaroring, y s\u00f3lo volver\u00e1 el 28 de agosto. Sin embargo, subray\u00f3 que quiere quedarse.<\/p>\n\n\n\n<p class=\"wp-block-paragraph\">&#8220;Quiero quedarme aqu\u00ed. Estar\u00e9 de vacaciones, los jefes tambi\u00e9n, as\u00ed que necesitaremos algunas videollamadas o cosas as\u00ed. Pero cuando las dos partes se ponen de acuerdo, tardan 10 minutos. Cuando los dos se pelean para ponerse de acuerdo en algo, una de las partes no est\u00e1 contenta, as\u00ed que tardar\u00e1 m\u00e1s de 10 minutos con lo que est\u00e9 hablando&#8221;, coment\u00f3 el espa\u00f1ol.<\/p>\n\n\n\n<p class=\"wp-block-paragraph\"><strong><strong>\u00a1Conoce el canal de Grande Pr\u00eamio en Espa\u00f1ol en\u00a0<a href=\"https:\/\/www.youtube.com\/channel\/UCDxWojGVUi9gWYhrY0pGbIQ\" target=\"_blank\" rel=\"noreferrer noopener\">YouTube<\/a>!<br>\u00a1Sigue a\u00a0Grande Pr\u00eamio en Espa\u00f1ol\u00a0en\u00a0<a href=\"https:\/\/twitter.com\/grandepremioES\" target=\"_blank\" rel=\"noreferrer noopener\">Twitter\u00a0<\/a>y en\u00a0<a href=\"https:\/\/www.instagram.com\/grandepremioes\/\" target=\"_blank\" rel=\"noreferrer noopener\">Instagram<\/a>!<\/strong><\/strong><\/p>\n\n\n\n<figure class=\"wp-block-image size-large\"><img decoding=\"async\" src=\"https:\/\/www.grandepremio.com\/br\/wp-content\/uploads\/2022\/07\/astonmartin-sebastianvettel-01-12-1024x683.jpg\" alt=\"\" class=\"wp-image-597592\"\/><figcaption>Sebastian Vettel dejar\u00e1 la F1 (Foto: Aston Martin)<\/figcaption><\/figure>\n\n\n\n<p class=\"wp-block-paragraph\">Alonso ha vuelto a la parrilla de la F\u00f3rmula 1 de la mano de Alpine en 2021 despu\u00e9s de dos temporadas de ausencia en el Mundial tras su paso por McLaren. El espa\u00f1ol ha puntuado en las \u00faltimas siete carreras, y tiene un quinto puesto en Inglaterra como su mejor resultado de este a\u00f1o.<\/p>\n\n\n\n<p class=\"wp-block-paragraph\">&#8220;Mi prioridad es estar con Alpine porque llevamos dos a\u00f1os trabajando y desarrollando este proyecto. Cada vez somos m\u00e1s competitivos y mi deseo es quedarme. Pero no nos hemos sentado a hablar y avanzar, as\u00ed que todo sigue su curso&#8221;, sigui\u00f3.<\/p>\n\n\n\n<p class=\"wp-block-paragraph\"><strong>VER TAMBI\u00c9N<br><a href=\"https:\/\/grandepremio.com\/es\/\/f1\/alpine-permanencia-alonso-ceder-piastri-2023\/\">Alpine se\u00f1ala permanencia de Alonso y se plantea ceder a Piastri en 2023<\/a><br><a href=\"https:\/\/grandepremio.com\/es\/\/f1\/hamilton-vettel-deja-deporte-mejor\/\">Hamilton declara su amor y dice que Vettel \u00abdeja el deporte mejor de lo que lo encontr\u00f3\u00bb<\/a><br><a href=\"https:\/\/grandepremio.com\/es\/\/f1\/mick-schumacher-sebastian-vettel-inspiracion\/\">Schumacher agradece a Vettel su \u00abinspiraci\u00f3n\u00bb y \u00abespera con ilusi\u00f3n\u00bb sus \u00faltimas carreras<\/a><br><a href=\"https:\/\/grandepremio.com\/es\/\/f1\/lance-stroll-divertido-trabajar-sebastian-vettel-f1\/\">Stroll ensalza al \u00abgran compa\u00f1ero\u00bb y dice que es \u00abdivertido\u00bb trabajar con Vettel en la F1<\/a><\/strong><\/p>\n\n\n\n<p class=\"wp-block-paragraph\">Alonso tambi\u00e9n habl\u00f3 sobre el anuncio de la retirada de Sebastian Vettel. El espa\u00f1ol fue uno de los grandes rivales de la carrera del alem\u00e1n, siendo subcampe\u00f3n en tres de los cuatro t\u00edtulos ganados por Vettel. Fernando mostr\u00f3 su respeto y dijo que le echar\u00e1 de menos.<\/p>\n\n\n\n<p class=\"wp-block-paragraph\">&#8221; Lo extra\u00f1aremos despu\u00e9s de tanto tiempo en la pista, con buenas peleas. En todos sus t\u00edtulos, yo estaba all\u00ed de alguna manera. Es un gran campe\u00f3n, un gran hombre con valores muy fuertes, una hermosa familia y probablemente la decisi\u00f3n sea eso: la familia. Le deseo lo mejor y espero que se quede en el paddock&#8221;, a\u00f1adi\u00f3.<\/p>\n","protected":false},"excerpt":{"rendered":"<p>Fernando Alonso ha dicho que la ausencia de Sebastian Vettel en la F\u00f3rmula 1 se notar\u00e1, y ha predicado su deseo de seguir en Alpine en 2023.<\/p>\n","protected":false},"author":0,"featured_media":1010077049,"comment_status":"closed","ping_status":"closed","sticky":false,"template":"","format":"standard","meta":{"42wp_featured_image_caption":"","42wp_featured_image_credits":"","42wp_featured_video":"","42wp_featured_image_hidden":false,"42wp_authors_list":[],"footnotes":""},"categories":[5],"tags":[209,181,1495,184,179,421,1488,2237,378,3113,208],"42wp_author":[14234],"class_list":["post-22244","post","type-post","status-publish","format-standard","has-post-thumbnail","hentry","category-f1","tag-aston-martin","tag-f1","tag-f1-2022","tag-fernando-alonso","tag-formula-1","tag-gp-de-hungria","tag-grande-premio","tag-grandepremio","tag-hungaroring","tag-retiro-vettel","tag-sebastian-vettel","42wp_author-douglas-rocha"],"_links":{"self":[{"href":"https:\/\/grandepremio.com\/es\/wp-json\/wp\/v2\/posts\/22244","targetHints":{"allow":["GET"]}}],"collection":[{"href":"https:\/\/grandepremio.com\/es\/wp-json\/wp\/v2\/posts"}],"about":[{"href":"https:\/\/grandepremio.com\/es\/wp-json\/wp\/v2\/types\/post"}],"replies":[{"embeddable":true,"href":"https:\/\/grandepremio.com\/es\/wp-json\/wp\/v2\/comments?post=22244"}],"version-history":[{"count":0,"href":"https:\/\/grandepremio.com\/es\/wp-json\/wp\/v2\/posts\/22244\/revisions"}],"wp:featuredmedia":[{"embeddable":true,"href":"https:\/\/grandepremio.com\/es\/wp-json\/wp\/v2\/media\/1010077049"}],"wp:attachment":[{"href":"https:\/\/grandepremio.com\/es\/wp-json\/wp\/v2\/media?parent=22244"}],"wp:term":[{"taxonomy":"category","embeddable":true,"href":"https:\/\/grandepremio.com\/es\/wp-json\/wp\/v2\/categories?post=22244"},{"taxonomy":"post_tag","embeddable":true,"href":"https:\/\/grandepremio.com\/es\/wp-json\/wp\/v2\/tags?post=22244"},{"taxonomy":"42wp_author","embeddable":true,"href":"https:\/\/grandepremio.com\/es\/wp-json\/wp\/v2\/42wp_author?post=22244"}],"curies":[{"name":"wp","href":"https:\/\/api.w.org\/{rel}","templated":true}]}}