{"id":22294,"date":"2022-07-24T16:29:40","date_gmt":"2022-07-24T19:29:40","guid":{"rendered":"https:\/\/grandepremio.com\/es\/2022\/07\/24\/norris-ricciardo-alpine-rapido-francia\/"},"modified":"2022-07-24T16:29:42","modified_gmt":"2022-07-24T19:29:42","slug":"norris-ricciardo-alpine-rapido-francia","status":"publish","type":"post","link":"https:\/\/grandepremio.com\/es\/f1\/norris-ricciardo-alpine-rapido-francia\/","title":{"rendered":"Norris y Ricciardo reconocen un Alpine \u201cun poco m\u00e1s r\u00e1pido\u201d que McLaren en Francia"},"content":{"rendered":"\n<p class=\"wp-block-paragraph\">Lando Norris parti\u00f3 quinto y cruz\u00f3 la l\u00ednea de meta en el <a href=\"https:\/\/grandepremio.com\/es\/\/f1\/max-verstappen-lewis-hamilton-charles-leclerc-francia-formula-1\/\" target=\"_blank\" rel=\"noreferrer noopener\">GP de Francia este domingo<\/a>, ganado por Max Verstappen, s\u00e9ptimo. Pero el brit\u00e1nico sab\u00eda que ser\u00eda dif\u00edcil mantener a George Russell, inmediatamente detr\u00e1s. Lo que quiz\u00e1s no esperaba el piloto de McLaren era ver a Alpine con un ritmo notablemente superior en Paul Ricard -Fernando Alonso tambi\u00e9n finalizaba la carrera por delante, en 6\u00aa posici\u00f3n.<\/p>\n\n\n\n<p class=\"wp-block-paragraph\">A\u00fan as\u00ed, Norris dijo estar satisfecho con el trabajo realizado por el MCL36 en Le Castellet. A\u00fan con la &#8220;ilusi\u00f3n&#8221; de alcanzar al bicampe\u00f3n del mundo, el piloto de McLaren elogi\u00f3 el &#8220;paso adelante&#8221; que ha dado la escuder\u00eda de Woking en Francia.<\/p>\n\n\n\n<p class=\"wp-block-paragraph\"><strong>\u00a1Conoce el canal de Grande Pr\u00eamio en Espa\u00f1ol en\u00a0<a href=\"https:\/\/www.youtube.com\/channel\/UCDxWojGVUi9gWYhrY0pGbIQ\" target=\"_blank\" rel=\"noreferrer noopener\">YouTube<\/a>!<br>\u00a1Sigue a\u00a0Grande Pr\u00eamio en Espa\u00f1ol\u00a0en\u00a0<a href=\"https:\/\/twitter.com\/grandepremioES\" target=\"_blank\" rel=\"noreferrer noopener\">Twitter\u00a0<\/a>y en\u00a0<a href=\"https:\/\/www.instagram.com\/grandepremioes\/\" target=\"_blank\" rel=\"noreferrer noopener\">Instagram<\/a>!<\/strong><\/p>\n\n\n\n<figure class=\"wp-block-image size-full\"><img decoding=\"async\" src=\"https:\/\/www.grandepremio.com\/br\/wp-content\/uploads\/2022\/07\/mclaren-landonorris-03-1.jpg\" alt=\"\" class=\"wp-image-598150\"\/><figcaption>Lando Norris termin\u00f3 s\u00e9ptimo en Paul Ricard (Foto: McLaren)<\/figcaption><\/figure>\n\n\n\n<p class=\"wp-block-paragraph\">\u201cQuer\u00eda creer que ten\u00edamos ritmo para competir con Fernando (Alonso). Hemos subido las expectativas despu\u00e9s de ayer. Estoy contento con el trabajo que hicimos. Hemos dado un paso adelante, pero no tanto, podemos aprender de eso. Tuvimos muchos problemas con las salidas este a\u00f1o, pero no afect\u00f3 nuestra carrera de hoy&#8221;, reconoci\u00f3 Norris.<\/p>\n\n\n\n<p class=\"wp-block-paragraph\">La F\u00f3rmula 1 vuelve el pr\u00f3ximo fin de semana, entre el 29 y el 31 de julio, en Hungaroring, con el GP de Hungr\u00eda -que cierra la primera parte del campeonato.<\/p>\n\n\n\n<h3 class=\"wp-block-heading\">Ricciardo lamenta &#8220;defender en lugar de atacar&#8221; y dice que los puntos no lo dejan &#8220;muy satisfecho&#8221;<\/h3>\n\n\n\n<p class=\"wp-block-paragraph\">Daniel Ricciardo estuvo de acuerdo con su compa\u00f1ero de equipo y tambi\u00e9n admiti\u00f3 ver a Alpine mejor que a McLaren en Francia. El australiano tom\u00f3 la bandera a cuadros en el noveno lugar, el mismo lugar donde comenz\u00f3, pero vio a Esteban Ocon, que comenz\u00f3 detr\u00e1s en la parrilla, cruzar la l\u00ednea de meta en octavo lugar.<\/p>\n\n\n\n<p class=\"wp-block-paragraph\">Tambi\u00e9n seg\u00fan Ricciardo, los dos puntos sumados en Le Castellet no son suficientes para que est\u00e9 satisfecho con la actuaci\u00f3n en Paul Ricard: el australiano tambi\u00e9n analiz\u00f3 su propio rendimiento en Le Castellet.<\/p>\n\n\n\n<figure class=\"wp-block-image size-large\"><img decoding=\"async\" src=\"https:\/\/www.grandepremio.com\/br\/wp-content\/uploads\/2022\/07\/mclaren-danielricciardo-01-afp-1-1024x683.jpg\" alt=\"\" class=\"wp-image-597741\"\/><figcaption>Daniel Ricciardo durante el GP de Francia (Foto: AFP)<\/figcaption><\/figure>\n\n\n\n<p class=\"wp-block-paragraph\">&#8220;Estuvo bien. Nos quedamos en los puntos, pero no es suficiente para dejarme muy satisfecho. Yo estaba &#8216;aguantando&#8217; el ritmo. En medio de la tanda, los otros (pilotos) se las arreglaban para mantener la velocidad, y a mi como que se cay\u00f3. No pude usar al m\u00e1ximo los neum\u00e1ticos y el agarre. No creo que haya sido agresivo con los neum\u00e1ticos, as\u00ed que fue simplemente una cuesti\u00f3n de no poder hacer lo que hicieron los dem\u00e1s&#8221;, dijo.<\/p>\n\n\n\n<p class=\"wp-block-paragraph\">&#8220;Fue complicado. Tuve que defenderme cuando en realidad quer\u00eda atacar. Trat\u00e9 de mantener a Ocon el mayor tiempo posible, pero el Alpine fue un poco m\u00e1s r\u00e1pido hoy. Incluso logr\u00e9 sostener el Aston Martin al final, pero s\u00ed, quiero estar persiguiendo coches \u2013 y no defenderme de los dem\u00e1s\u201d, agreg\u00f3 Ricciardo.<\/p>\n","protected":false},"excerpt":{"rendered":"<p>Norris y Ricciardo estuvieron de acuerdo con el ritmo m\u00e1s fuerte de Alpine, pero no coincidieron con el desempe\u00f1o de McLaren en Paul Ricard.<\/p>\n","protected":false},"author":0,"featured_media":1010076735,"comment_status":"closed","ping_status":"closed","sticky":false,"template":"","format":"standard","meta":{"42wp_featured_image_caption":"","42wp_featured_image_credits":"","42wp_featured_video":"","42wp_featured_image_hidden":false,"42wp_authors_list":[],"footnotes":""},"categories":[5],"tags":[678,365,181,1495,179,215,1428,268,201,269,200],"42wp_author":[14233],"class_list":["post-22294","post","type-post","status-publish","format-standard","has-post-thumbnail","hentry","category-f1","tag-alpine","tag-daniel-ricciardo","tag-f1","tag-f1-2022","tag-formula-1","tag-francia","tag-gp-de-francia","tag-lando-norris","tag-le-castellet","tag-mclaren","tag-paul-ricard","42wp_author-eric-calduch"],"_links":{"self":[{"href":"https:\/\/grandepremio.com\/es\/wp-json\/wp\/v2\/posts\/22294","targetHints":{"allow":["GET"]}}],"collection":[{"href":"https:\/\/grandepremio.com\/es\/wp-json\/wp\/v2\/posts"}],"about":[{"href":"https:\/\/grandepremio.com\/es\/wp-json\/wp\/v2\/types\/post"}],"replies":[{"embeddable":true,"href":"https:\/\/grandepremio.com\/es\/wp-json\/wp\/v2\/comments?post=22294"}],"version-history":[{"count":0,"href":"https:\/\/grandepremio.com\/es\/wp-json\/wp\/v2\/posts\/22294\/revisions"}],"wp:featuredmedia":[{"embeddable":true,"href":"https:\/\/grandepremio.com\/es\/wp-json\/wp\/v2\/media\/1010076735"}],"wp:attachment":[{"href":"https:\/\/grandepremio.com\/es\/wp-json\/wp\/v2\/media?parent=22294"}],"wp:term":[{"taxonomy":"category","embeddable":true,"href":"https:\/\/grandepremio.com\/es\/wp-json\/wp\/v2\/categories?post=22294"},{"taxonomy":"post_tag","embeddable":true,"href":"https:\/\/grandepremio.com\/es\/wp-json\/wp\/v2\/tags?post=22294"},{"taxonomy":"42wp_author","embeddable":true,"href":"https:\/\/grandepremio.com\/es\/wp-json\/wp\/v2\/42wp_author?post=22294"}],"curies":[{"name":"wp","href":"https:\/\/api.w.org\/{rel}","templated":true}]}}