{"id":22316,"date":"2022-07-23T15:40:49","date_gmt":"2022-07-23T18:40:49","guid":{"rendered":"https:\/\/grandepremio.com\/es\/2022\/07\/23\/russell-distancia-preocupante-francia\/"},"modified":"2022-07-23T15:40:50","modified_gmt":"2022-07-23T18:40:50","slug":"russell-distancia-preocupante-francia","status":"publish","type":"post","link":"https:\/\/grandepremio.com\/es\/f1\/russell-distancia-preocupante-francia\/","title":{"rendered":"Russell ve &#8220;distancia preocupante&#8221; con l\u00edderes en Francia: &#8220;Lejos de lo que esper\u00e1bamos&#8221;"},"content":{"rendered":"\n<p class=\"wp-block-paragraph\">George Russell asegur\u00f3 la sexta plaza de <a href=\"https:\/\/grandepremio.com\/es\/\/f1\/charles-leclerc-pole-francia-formula-1\/\" target=\"_blank\" rel=\"noreferrer noopener\">la parrilla de salida del GP de Francia<\/a> en la clasificaci\u00f3n de este s\u00e1bado y completar\u00e1 la tercera fila de parrilla junto a Lando Norris, que le super\u00f3 tras cruzar la l\u00ednea de meta. El brit\u00e1nico admiti\u00f3 su frustraci\u00f3n por un error en la \u00faltima vuelta que le cost\u00f3 la quinta posici\u00f3n y sobre todo la diferencia de velocidad con los coches de delante.<\/p>\n\n\n\n<p class=\"wp-block-paragraph\">\u201cComo equipo, probablemente est\u00e1bamos un poco m\u00e1s lejos de lo que esper\u00e1bamos despu\u00e9s de ayer\u201d, admiti\u00f3 Russell. \u201cPersonalmente, apret\u00e9 para la Q3 y estaba cogiendo un buen ritmo, pero comet\u00ed un error en mi \u00faltima vuelta. Preocupa m\u00e1s la distancia que las posiciones finales\u201d, reconoci\u00f3 el brit\u00e1nico.<\/p>\n\n\n\n<p class=\"wp-block-paragraph\"><strong>\u00a1Conoce el canal de Grande Pr\u00eamio en Espa\u00f1ol en&nbsp;<a href=\"https:\/\/www.youtube.com\/channel\/UCDxWojGVUi9gWYhrY0pGbIQ\" target=\"_blank\" rel=\"noreferrer noopener\">YouTube<\/a>!<br>\u00a1Sigue a&nbsp;Grande Pr\u00eamio en Espa\u00f1ol&nbsp;en&nbsp;<a href=\"https:\/\/twitter.com\/grandepremioES\" target=\"_blank\" rel=\"noreferrer noopener\">Twitter&nbsp;<\/a>y en&nbsp;<a href=\"https:\/\/www.instagram.com\/grandepremioes\/\" target=\"_blank\" rel=\"noreferrer noopener\">Instagram<\/a>!<\/strong><\/p>\n\n\n\n<figure class=\"wp-block-image size-large\"><img decoding=\"async\" src=\"https:\/\/www.grandepremio.com\/br\/wp-content\/uploads\/2022\/07\/mercedes-georgerussell-02-3-1024x683.jpg\" alt=\"\" class=\"wp-image-594442\"\/><figcaption>A Russell no le gust\u00f3 la distancia con los coches de delante en Francia (Foto: Mercedes)<\/figcaption><\/figure>\n\n\n\n<p class=\"wp-block-paragraph\">A pesar de la distancia, Russell a\u00fan espera estar m\u00e1s cerca de los coches de adelante durante la carrera. El brit\u00e1nico asegur\u00f3 que Mercedes ha conseguido cerrar esa brecha de ritmo de carrera y habl\u00f3 de acercarse a la pelea con Sergio P\u00e9rez. Charles Leclerc y Max Verstappen, en cambio, estar\u00edan a un ritmo m\u00e1s complicado de alcanzar, seg\u00fan \u00e9l.<\/p>\n\n\n\n<p class=\"wp-block-paragraph\">&#8220;Somos el \u00fanico equipo que logra cerrar la brecha con los coches delanteros [Ferrari y Red Bull] el domingo en comparaci\u00f3n con el s\u00e1bado&#8221;, dijo. &#8220;Ojal\u00e1 Lewis [Hamilton] y yo podamos acercarnos a &#8216;Checo&#8217; [P\u00e9rez] porque Charles [Leclerc] y Max [Verstappen] son \u200b\u200bdemasiado r\u00e1pidos para nosotros en este momento&#8221;, afirm\u00f3.<\/p>\n\n\n\n<p class=\"wp-block-paragraph\">Finalmente, Russell evalu\u00f3 la posici\u00f3n perdida por Norris hacia el final de la clasificaci\u00f3n, habiendo completado su \u00faltima vuelta, con un error. A pesar del resultado, George mostr\u00f3 confianza en el ritmo de Mercedes y argument\u00f3 que el trabajo previo a la clasificaci\u00f3n indica que el coche naranja no ser\u00e1 un problema en la carrera.<\/p>\n\n\n\n<p class=\"wp-block-paragraph\">\u201cEllos [McLaren] siempre han mostrado un gran ritmo de clasificaci\u00f3n, pero con el ritmo que mostramos ayer, deber\u00edamos vencerlos c\u00f3modamente\u201d, finaliz\u00f3.<\/p>\n","protected":false},"excerpt":{"rendered":"<p>George Russell  admiti\u00f3 su frustraci\u00f3n por la distancia con los coches de Ferrari y Red Bull durante la clasificaci\u00f3n del GP de Francia.<\/p>\n","protected":false},"author":0,"featured_media":1010076095,"comment_status":"closed","ping_status":"closed","sticky":false,"template":"","format":"standard","meta":{"42wp_featured_image_caption":"","42wp_featured_image_credits":"","42wp_featured_video":"","42wp_featured_image_hidden":false,"42wp_authors_list":[],"footnotes":""},"categories":[5],"tags":[355,181,1495,179,215,253,1428,201,197,200],"42wp_author":[14233],"class_list":["post-22316","post","type-post","status-publish","format-standard","has-post-thumbnail","hentry","category-f1","tag-clasificacion","tag-f1","tag-f1-2022","tag-formula-1","tag-francia","tag-george-russell","tag-gp-de-francia","tag-le-castellet","tag-mercedes","tag-paul-ricard","42wp_author-eric-calduch"],"_links":{"self":[{"href":"https:\/\/grandepremio.com\/es\/wp-json\/wp\/v2\/posts\/22316","targetHints":{"allow":["GET"]}}],"collection":[{"href":"https:\/\/grandepremio.com\/es\/wp-json\/wp\/v2\/posts"}],"about":[{"href":"https:\/\/grandepremio.com\/es\/wp-json\/wp\/v2\/types\/post"}],"replies":[{"embeddable":true,"href":"https:\/\/grandepremio.com\/es\/wp-json\/wp\/v2\/comments?post=22316"}],"version-history":[{"count":0,"href":"https:\/\/grandepremio.com\/es\/wp-json\/wp\/v2\/posts\/22316\/revisions"}],"wp:featuredmedia":[{"embeddable":true,"href":"https:\/\/grandepremio.com\/es\/wp-json\/wp\/v2\/media\/1010076095"}],"wp:attachment":[{"href":"https:\/\/grandepremio.com\/es\/wp-json\/wp\/v2\/media?parent=22316"}],"wp:term":[{"taxonomy":"category","embeddable":true,"href":"https:\/\/grandepremio.com\/es\/wp-json\/wp\/v2\/categories?post=22316"},{"taxonomy":"post_tag","embeddable":true,"href":"https:\/\/grandepremio.com\/es\/wp-json\/wp\/v2\/tags?post=22316"},{"taxonomy":"42wp_author","embeddable":true,"href":"https:\/\/grandepremio.com\/es\/wp-json\/wp\/v2\/42wp_author?post=22316"}],"curies":[{"name":"wp","href":"https:\/\/api.w.org\/{rel}","templated":true}]}}