{"id":22326,"date":"2022-07-23T11:38:06","date_gmt":"2022-07-23T14:38:06","guid":{"rendered":"https:\/\/grandepremio.com\/es\/2022\/07\/23\/williams-logan-sargeant-ensayos-f1\/"},"modified":"2022-07-23T11:38:09","modified_gmt":"2022-07-23T14:38:09","slug":"williams-logan-sargeant-ensayos-f1","status":"publish","type":"post","link":"https:\/\/grandepremio.com\/es\/f1\/williams-logan-sargeant-ensayos-f1\/","title":{"rendered":"Williams alaba y considera poner a Sargeant en los ensayos de la F1: &#8220;Merece pilotar el coche&#8221;"},"content":{"rendered":"\n<p class=\"wp-block-paragraph\">Los buenos resultados de Logan Sargeant en la F2 han complacido a Williams, hasta el punto de que el equipo ha admitido que &#8220;ser\u00eda obvio&#8221; ponerle en una sesi\u00f3n de entrenamientos libres en la F\u00f3rmula 1 esta temporada. Seg\u00fan el reglamento, los equipos est\u00e1n obligados a dar dos sesiones a lo largo del a\u00f1o a los pilotos novatos, y el estadounidense forma parte del programa de j\u00f3venes pilotos de la base de Grove.<\/p>\n\n\n\n<p class=\"wp-block-paragraph\">Sargeant ha ganado las dos \u00faltimas carreras importantes del Campeonato Mundial de F2 2022, en Inglaterra y Austria. Adem\u00e1s, <a href=\"https:\/\/grandepremio.com\/es\/\/f2\/sargeant-bate-iwasa-pole-paul-ricard\/\">saldr\u00e1 desde la pole position en el GP de Francia<\/a>. Con sus recientes logros, el estadounidense ha subido al segundo puesto de la tabla y est\u00e1 a 39 puntos del l\u00edder Felipe Drugovich.<\/p>\n\n\n\n<p class=\"wp-block-paragraph\"><strong><strong><strong>\u00a1Conoce el canal de Grande Pr\u00eamio en Espa\u00f1ol en\u00a0<a href=\"https:\/\/www.youtube.com\/channel\/UCDxWojGVUi9gWYhrY0pGbIQ\" target=\"_blank\" rel=\"noreferrer noopener\">YouTube<\/a>!<br>\u00a1Sigue a\u00a0Grande Pr\u00eamio en Espa\u00f1ol\u00a0en\u00a0<a href=\"https:\/\/twitter.com\/grandepremioES\" target=\"_blank\" rel=\"noreferrer noopener\">Twitter\u00a0<\/a>y en\u00a0<a href=\"https:\/\/www.instagram.com\/grandepremioes\/\" target=\"_blank\" rel=\"noreferrer noopener\">Instagram<\/a>!<\/strong><\/strong><\/strong><\/p>\n\n\n\n<figure class=\"wp-block-image size-full\"><img decoding=\"async\" src=\"https:\/\/www.grandepremio.com\/br\/wp-content\/uploads\/2022\/07\/Sargent.jpeg\" alt=\"\" class=\"wp-image-597339\"\/><figcaption>Logan Sargeant, poleman de la F2 en Paul Ricard (Foto: Reproducci\u00f3n\/F2)<\/figcaption><\/figure>\n\n\n\n<p class=\"wp-block-paragraph\">&#8220;Creo que ser\u00eda obvio&#8221;, dijo el jefe de Williams, Jost Capito, cuando se le pregunt\u00f3 sobre la posibilidad de que Sargeant condujera el FW44. &#8220;Todav\u00eda no lo hemos confirmado, pero est\u00e1 claro que nuestra academia de pilotos est\u00e1 trabajando muy bien&#8221;, subray\u00f3.<\/p>\n\n\n\n<p class=\"wp-block-paragraph\">&#8220;Han sido tres buenos resultados recientemente, Logan ha ganado las dos \u00faltimas carreras en F2, puso el coche en la pole ayer, as\u00ed que creo que merece conducir el coche [Williams]&#8221;, a\u00f1adi\u00f3 Capito. A falta de diez carreras, el GP de Estados Unidos ser\u00eda un escenario m\u00e1s probable para la participaci\u00f3n de Sargeant en los entrenamientos.<\/p>\n\n\n\n<p class=\"wp-block-paragraph\">Al jefe de la tradicional escuder\u00eda brit\u00e1nica tambi\u00e9n se le pregunt\u00f3 si el piloto de 21 a\u00f1os ser\u00eda candidato a un puesto en la parrilla de la F1 ya en 2023, y brome\u00f3 sobre el tema: &#8220;Ser\u00eda un gran dolor de cabeza, \u00bfno? He tenido cosas peores&#8221;, brome\u00f3.<\/p>\n\n\n\n<p class=\"wp-block-paragraph\"><strong>VER TAMBI\u00c9N<br><a href=\"https:\/\/grandepremio.com\/es\/\/f1\/alpine-permanencia-alonso-ceder-piastri-2023\/\">Alpine se\u00f1ala permanencia de Alonso y se plantea ceder a Piastri en 2023<\/a><br><a href=\"https:\/\/grandepremio.com\/es\/\/f1\/verstappen-hablar-politica-f1-actuar\/\">Verstappen reclama el hablar de \u201cpol\u00edtica\u201d y dice que \u201cF1 es qui\u00e9n tiene que actuar&#8221;<\/a><\/strong><\/p>\n\n\n\n<p class=\"wp-block-paragraph\">La cuesti\u00f3n de la F1, de hecho, choca con la superlicencia. Capito explic\u00f3 que Sargeant necesita terminar entre los cinco primeros en el campeonato de F2 para ganar los puntos. &#8220;En este momento todo parece bien, pero las cosas pueden cambiar muy r\u00e1pidamente. As\u00ed que que es complicado tomar decisiones sobre un piloto de F2 antes del final de la temporada&#8221;, reflexion\u00f3.<\/p>\n\n\n\n<p class=\"wp-block-paragraph\">&#8220;Por supuesto que estamos impresionados, es su primera temporada en F2 y no le estamos poniendo ninguna presi\u00f3n. As\u00ed que tiene tiempo para crecer&#8221;, continu\u00f3 Capito, se\u00f1alando que lo que m\u00e1s le ha llamado la atenci\u00f3n es lo r\u00e1pido que Sargeant se ha acostumbrado al coche y tambi\u00e9n lo cuidadoso que es el piloto con los neum\u00e1ticos.<\/p>\n\n\n\n<p class=\"wp-block-paragraph\">&#8220;La forma en que consigui\u00f3 la pole ayer fue realmente impresionante. Estoy totalmente convencido de que estar\u00e1 en un coche de F1 en el futuro&#8221;, concluy\u00f3 el jefe de Williams.<\/p>\n\n\n\n<p class=\"wp-block-paragraph\">En cuanto a la participaci\u00f3n de los novatos en los libres, Williams ya ha cumplido con parte del reglamento en Espa\u00f1a, con Nyck de Vries tomando el volante de Alexander Albon en los FP1.<\/p>\n","protected":false},"excerpt":{"rendered":"<p>El jefe de Williams, Jost Capito, lleg\u00f3 a bromear diciendo que &#8220;ser\u00eda un dolor de cabeza&#8221; ver a Logan Sargeant creciendo en la temporada 2022 de F2 y pujando por un puesto en la F1 en 2023.<\/p>\n","protected":false},"author":0,"featured_media":1010076042,"comment_status":"closed","ping_status":"closed","sticky":false,"template":"","format":"standard","meta":{"42wp_featured_image_caption":"","42wp_featured_image_credits":"","42wp_featured_video":"","42wp_featured_image_hidden":false,"42wp_authors_list":[],"footnotes":""},"categories":[5],"tags":[181,1495,179,2369,1488,2237,1222,285,204],"42wp_author":[14234],"class_list":["post-22326","post","type-post","status-publish","format-standard","has-post-thumbnail","hentry","category-f1","tag-f1","tag-f1-2022","tag-formula-1","tag-formula-1-hoy","tag-grande-premio","tag-grandepremio","tag-jost-capito","tag-logan-sargeant","tag-williams","42wp_author-douglas-rocha"],"_links":{"self":[{"href":"https:\/\/grandepremio.com\/es\/wp-json\/wp\/v2\/posts\/22326","targetHints":{"allow":["GET"]}}],"collection":[{"href":"https:\/\/grandepremio.com\/es\/wp-json\/wp\/v2\/posts"}],"about":[{"href":"https:\/\/grandepremio.com\/es\/wp-json\/wp\/v2\/types\/post"}],"replies":[{"embeddable":true,"href":"https:\/\/grandepremio.com\/es\/wp-json\/wp\/v2\/comments?post=22326"}],"version-history":[{"count":0,"href":"https:\/\/grandepremio.com\/es\/wp-json\/wp\/v2\/posts\/22326\/revisions"}],"wp:featuredmedia":[{"embeddable":true,"href":"https:\/\/grandepremio.com\/es\/wp-json\/wp\/v2\/media\/1010076042"}],"wp:attachment":[{"href":"https:\/\/grandepremio.com\/es\/wp-json\/wp\/v2\/media?parent=22326"}],"wp:term":[{"taxonomy":"category","embeddable":true,"href":"https:\/\/grandepremio.com\/es\/wp-json\/wp\/v2\/categories?post=22326"},{"taxonomy":"post_tag","embeddable":true,"href":"https:\/\/grandepremio.com\/es\/wp-json\/wp\/v2\/tags?post=22326"},{"taxonomy":"42wp_author","embeddable":true,"href":"https:\/\/grandepremio.com\/es\/wp-json\/wp\/v2\/42wp_author?post=22326"}],"curies":[{"name":"wp","href":"https:\/\/api.w.org\/{rel}","templated":true}]}}