{"id":22331,"date":"2022-07-23T09:04:42","date_gmt":"2022-07-23T12:04:42","guid":{"rendered":"https:\/\/grandepremio.com\/es\/2022\/07\/23\/verstappen-hablar-politica-f1-actuar\/"},"modified":"2022-07-23T09:04:43","modified_gmt":"2022-07-23T12:04:43","slug":"verstappen-hablar-politica-f1-actuar","status":"publish","type":"post","link":"https:\/\/grandepremio.com\/es\/f1\/verstappen-hablar-politica-f1-actuar\/","title":{"rendered":"Verstappen reclama el hablar de \u201cpol\u00edtica\u201d y dice que \u201cF1 es qui\u00e9n tiene que actuar&#8221;"},"content":{"rendered":"\n<p class=\"wp-block-paragraph\">Los numerosos casos de acoso en las gradas del <a href=\"https:\/\/grandepremio.com\/es\/\/categoria\/f1\/\" target=\"_blank\" rel=\"noreferrer noopener\">GP de Austria<\/a> a\u00fan repercuten en la F\u00f3rmula 1 e, inevitablemente, el foco acaba girando hacia Max Verstappen, ya que tales actitudes proced\u00edan principalmente de quienes dicen ser sus fans. Pero el piloto de Red Bull admiti\u00f3 que no est\u00e1 nada satisfecho con las quejas que ha recibido por posicionamiento, criticando la &#8220;pol\u00edtica&#8221; que se ha apoderado del paddock de la categor\u00eda.<\/p>\n\n\n\n<p class=\"wp-block-paragraph\">En Francia, donde la F1 celebra la 12\u00aa prueba del calendario 2022, Verstappen fue nuevamente cuestionado por la prensa si considerar\u00eda usar las redes sociales para hablar sobre el tema con los aficionados. Y el holand\u00e9s fue directo: \u201cNo necesariamente creo que solo yo tenga que hablar. Eso es lo que hice en la rueda de prensa, porque creo que esto tiene mucha m\u00e1s tracci\u00f3n que cualquier otra cosa&#8221;.<\/p>\n\n\n\n<p class=\"wp-block-paragraph\"><strong><strong>\u00a1Conoce el canal de Grande Pr\u00eamio en Espa\u00f1ol en\u00a0<a href=\"https:\/\/www.youtube.com\/channel\/UCDxWojGVUi9gWYhrY0pGbIQ\" target=\"_blank\" rel=\"noreferrer noopener\">YouTube<\/a>!<br>\u00a1Sigue a\u00a0Grande Pr\u00eamio en Espa\u00f1ol\u00a0en\u00a0<a href=\"https:\/\/twitter.com\/grandepremioES\" target=\"_blank\" rel=\"noreferrer noopener\">Twitter\u00a0<\/a>y en\u00a0<a href=\"https:\/\/www.instagram.com\/grandepremioes\/\" target=\"_blank\" rel=\"noreferrer noopener\">Instagram<\/a>!<\/strong><\/strong><\/p>\n\n\n\n<figure class=\"wp-block-image size-large\"><img decoding=\"async\" src=\"https:\/\/www.grandepremio.com\/br\/wp-content\/uploads\/2022\/07\/SI202207100336_hires_jpeg_24bit_rgb-scaled-e1657878556348-1024x558.jpg\" alt=\"\" class=\"wp-image-595066\"\/><figcaption>Fans, principalmente mujeres, relataron muchos casos de acoso en el Red Bull Ring durante el GP de Austria de F\u00f3rmula 1 (Foto: Red Bull Content Pool)<\/figcaption><\/figure>\n\n\n\n<p class=\"wp-block-paragraph\">\u201cSi realmente tengo que hablar de todo en el mundo, estar\u00e9 en las redes sociales todo el tiempo. Hay un lugar y un tiempo para eso\u201d, continu\u00f3 el #1, incluso admitiendo que est\u00e1 cansado de hablar solo de pol\u00edtica en entrevistas recientes.<\/p>\n\n\n\n<p class=\"wp-block-paragraph\">\u201cMe doy cuenta de que hace un a\u00f1o que de lo \u00fanico que hablo es de pol\u00edtica. Mientras que, al final del d\u00eda, soy un piloto de F\u00f3rmula 1. Por supuesto, cuando me preguntan, digo lo que pienso sobre la situaci\u00f3n, pero no deber\u00eda haber este tipo de movimiento pol\u00edtico detr\u00e1s\u201d, argument\u00f3.<\/p>\n\n\n\n<p class=\"wp-block-paragraph\">Tan pronto como tuvo conocimiento de los casos de acoso, la F1 emiti\u00f3 una nota de repudio, diciendo que tal actitud no ser\u00eda tolerada. Lewis Hamilton, por ejemplo, pidi\u00f3 acciones m\u00e1s contundentes por parte de la categor\u00eda, mientras que Sebastian Vettel dijo que tales actitudes deber\u00edan prohibirse para siempre en los circuitos. Sin embargo, todav\u00eda no ha habido ninguna acci\u00f3n de la categor\u00eda, y mucho menos de la FIA.<\/p>\n\n\n\n<p class=\"wp-block-paragraph\">Verstappen respald\u00f3 el discurso de sus compa\u00f1eros sobre la responsabilidad del deporte para frenar no solo los casos de acoso, sino tambi\u00e9n el racismo y la homofobia, que tambi\u00e9n se han denunciado en el Red Bull Ring. \u201cAl final del d\u00eda, soy un piloto en este deporte. Las personas pueden incluso ser mis fans, pero tambi\u00e9n son fans del deporte. Algunos se portan mal. El deporte tiene que actuar, no es el piloto quien tiene que actuar\u201d, concluy\u00f3.<\/p>\n\n\n\n<p class=\"wp-block-paragraph\">Durante el fin de semana en Austria, varios aficionados utilizaron las redes sociales para compartir casos de acoso sufridos en las gradas. Uno de los casos que m\u00e1s llam\u00f3 la atenci\u00f3n fue el de la seguidora de Lewis Hamilton, a quien un grupo de hombres le levant\u00f3 el vestido y escuch\u00f3 que los fans ingleses no merec\u00edan respeto.<\/p>\n\n\n\n<p class=\"wp-block-paragraph\">Verstappen ya se hab\u00eda pronunciado sobre el caso. En ese momento, dijo que era el tipo de cosas que \u201cno deber\u00edan pasar\u201d. \u201cHe le\u00eddo algunas cosas impactantes, as\u00ed que claramente no est\u00e1 bien. Ni siquiera deber\u00eda tener que decir esto, creo que deber\u00eda entenderse en general que estas cosas no deber\u00edan suceder. Un ser humano normal deber\u00eda pensar normalmente y comportarse como tal&#8221;, complet\u00f3. <\/p>\n","protected":false},"excerpt":{"rendered":"<p>Max Verstappen reclam\u00f3 las constantes quejas que ha recibido por posicionarse, sobre todo tras los casos de acoso en las gradas de Austria.<\/p>\n","protected":false},"author":0,"featured_media":1010076012,"comment_status":"closed","ping_status":"closed","sticky":false,"template":"","format":"standard","meta":{"42wp_featured_image_caption":"","42wp_featured_image_credits":"","42wp_featured_video":"","42wp_featured_image_hidden":false,"42wp_authors_list":[],"footnotes":""},"categories":[5],"tags":[3025,181,1495,179,215,329,1428,201,249,200,3086,206],"42wp_author":[14233],"class_list":["post-22331","post","type-post","status-publish","format-standard","has-post-thumbnail","hentry","category-f1","tag-acoso-mujeres","tag-f1","tag-f1-2022","tag-formula-1","tag-francia","tag-gp-de-austria","tag-gp-de-francia","tag-le-castellet","tag-max-verstappen","tag-paul-ricard","tag-politica","tag-red-bull","42wp_author-eric-calduch"],"_links":{"self":[{"href":"https:\/\/grandepremio.com\/es\/wp-json\/wp\/v2\/posts\/22331","targetHints":{"allow":["GET"]}}],"collection":[{"href":"https:\/\/grandepremio.com\/es\/wp-json\/wp\/v2\/posts"}],"about":[{"href":"https:\/\/grandepremio.com\/es\/wp-json\/wp\/v2\/types\/post"}],"replies":[{"embeddable":true,"href":"https:\/\/grandepremio.com\/es\/wp-json\/wp\/v2\/comments?post=22331"}],"version-history":[{"count":0,"href":"https:\/\/grandepremio.com\/es\/wp-json\/wp\/v2\/posts\/22331\/revisions"}],"wp:featuredmedia":[{"embeddable":true,"href":"https:\/\/grandepremio.com\/es\/wp-json\/wp\/v2\/media\/1010076012"}],"wp:attachment":[{"href":"https:\/\/grandepremio.com\/es\/wp-json\/wp\/v2\/media?parent=22331"}],"wp:term":[{"taxonomy":"category","embeddable":true,"href":"https:\/\/grandepremio.com\/es\/wp-json\/wp\/v2\/categories?post=22331"},{"taxonomy":"post_tag","embeddable":true,"href":"https:\/\/grandepremio.com\/es\/wp-json\/wp\/v2\/tags?post=22331"},{"taxonomy":"42wp_author","embeddable":true,"href":"https:\/\/grandepremio.com\/es\/wp-json\/wp\/v2\/42wp_author?post=22331"}],"curies":[{"name":"wp","href":"https:\/\/api.w.org\/{rel}","templated":true}]}}